{"id":995,"date":"2009-09-30T11:08:05","date_gmt":"2009-09-30T10:08:05","guid":{"rendered":"http:\/\/www.prolocodeliceto.it\/zeroweb\/?p=995"},"modified":"2009-09-30T12:10:14","modified_gmt":"2009-09-30T11:10:14","slug":"un-riconoscimento-speciale","status":"publish","type":"post","link":"http:\/\/www.prolocodeliceto.it\/zeroweb\/?p=995","title":{"rendered":"Un Riconoscimento Speciale"},"content":{"rendered":"<p><strong><span style=\"font-family: Verdana; font-size: 9pt\">Un riconoscimento speciale a Michele Conte<\/span><\/strong><strong><span style=\"font-family: Verdana; font-size: 9pt\">Premiato a Brescia il nostro arbitro compaesano<\/span><\/strong><span style=\"font-family: Verdana; font-size: 9pt\"> <\/p>\n<p><\/span><span style=\"font-family: Verdana; font-size: 9pt\"><a href=\"http:\/\/www.prolocodeliceto.it\/zeroweb\/wp-content\/premiazioni-2009.jpg\" title=\"premiazioni-2009.jpg\"><img decoding=\"async\" src=\"http:\/\/www.prolocodeliceto.it\/zeroweb\/wp-content\/premiazioni-2009.thumbnail.jpg\" alt=\"premiazioni-2009.jpg\" \/><\/a><\/p>\n<p><\/span><strong><span style=\"font-family: Verdana; font-size: 9pt\">DELICETO &#8211;<\/span><\/strong><span style=\"font-family: Verdana; font-size: 9pt\"> Dopo aver tentato di sbarcare il lunario e sbaragliare gli avversari della popolare trasmissione <em>L\u2019eredit\u00e0<\/em>, Michele Conte torna a far parlare di s\u00e9. Ma questa volta gli applausi della platea sono pi\u00f9 che meritati perch\u00e9 \u00e8 riuscito a portare a casa, con soddisfazione, un premio che \u00e8 tutto un orgoglio: <em>Miglior Arbitro<\/em> di Pallavolo per la stagione sportiva 2008-2009. Sebbene gi\u00e0 annoverato tra le pagine di \u201cBrescia Oggi\u201d, non poteva mancare l\u2019elogio del mensile delicetano per questo compaesano intrepido e spavaldo, che con la sua simpatica faccia tosta si \u00e8 presentato alle telecamere di Rai 1 cos\u00ec come tutti lo conoscono\u2026 Ma per <em>Mister Ciatella<\/em> il premio appena ricevuto non \u00e8 certo l\u2019unico. Infatti, gi\u00e0 per la stagione sportiva 2006-2007, la FIPAV di Brescia gli aveva conferito il Fischietto d\u2019argento, riconoscimento che si \u00e8 andato ad aggiungere ai meriti conseguiti anche nell\u2019arbitraggio dei tornei di calcetto locale. Non resta che fare i complimenti a Michele, impavido direttore di gara, che possa continuare ad essere esempio di imparzialit\u00e0 e correttezza, nel campo e nella vita, e agli epiteti coloriti dei tifosi possa continuare a rispondere soltanto con un sorriso.<\/span><span style=\"font-family: Verdana; font-size: 9pt\"> <\/p>\n<p><\/span><strong><span style=\"font-family: Verdana; font-size: 9pt\">Antonietta Petrella<\/span><\/strong><span style=\"font-family: Verdana; font-size: 9pt\"><\/span><\/p>\n","protected":false},"excerpt":{"rendered":"<p>Un riconoscimento speciale a Michele ContePremiato a Brescia il nostro arbitro compaesano DELICETO &#8211; Dopo aver tentato di sbarcare il lunario e sbaragliare gli avversari della popolare trasmissione L\u2019eredit\u00e0, Michele Conte torna a far parlare di s\u00e9. Ma questa volta gli applausi della platea sono pi\u00f9 che meritati perch\u00e9 \u00e8 riuscito a portare a casa, [&hellip;]<\/p>\n","protected":false},"author":29,"featured_media":0,"comment_status":"open","ping_status":"open","sticky":false,"template":"","format":"standard","meta":[],"categories":[7],"tags":[],"_links":{"self":[{"href":"http:\/\/www.prolocodeliceto.it\/zeroweb\/index.php?rest_route=\/wp\/v2\/posts\/995"}],"collection":[{"href":"http:\/\/www.prolocodeliceto.it\/zeroweb\/index.php?rest_route=\/wp\/v2\/posts"}],"about":[{"href":"http:\/\/www.prolocodeliceto.it\/zeroweb\/index.php?rest_route=\/wp\/v2\/types\/post"}],"author":[{"embeddable":true,"href":"http:\/\/www.prolocodeliceto.it\/zeroweb\/index.php?rest_route=\/wp\/v2\/users\/29"}],"replies":[{"embeddable":true,"href":"http:\/\/www.prolocodeliceto.it\/zeroweb\/index.php?rest_route=%2Fwp%2Fv2%2Fcomments&post=995"}],"version-history":[{"count":0,"href":"http:\/\/www.prolocodeliceto.it\/zeroweb\/index.php?rest_route=\/wp\/v2\/posts\/995\/revisions"}],"wp:attachment":[{"href":"http:\/\/www.prolocodeliceto.it\/zeroweb\/index.php?rest_route=%2Fwp%2Fv2%2Fmedia&parent=995"}],"wp:term":[{"taxonomy":"category","embeddable":true,"href":"http:\/\/www.prolocodeliceto.it\/zeroweb\/index.php?rest_route=%2Fwp%2Fv2%2Fcategories&post=995"},{"taxonomy":"post_tag","embeddable":true,"href":"http:\/\/www.prolocodeliceto.it\/zeroweb\/index.php?rest_route=%2Fwp%2Fv2%2Ftags&post=995"}],"curies":[{"name":"wp","href":"https:\/\/api.w.org\/{rel}","templated":true}]}}