{"id":987,"date":"2009-09-18T21:30:17","date_gmt":"2009-09-18T20:30:17","guid":{"rendered":"http:\/\/www.prolocodeliceto.it\/zeroweb\/?p=987"},"modified":"2009-09-24T19:11:03","modified_gmt":"2009-09-24T18:11:03","slug":"i-100-anni-di-michele","status":"publish","type":"post","link":"http:\/\/www.prolocodeliceto.it\/zeroweb\/?p=987","title":{"rendered":"I 100 Anni di Michele"},"content":{"rendered":"<p><strong><span style=\"font-size: 10pt; font-family: Verdana\">I 100 anni di Michele<\/span><\/strong><strong><span style=\"font-size: 9pt; font-family: Verdana\"> <a href=\"http:\/\/www.prolocodeliceto.it\/zeroweb\/wp-content\/michele100-anni.jpg\" title=\"michele100-anni.jpg\"><img decoding=\"async\" src=\"http:\/\/www.prolocodeliceto.it\/zeroweb\/wp-content\/michele100-anni.thumbnail.jpg\" alt=\"michele100-anni.jpg\" \/><\/a><\/p>\n<p><\/span><\/strong><strong><span style=\"font-size: 9pt; font-family: Verdana\"><\/span><\/strong> <strong><span style=\"font-size: 9pt; font-family: Verdana\">SANT\u2019AGATA \u2013<\/span><\/strong><span style=\"font-size: 9pt; font-family: Verdana\"> Vorremmo parlare, in quest\u2019occasione, di una persona speciale che quest\u2019anno, precisamente il 25 settembre, compie la meta ambita da molti, <strong>cento anni:<\/strong> Il suo nome \u00e8 <strong>Michele Contillo<\/strong>, detto da molti <em>Ciccone<\/em>, vive con sua moglie Carmelina Marinaccio che di anni ne ha soli, si fa per dire, ottantotto. Abbiamo pensato di intervistare il signor Michele perch\u00e9 crediamo che abbia molto da insegnarci, per la voglia di vivere che mostra ogni giorno, ma soprattutto perch\u00e9 il suo matrimonio, celebrato nella Cappella di San Gerardo il 13 settembre, dura da ben 68 anni, esempio vivente che l\u2019amore eterno esiste. Il loro matrimonio ha messo al mondo quattro figli e cinque nipoti. Abbiamo fatto molte domande a Michele e Carmela, entrambi hanno risposto senza riserve, pieni di commozione nel ricordare e nel porsi in maniera genuina come insegnanti di vita, ed abbiamo potuto trarre molte notizie.<\/span><span style=\"font-size: 9pt; font-family: Verdana\">La coppia sottolinea di aver vissuto la povert\u00e0 nel lontano passato, ricordando in particolare gli anni difficili del Dopoguerra: lui ha fatto solo il militare nei bersaglieri ma non la guerra, a causa di un occhio offeso; figli entrambi di contadini non avevano nulla se non un pezzo di terra in localit\u00e0 \u201cli Triscete\u201d, dove si recavano ogni giorno con la mula e l\u2019asino che, naturalmente, convivevano nella loro casa. Fino a novantasette anni Michele \u00e8 andato a lavorare il suo orticello in campagna e, parlando delle coltivazioni che curava, ricorda con particolare piacere il buon vino che facevano (15 barili ogni anno).<\/span><span style=\"font-size: 9pt; font-family: Verdana\">Michele non esita nel dire che se potesse tornare indietro risposerebbe sua moglie: \u201cS\u00ec, perch\u00e9 mi ha dato pi\u00f9 frutto che sofferenza, mi ha aiutato molto nel lavoro dei campi\u201d. Poi, con la commozione agli occhi ha continuato dicendo: \u201cOra mi accudisce come un bambino di un anno\u201d. Al momento di scattare una foto, chiediamo ai due coniugi di mettersi in posa e scatta anche un bel bacio tra loro, poi Michele mormora, lasciandoci un po\u2019 tutti stupiti: \u201cMa a me piace dare di pi\u00f9 i bacetti a mia moglie di notte!\u201d. E\u2019 la dimostrazione che per <em>campare<\/em> <em>cento anni<\/em> c\u2019\u00e8 bisogno, in una coppia, di affetto e di stima reciproca, ma anche del \u201csesso\u201d, che nel corso degli anni si traduce in effusioni, piccoli gesti che mantengono grande l\u2019amore per la propria compagna e per la vita.<\/span><span style=\"font-size: 9pt; font-family: Verdana\"> <\/p>\n<p><\/span><strong><span style=\"font-size: 9pt; font-family: Verdana\">Mariagrazia Bonuomo<\/span><\/strong><span style=\"font-size: 9pt; font-family: Verdana\"> <\/p>\n<p><\/span><u><span style=\"font-size: 9pt; font-family: Verdana\"><span style=\"text-decoration: none\"> <\/span><\/p>\n<p><\/span><\/u><u><span style=\"font-size: 9pt; font-family: Verdana\">Non so se ho reso l\u2019idea della bellezza di queste persone compreso dei figli che si alternano a turno sacrificando le loro vite trascorse quasi per tutti al nord dove hanno trovato lavoro e famiglia. Una cosa \u00e8 venuta fuori da questa chiacchierata con i coniugi Contillo e che mi piace sottolineare, come valori che un po\u2019 tutti dovremmo perseguire come si \u00e8 fatto da sempre ma che spesso per motivi vari dimentichiamo, <span> <\/span>oltre al vino e alla salute per \u201c<em>campare<\/em>\u201d di pi\u00f9 c\u2019\u00e8 bisogno<\/span><\/u><span style=\"font-size: 9pt; font-family: Verdana\"> <\/p>\n<p><\/span><u><span style=\"font-size: 9pt; font-family: Verdana\">ciao pietro fammi sapere ps aggiungi per favore che in onore di michele contillo verr\u00e0 fatta una festa mi sono dimenticata di scriverlo.<\/span><\/u><span style=\"font-size: 9pt; font-family: Verdana\"> <\/p>\n<p><\/span><span style=\"font-size: 9pt; font-family: Verdana\"> <\/p>\n<p><\/span><u><span style=\"font-size: 9pt; font-family: Verdana\">Per tirarlo su dato il suo evidente momento di tristezza gli ho chiesto di cantarmi una canzone che ricordava e lui di certo non si \u00e8 risparmiato. \u201c<em>ero guaglione e l\u2019amore facevo, carcere non sapevo, Carcere di Foggia e tribunale di Lucera non conoscevo, e ora mi trovo in galera senza sapere perch\u00e8!<\/em> \u201c. \u201c<em>Cammina bersagliere e non si stanca mai, cammina allegramente cammina con botton<\/em>\u201d, ma \u00e8 soprattutto nello <em>Sciamano<\/em> (il don Giovanni del paese), che si esprime di pi\u00f9 aggiungendo anche il movimento delle braccia: \u201c<em>Viene lo sciamano che butta il fumo in faccia a mia sorella per corteggiarla, la prima, la seconda la terza volta, stanco di questo atteggiamento gli faccio saltare la testa, indovinate dove va a finire? A New York in America<\/em>\u201d.<\/span><\/u><span style=\"font-size: 9pt; font-family: Verdana\"> <\/p>\n<p><\/span><u><span style=\"font-size: 9pt; font-family: Verdana\">Vi lascio con una bella poesia antica che ci ha regalato la signora Carmela che certo non si \u00e8 risparmiata durante la nostra chiacchierata dedicata alla Madonna della consolazione e un saluta da parte di tutta la famiglia alla zia Lucietta vedova di Antonio Marinaccio di Deliceto con il quale sono parenti esprimendo il loro cordoglio e la loro voglia di rivederli presto.<\/span><\/u><u><span style=\"font-size: 9pt; font-family: Verdana\"><span style=\"text-decoration: none\"> <\/span><\/p>\n<p><\/span><\/u><u><span style=\"font-size: 9pt; font-family: Verdana\">\u201cMaria della consolazione, tu sei una grande signora,<\/span><\/u><u><span style=\"font-size: 9pt; font-family: Verdana\">benedici la campagna e noi poveri peccatori,<\/span><\/u><u><span style=\"font-size: 9pt; font-family: Verdana\">statti bene madonna mia devo tornare a casa mia,<\/span><\/u><u><span style=\"font-size: 9pt; font-family: Verdana\">ma se non avrei da fare con te vorrei stare<\/span><\/u><u><span style=\"font-size: 9pt; font-family: Verdana\">statti bene madonna mia ci vediamo l\u2019anno prossimo<\/span><\/u><u><span style=\"font-size: 9pt; font-family: Verdana\">e se non ci vediamo qua ci vediamo all\u2019eternit\u00e0.\u201d<\/span><\/u><u><span style=\"font-size: 9pt; font-family: Verdana\"><span style=\"text-decoration: none\"> <\/span><\/p>\n<p><\/span><\/u><u><span style=\"font-size: 9pt; font-family: Verdana\">Maria re <\/span><\/u>\n<personname ProductID=\"la Cunsulazione\"><u><span style=\"font-size: 9pt; font-family: Verdana\">la Cunsulazione<\/span><\/u><\/personname><u><span style=\"font-size: 9pt; font-family: Verdana\">, tu s\u00ec na gran segn\u00f2ra,<\/span><\/u><u><span style=\"font-size: 9pt; font-family: Verdana\">bener\u00ecce la campagna e nuje povere peccature.<\/span><\/u><u><span style=\"font-size: 9pt; font-family: Verdana\">Statte b\u00f2na Maronna mija me n\u2019aggia sc\u00ec a la ch\u00e9sa mija,<\/span><\/u><u><span style=\"font-size: 9pt; font-family: Verdana\">ma se nun avarrija che f\u00e8 nzi\u00e9me cu tt\u00e9 vularrija st\u00e9.<\/span><\/u><u><span style=\"font-size: 9pt; font-family: Verdana\">Statte b\u00f2na Maronna mija uanne che v\u00e9ne ne ver\u00ecme<\/span><\/u><u><span style=\"font-size: 9pt; font-family: Verdana\">se nun ne ver\u00ecme qua a la santissima ternet\u00e0.<\/span><\/u><\/p>\n","protected":false},"excerpt":{"rendered":"<p>I 100 anni di Michele SANT\u2019AGATA \u2013 Vorremmo parlare, in quest\u2019occasione, di una persona speciale che quest\u2019anno, precisamente il 25 settembre, compie la meta ambita da molti, cento anni: Il suo nome \u00e8 Michele Contillo, detto da molti Ciccone, vive con sua moglie Carmelina Marinaccio che di anni ne ha soli, si fa per dire, [&hellip;]<\/p>\n","protected":false},"author":29,"featured_media":0,"comment_status":"open","ping_status":"open","sticky":false,"template":"","format":"standard","meta":[],"categories":[7],"tags":[],"_links":{"self":[{"href":"http:\/\/www.prolocodeliceto.it\/zeroweb\/index.php?rest_route=\/wp\/v2\/posts\/987"}],"collection":[{"href":"http:\/\/www.prolocodeliceto.it\/zeroweb\/index.php?rest_route=\/wp\/v2\/posts"}],"about":[{"href":"http:\/\/www.prolocodeliceto.it\/zeroweb\/index.php?rest_route=\/wp\/v2\/types\/post"}],"author":[{"embeddable":true,"href":"http:\/\/www.prolocodeliceto.it\/zeroweb\/index.php?rest_route=\/wp\/v2\/users\/29"}],"replies":[{"embeddable":true,"href":"http:\/\/www.prolocodeliceto.it\/zeroweb\/index.php?rest_route=%2Fwp%2Fv2%2Fcomments&post=987"}],"version-history":[{"count":0,"href":"http:\/\/www.prolocodeliceto.it\/zeroweb\/index.php?rest_route=\/wp\/v2\/posts\/987\/revisions"}],"wp:attachment":[{"href":"http:\/\/www.prolocodeliceto.it\/zeroweb\/index.php?rest_route=%2Fwp%2Fv2%2Fmedia&parent=987"}],"wp:term":[{"taxonomy":"category","embeddable":true,"href":"http:\/\/www.prolocodeliceto.it\/zeroweb\/index.php?rest_route=%2Fwp%2Fv2%2Fcategories&post=987"},{"taxonomy":"post_tag","embeddable":true,"href":"http:\/\/www.prolocodeliceto.it\/zeroweb\/index.php?rest_route=%2Fwp%2Fv2%2Ftags&post=987"}],"curies":[{"name":"wp","href":"https:\/\/api.w.org\/{rel}","templated":true}]}}