{"id":982,"date":"2009-09-23T12:04:18","date_gmt":"2009-09-23T11:04:18","guid":{"rendered":"http:\/\/www.prolocodeliceto.it\/zeroweb\/?p=982"},"modified":"2009-09-25T12:06:30","modified_gmt":"2009-09-25T11:06:30","slug":"anteprima-di-un-gioiello","status":"publish","type":"post","link":"http:\/\/www.prolocodeliceto.it\/zeroweb\/?p=982","title":{"rendered":"ANTEPRIMA DI UN GIOIELLO"},"content":{"rendered":"<h1 style=\"margin: 0cm 0cm 0pt\"><font size=\"5\" face=\"Times New Roman\">Anteprima di un &#8220;Gioiello&#8221;<\/font><\/h1>\n<p><span style=\"font-size: 8pt\"><font face=\"Times New Roman\">A cura di Antonella Catenazzo<\/font><\/span><span style=\"font-size: 8pt\"><font face=\"Times New Roman\"> <\/font><\/span><span style=\"font-size: 8pt\"> <\/span><span style=\"font-size: 8pt\"><\/span><span style=\"font-size: 8pt\"><span style=\"font-size: 8pt\"><\/span> <span style=\"font-size: 8pt\"><a href=\"http:\/\/www.prolocodeliceto.it\/zeroweb\/wp-content\/corteo-2009-1.jpg\" title=\"corteo-2009-1.jpg\"><img decoding=\"async\" loading=\"lazy\" src=\"http:\/\/www.prolocodeliceto.it\/zeroweb\/wp-content\/corteo-2009-1.thumbnail.jpg\" alt=\"corteo-2009-1.jpg\" style=\"width: 195px; height: 159px\" height=\"112\" width=\"150\" \/><\/a><\/span><\/span><\/p>\n<p style=\"margin: 0cm 0cm 0pt\" class=\"MsoNormal\"><font face=\"Times New Roman\">Si dice che tutto arrivi a chi sa aspettare. E certo Deliceto aspettava questo momento da molto, ma infine siamo stati ricompensati. Per gli appassionati del genere, ma non solo.<\/font><\/p>\n<p style=\"margin: 0cm 0cm 0pt\" class=\"MsoNormal\"><font face=\"Times New Roman\">Il momento tanto atteso era la possibilit\u00e0 di riammirare il Castello Normanno-Svevo.<\/font><\/p>\n<p style=\"margin: 0cm 0cm 0pt\" class=\"MsoNormal\"><font face=\"Times New Roman\">Un\u2019altra occasione che quest\u2019anno si \u00e8 fatta aspettare e che i maligni davano ormai per persa: la Rievocazione Storica.<\/font><\/p>\n<p style=\"margin: 0cm 0cm 0pt\" class=\"MsoNormal\"><font face=\"Times New Roman\">Ma la Pro-Loco stava preparando il colpo gobbo.<\/font><\/p>\n<p style=\"margin: 0cm 0cm 0pt\" class=\"MsoNormal\"><font face=\"Times New Roman\">E cos\u00ec, due piccioni con una fava, e quest\u2019anno la Rievocazione Storica si \u00e8 svolta tra le storiche mura del Castello.<\/font><\/p>\n<p style=\"margin: 0cm 0cm 0pt\" class=\"MsoNormal\"><font face=\"Times New Roman\">Riprende in originalit\u00e0, in ogni senso.<\/font><\/p>\n<p style=\"margin: 0cm 0cm 0pt\" class=\"MsoNormal\"><font face=\"Times New Roman\">In primo luogo, come ha fatto notare il presidente della Pro-Loco, Benvenuto Baldassarro, la manifestazione ritorna alle origini, e dopo la bellezza di 27 anni.<\/font><\/p>\n<p style=\"margin: 0cm 0cm 0pt\" class=\"MsoNormal\"><font face=\"Times New Roman\">Fu infatti nell\u2019ormai lontano 1983 che la prima edizione della manifestazione ebbe luogo.<\/font><\/p>\n<p style=\"margin: 0cm 0cm 0pt\" class=\"MsoNormal\"><font face=\"Times New Roman\">27 edizioni dopo, eccoci di nuovo qui. A dimostrazione del fatto che Deliceto ci tiene alle tradizioni.<\/font><\/p>\n<p style=\"margin: 0cm 0cm 0pt\" class=\"MsoNormal\"><font face=\"Times New Roman\">Originale, poi, anche nella strutturazione della manifestazione, che quest\u2019anno riprendeva l\u2019evento nella sua forma pura.<\/font><\/p>\n<p style=\"margin: 0cm 0cm 0pt\" class=\"MsoNormal\"><font face=\"Times New Roman\">Oggetto della rievocazione \u00e8 infatti la Cerimonia di Insediamento a Marchese di Iliceto di Antonio I Piccolomini.<\/font><\/p>\n<p style=\"margin: 0cm 0cm 0pt\" class=\"MsoNormal\"><font face=\"Times New Roman\">E quest\u2019anno la manifestazione riprendeva quell\u2019esatta atmosfera del 1463.<\/font><\/p>\n<p style=\"margin: 0cm 0cm 0pt\" class=\"MsoNormal\"><font face=\"Times New Roman\">Stesso luogo, stessa aria, stessa partecipazione.<\/font><\/p>\n<p style=\"margin: 0cm 0cm 0pt\" class=\"MsoNormal\"><font face=\"Times New Roman\">Stessa impostazione, a ben vedere.<\/font><\/p>\n<p style=\"margin: 0cm 0cm 0pt\" class=\"MsoNormal\"><font face=\"Times New Roman\">Il corteo, dopo aver percorso il ri-celebrato Corso Margherita, \u00e8 giunto al Castello, dove il marchese Piccolomini e sua moglie, Donna Maria D\u2019Aragona, hanno preso posto sul trono, col loro seguito di nobili e dame, il vescovo di Melfi, messo del papa, chiarine e sbandieratori.<\/font><\/p>\n<p style=\"margin: 0cm 0cm 0pt\" class=\"MsoNormal\"><font face=\"Times New Roman\">E per un\u2019ora non c\u2019\u00e8 stato pi\u00f9 il Castello, non era pi\u00f9 il 2009.<\/font><\/p>\n<p style=\"margin: 0cm 0cm 0pt\" class=\"MsoNormal\"><font face=\"Times New Roman\">Prima una breve introduzione all\u2019epoca storica dei fatti, poi la Cerimonia di Insediamento e la consegna delle chiavi del Castello. Infine i mirabolanti esercizi di abilit\u00e0 degli sbandieratori Federiciani di Lucera.<\/font><\/p>\n<p style=\"margin: 0cm 0cm 0pt\" class=\"MsoNormal\"><font face=\"Times New Roman\">E in ultimo, ma non ultimo, proprio come sicuramente dev\u2019essere stato all\u2019epoca, il banchetto per il popolo.<\/font><\/p>\n<p style=\"margin: 0cm 0cm 0pt\" class=\"MsoNormal\"><font face=\"Times New Roman\">Magari un po\u2019 mutato, ma, vista la serata fredda, senz\u2019altro indicato: frittata, fagioli, vino e i tradizionali \u201ccicc\u2019 cuott\u2019\u201d (e i delicetani doc sanno di cosa parlo).<\/font><\/p>\n<p style=\"margin: 0cm 0cm 0pt\" class=\"MsoNormal\"><font face=\"Times New Roman\">Appropriato anche l\u2019intervento del sindaco Montanino che ha ricordato come la possibilit\u00e0 di ammirare ancora oggi il castello sia stata possibile grazie all\u2019impegno di tutte le amministrazioni, passate e presenti.<\/font><\/p>\n<p style=\"margin: 0cm 0cm 0pt\" class=\"MsoNormal\"><font face=\"Times New Roman\">E certo questo \u00e8 forse solo un primo passo.<\/font><\/p>\n<p style=\"margin: 0cm 0cm 0pt\" class=\"MsoNormal\"><font face=\"Times New Roman\">Ma si pu\u00f2 dire che finalmente il Castello di Deliceto, anche solo per una volta, ha riaperto i suoi restaurati battenti.<\/font><\/p>\n","protected":false},"excerpt":{"rendered":"<p>Anteprima di un &#8220;Gioiello&#8221; A cura di Antonella Catenazzo Si dice che tutto arrivi a chi sa aspettare. E certo Deliceto aspettava questo momento da molto, ma infine siamo stati ricompensati. Per gli appassionati del genere, ma non solo. Il momento tanto atteso era la possibilit\u00e0 di riammirare il Castello Normanno-Svevo. Un\u2019altra occasione che quest\u2019anno [&hellip;]<\/p>\n","protected":false},"author":29,"featured_media":0,"comment_status":"open","ping_status":"open","sticky":false,"template":"","format":"standard","meta":[],"categories":[7],"tags":[],"_links":{"self":[{"href":"http:\/\/www.prolocodeliceto.it\/zeroweb\/index.php?rest_route=\/wp\/v2\/posts\/982"}],"collection":[{"href":"http:\/\/www.prolocodeliceto.it\/zeroweb\/index.php?rest_route=\/wp\/v2\/posts"}],"about":[{"href":"http:\/\/www.prolocodeliceto.it\/zeroweb\/index.php?rest_route=\/wp\/v2\/types\/post"}],"author":[{"embeddable":true,"href":"http:\/\/www.prolocodeliceto.it\/zeroweb\/index.php?rest_route=\/wp\/v2\/users\/29"}],"replies":[{"embeddable":true,"href":"http:\/\/www.prolocodeliceto.it\/zeroweb\/index.php?rest_route=%2Fwp%2Fv2%2Fcomments&post=982"}],"version-history":[{"count":0,"href":"http:\/\/www.prolocodeliceto.it\/zeroweb\/index.php?rest_route=\/wp\/v2\/posts\/982\/revisions"}],"wp:attachment":[{"href":"http:\/\/www.prolocodeliceto.it\/zeroweb\/index.php?rest_route=%2Fwp%2Fv2%2Fmedia&parent=982"}],"wp:term":[{"taxonomy":"category","embeddable":true,"href":"http:\/\/www.prolocodeliceto.it\/zeroweb\/index.php?rest_route=%2Fwp%2Fv2%2Fcategories&post=982"},{"taxonomy":"post_tag","embeddable":true,"href":"http:\/\/www.prolocodeliceto.it\/zeroweb\/index.php?rest_route=%2Fwp%2Fv2%2Ftags&post=982"}],"curies":[{"name":"wp","href":"https:\/\/api.w.org\/{rel}","templated":true}]}}