{"id":979,"date":"2009-09-16T18:10:07","date_gmt":"2009-09-16T17:10:07","guid":{"rendered":"http:\/\/www.prolocodeliceto.it\/zeroweb\/?p=979"},"modified":"2009-09-20T20:58:31","modified_gmt":"2009-09-20T19:58:31","slug":"cantori-di-carpino-ambrogio-sparagna","status":"publish","type":"post","link":"http:\/\/www.prolocodeliceto.it\/zeroweb\/?p=979","title":{"rendered":"Cantori di Carpino &#8211; Ambrogio Sparagna"},"content":{"rendered":"<p><strong><span style=\"font-family: Verdana; font-size: 10pt\">SUONO VIVO \u2013 III Edizione<\/span><\/strong><strong><span style=\"font-family: Verdana; font-size: 10pt\">Un evento che dar\u00e0 vita alla nostra terra<\/span><\/strong><span style=\"font-family: Verdana; font-size: 10pt\"> <\/p>\n<p><\/span><span style=\"font-family: Verdana; font-size: 10pt\">Il 22 e 23 settembre a Deliceto (FG), sul Piazzale Belvedere, in occasione della festa patronale si terr\u00e0 <strong>SUONO VIVO<\/strong>, giunto alla sua 3 Edizione. Con il patrocinio del Comune di Deliceto e della Provincia di Foggia, la rassegna \u00e8 organizzata dall\u2019associazione no profit ARTILINEARE del delicetano Nicola Spiezio che, nell\u2019occasione specifica, ha pensato di caratterizzare l\u2019evento con la musica popolare del nostro territorio.<\/span><span style=\"font-family: Verdana; font-size: 10pt\">Marted\u00ec 22, a riscaldare la piazza sono stati chiamati i <strong>CANTORI DI CARPINO<\/strong>, \u201cTestimoni della cultura popolare\u201d, con la loro capacit\u00e0 di unire tradizione e innovazione, in una dinamicit\u00e0 culturale che contrappunta con forza la creativit\u00e0 del territorio, fuori da modelli di importazione o drogati dall\u2019industria della comunicazione.<\/span><span style=\"font-family: Verdana; font-size: 10pt\">Mercoled\u00ec 23, invece, c\u2019\u00e8 grande attesa per l\u2019arrivo di <strong>AMBROGIO SPARAGNA &amp; ORCHESTRA PIZZICATA, <\/strong>un ensamble vitale e capace, come pochi, di entusiasmare una piazza grazie anche ad una grande esperienza. Infatti, oltre a numerose e importanti collaborazioni d\u2019ogni genere (solo per citare alcuni nomi: <\/span><span class=\"testonormale\"><span style=\"font-family: Verdana; font-size: 10pt\">Franco Battiato, Francesco De Gregori, Lucio Dalla, Gianna Nannini, Carmen Consoli, Piero Pel\u00f9), Sparagna vanta un curriculum di grande rispetto, per un percorso musicale e culturale che ha inizio nel 1976.<\/span><\/span><span class=\"testonormale\"><span style=\"font-family: Verdana; font-size: 10pt\">In particolare, d<\/span><\/span><span class=\"testonormale\"><span style=\"font-family: Verdana; font-size: 10pt\">al 2004 al 2006 \u00e8 stato Maestro concertatore del Festival <strong>La Notte della Taranta,<\/strong> in cui, per l\u2019occasione, fonda una grande orchestra di 60 elementi composta da strumenti popolari. Nell&#8217;inverno del 2006 il Ministro dei Beni Culturali Francesco Rutelli lo ha nominato consulente per la musica popolare nella Commissione ministeriale per la tutela e promozioni delle tradizioni popolari. Nell&#8217;estate del 2007 fonda l&#8217;<strong>Orchestra Popolare Italiana dell&#8217;Auditorium Parco della Musica<\/strong> di Roma, un grande gruppo strumentale residente all\u2019interno dell&#8217;Auditorium allo scopo di promuovere il repertorio della musica popolare italiana. <\/span><\/span><span style=\"font-family: Verdana; font-size: 10pt\">AMBROGIO SPARAGNA &amp; ORCHESTRA PIZZICATA rappresentano l\u2019autenticit\u00e0 delle radici, una convinzione forte, che non si \u00e8 mai vergognata di attingere a una storia che viene da lontano, spesso dalla povert\u00e0, ma che mai ha abdicato la sua dignit\u00e0, sicura che il tempo le avrebbe dato ragione.<\/span><span class=\"testonormale\"><span style=\"font-family: Verdana; font-size: 10pt\">I protagonisti della rassegna, per quanto detto, si addicono alla perfezione ad una manifestazione che ha l\u2019ambizione di sostenere concretamente il connubio <\/span><\/span><strong><span style=\"font-family: Verdana; font-size: 10pt\">Musica &amp; Cultura, <\/span><\/strong><span style=\"font-family: Verdana; font-size: 10pt\">cos\u00ec come professa l\u2019associazione ARTILINEARE: l\u2019iniziativa <strong>Suono Vivo<\/strong>, infatti, \u00e8 volta a promuovere <\/span>\n<personname ProductID=\"la Musica\"><span style=\"font-family: Verdana; font-size: 10pt\">la <strong>Musica<\/strong><\/span><\/personname><span style=\"font-family: Verdana; font-size: 10pt\">, ma avendo come finalit\u00e0 primaria quella di creare un luogo e un tempo per le emozioni, per la conoscenza, per la formazione del gusto, per il confronto: una <strong>Cultura. <\/strong>Una vetrina su realt\u00e0 musicali internazionali, uno sguardo ad opere culturali che cercano spazi alternativi di esistenza. Ma anche un laboratorio dove ritoccare un\u2019identit\u00e0 collettiva in continuo movimento, nonch\u00e9 aperta ad ulteriori definizioni. Una manifestazione culturale a pieno titolo, dove la musica \u00e8 l\u2019elemento coagulante, nonch\u00e9 il reagente principale, pronto ad unirsi con elementi di volta in volta sempre diversi, alla ricerca di nuove soluzioni.<\/span><\/p>\n","protected":false},"excerpt":{"rendered":"<p>SUONO VIVO \u2013 III EdizioneUn evento che dar\u00e0 vita alla nostra terra Il 22 e 23 settembre a Deliceto (FG), sul Piazzale Belvedere, in occasione della festa patronale si terr\u00e0 SUONO VIVO, giunto alla sua 3 Edizione. Con il patrocinio del Comune di Deliceto e della Provincia di Foggia, la rassegna \u00e8 organizzata dall\u2019associazione no [&hellip;]<\/p>\n","protected":false},"author":29,"featured_media":0,"comment_status":"open","ping_status":"open","sticky":false,"template":"","format":"standard","meta":[],"categories":[7],"tags":[],"_links":{"self":[{"href":"http:\/\/www.prolocodeliceto.it\/zeroweb\/index.php?rest_route=\/wp\/v2\/posts\/979"}],"collection":[{"href":"http:\/\/www.prolocodeliceto.it\/zeroweb\/index.php?rest_route=\/wp\/v2\/posts"}],"about":[{"href":"http:\/\/www.prolocodeliceto.it\/zeroweb\/index.php?rest_route=\/wp\/v2\/types\/post"}],"author":[{"embeddable":true,"href":"http:\/\/www.prolocodeliceto.it\/zeroweb\/index.php?rest_route=\/wp\/v2\/users\/29"}],"replies":[{"embeddable":true,"href":"http:\/\/www.prolocodeliceto.it\/zeroweb\/index.php?rest_route=%2Fwp%2Fv2%2Fcomments&post=979"}],"version-history":[{"count":0,"href":"http:\/\/www.prolocodeliceto.it\/zeroweb\/index.php?rest_route=\/wp\/v2\/posts\/979\/revisions"}],"wp:attachment":[{"href":"http:\/\/www.prolocodeliceto.it\/zeroweb\/index.php?rest_route=%2Fwp%2Fv2%2Fmedia&parent=979"}],"wp:term":[{"taxonomy":"category","embeddable":true,"href":"http:\/\/www.prolocodeliceto.it\/zeroweb\/index.php?rest_route=%2Fwp%2Fv2%2Fcategories&post=979"},{"taxonomy":"post_tag","embeddable":true,"href":"http:\/\/www.prolocodeliceto.it\/zeroweb\/index.php?rest_route=%2Fwp%2Fv2%2Ftags&post=979"}],"curies":[{"name":"wp","href":"https:\/\/api.w.org\/{rel}","templated":true}]}}