{"id":9766,"date":"2014-01-21T18:07:01","date_gmt":"2014-01-21T17:07:01","guid":{"rendered":"http:\/\/www.prolocodeliceto.it\/zeroweb\/?p=9766"},"modified":"2014-01-21T18:07:01","modified_gmt":"2014-01-21T17:07:01","slug":"presentato-progetto","status":"publish","type":"post","link":"http:\/\/www.prolocodeliceto.it\/zeroweb\/?p=9766","title":{"rendered":"PRESENTATO PROGETTO&#8230;"},"content":{"rendered":"<p><!--[if gte mso 9]><xml>\n <w:WordDocument>\n  <w:View>Normal<\/w:View>\n  <w:Zoom>0<\/w:Zoom>\n  <w:HyphenationZone>14<\/w:HyphenationZone>\n  <w:Compatibility>\n   <w:BreakWrappedTables\/>\n   <w:SnapToGridInCell\/>\n   <w:WrapTextWithPunct\/>\n   <w:UseAsianBreakRules\/>\n  <\/w:Compatibility>\n  <w:BrowserLevel>MicrosoftInternetExplorer4<\/w:BrowserLevel>\n <\/w:WordDocument>\n<\/xml><![endif]--><\/p>\n<p><!--[if gte mso 10]>\n\n\n<style>\n \/* Style Definitions *\/\n table.MsoNormalTable\n\t{mso-style-name:\"Tabella normale\";\n\tmso-tstyle-rowband-size:0;\n\tmso-tstyle-colband-size:0;\n\tmso-style-noshow:yes;\n\tmso-style-parent:\"\";\n\tmso-padding-alt:0cm 5.4pt 0cm 5.4pt;\n\tmso-para-margin:0cm;\n\tmso-para-margin-bottom:.0001pt;\n\tmso-pagination:widow-orphan;\n\tfont-size:10.0pt;\n\tfont-family:\"Times New Roman\";}\n<\/style>\n\n\n<![endif]--><\/p>\n<p class=\"MsoNormalCxSpPrimo\" style=\"text-align: center; line-height: normal;\" align=\"center\"><a href=\"http:\/\/www.prolocodeliceto.it\/zeroweb\/wp-content\/uploads\/IMG_6062.jpg\"><img decoding=\"async\" loading=\"lazy\" class=\"alignnone size-full wp-image-9767\" title=\"IMG_6062\" src=\"http:\/\/www.prolocodeliceto.it\/zeroweb\/wp-content\/uploads\/IMG_6062.jpg\" alt=\"\" width=\"400\" height=\"300\" srcset=\"http:\/\/www.prolocodeliceto.it\/zeroweb\/wp-content\/uploads\/IMG_6062.jpg 400w, http:\/\/www.prolocodeliceto.it\/zeroweb\/wp-content\/uploads\/IMG_6062-300x225.jpg 300w\" sizes=\"(max-width: 400px) 100vw, 400px\" \/><\/a><\/p>\n<p class=\"MsoNormalCxSpPrimo\" style=\"text-align: center; line-height: normal;\" align=\"center\"><strong style=\"mso-bidi-font-weight: normal;\"><span style=\"font-size: 14.0pt;\">PRESENTATO IL PROGETTO \u201cLE STAGIONI DEI MALI DELL\u2019ALIMENTAZIONE\u201d<\/span><\/strong><\/p>\n<p class=\"MsoNormalCxSpMedio\" style=\"text-align: center; line-height: normal;\" align=\"center\"><em style=\"mso-bidi-font-style: normal;\">L\u2019iniziativa vuole promuovere la corretta alimentazione tra bambini e adulti e informare gli stessi sui rischi legati a malattie quali obesit\u00e0, bulimia e drunkorexia.<\/em><\/p>\n<p class=\"MsoNormalCxSpUltimo\" style=\"text-align: center; line-height: normal;\" align=\"center\"><strong style=\"mso-bidi-font-weight: normal;\"><em style=\"mso-bidi-font-style: normal;\">\u00a0<\/em><\/strong><\/p>\n<p class=\"Standard\" style=\"text-align: justify;\"><strong style=\"mso-bidi-font-weight: normal;\"><span style=\"font-family: Calibri; mso-bidi-font-family: 'Times New Roman'; mso-font-kerning: 0pt; mso-fareast-language: EN-US; mso-bidi-language: AR-SA;\">Tre bambini italiani su dieci sono in sovrappeso<\/span><\/strong><span style=\"font-family: Calibri; mso-bidi-font-family: 'Times New Roman'; mso-font-kerning: 0pt; mso-fareast-language: EN-US; mso-bidi-language: AR-SA;\"> e le percentuali pi\u00f9 elevate di <strong style=\"mso-bidi-font-weight: normal;\">obesit\u00e0<\/strong> (il 40% del totale) si riscontrano in Abruzzo, Molise, Campania, Basilicata e <strong style=\"mso-bidi-font-weight: normal;\">Puglia<\/strong>.<span style=\"mso-spacerun: yes;\">\u00a0 <\/span>\u00c8 quanto emerso nel corso della conferenza stampa di presentazione del progetto <strong style=\"mso-bidi-font-weight: normal;\">Le stagioni dei mali dell\u2019alimentazione<\/strong>, che si \u00e8 tenuta <strong style=\"mso-bidi-font-weight: normal;\">marted\u00ec 21 gennaio<\/strong> presso la <span style=\"mso-bidi-font-weight: bold;\">Sala conferenze <strong>\u201cPia Fondazione Marchese Filippo De Piccolellis\u201d <\/strong>a Foggia. I dati, estrapolati dal rapporto \u201cOKKIO alla SALUTE\u201d, nell\u2019ultima osservazione del 2012, promosso dall\u2019Istituto Superiore di Sanit\u00e0, sono preoccupanti.<\/span><\/span><\/p>\n<p class=\"Standard\" style=\"text-align: justify;\"><span style=\"font-family: Calibri; mso-bidi-font-family: 'Times New Roman'; mso-font-kerning: 0pt; mso-fareast-language: EN-US; mso-bidi-language: AR-SA; mso-bidi-font-weight: bold;\">\u00a0<\/span><\/p>\n<p class=\"Standard\" style=\"text-align: justify;\"><span style=\"font-family: Calibri;\">Il progetto<strong> Le stagioni dei mali dell&#8217;alimentazione <\/strong>prende vita con un <strong style=\"mso-bidi-font-weight: normal;\">calendario informativo-educativo<\/strong> che ha lo scopo di far conoscere quelli che possono essere i mali derivanti da un\u2019<strong style=\"mso-bidi-font-weight: normal;\">alimentazione non corretta<\/strong> e un <strong style=\"mso-bidi-font-weight: normal;\">rapporto conflittuale con il cibo<\/strong>: infatti, i temi trattati sono l&#8217;<strong style=\"mso-bidi-font-weight: normal;\">obesit\u00e0<\/strong> e i <strong style=\"mso-bidi-font-weight: normal;\">disturbi del comportamento alimentare<\/strong>.<\/span><\/p>\n<p class=\"Standard\" style=\"text-align: justify;\"><span style=\"font-family: 'Arial Narrow';\">\u00a0<\/span><\/p>\n<p class=\"Standard\" style=\"text-align: justify;\"><span style=\"font-family: Calibri;\">L\u2019iniziativa, pensata e curata dalla dott.ssa <strong style=\"mso-bidi-font-weight: normal;\">Pasqualina Capuano<\/strong>, tecnologa alimentare, dalla dott.ssa <strong style=\"mso-bidi-font-weight: normal;\">Giuseppina Cappa<\/strong>, psicologa clinica, e dalla dott.ssa <strong style=\"mso-bidi-font-weight: normal;\">Teresa Casacchia<\/strong>, biologa nutrizionista, ha ricevuto il patrocinio dell\u2019<strong style=\"mso-bidi-font-weight: normal;\">Ordine dei Tecnologi Alimentari della Puglia <\/strong>e del <strong style=\"mso-bidi-font-weight: normal;\">Coordinamento Provinciale TELETHON di Foggia<\/strong>.<\/span><\/p>\n<p class=\"Standard\" style=\"text-align: justify;\"><span style=\"font-family: Calibri;\">\u00a0<\/span><\/p>\n<p class=\"Standard\" style=\"text-align: justify;\"><strong style=\"mso-bidi-font-weight: normal;\"><span style=\"font-family: Calibri;\">Il calendario \u00e8 autofinanziato<\/span><\/strong><span style=\"font-family: Calibri;\"> ed opera di un\u2019attivit\u00e0 di sensibilizzazione e <strong style=\"mso-bidi-font-weight: normal;\">volontariato<\/strong> sostenuta dalle ideatrici del progetto, a cui si \u00e8 affiancata l\u2019attivit\u00e0 di <strong style=\"mso-bidi-font-weight: normal;\">Margherita Matrella<\/strong> in qualit\u00e0 di coordinatrice delle attivit\u00e0. Per il progetto di comunicazione e marketing si \u00e8 impegnato \u2013 a titolo di volontariato, l\u2019editore della testata giornalistica www.culttime.it <strong style=\"mso-bidi-font-weight: normal;\">Nico Palatella<\/strong>. <\/span><\/p>\n<p class=\"Standard\" style=\"text-align: justify;\"><span style=\"font-family: Calibri;\">\u00a0<\/span><\/p>\n<p class=\"Standard\" style=\"text-align: justify;\"><span style=\"font-family: Calibri;\">Le copie, distribuite al <strong style=\"mso-bidi-font-weight: normal;\">costo di 5 euro<\/strong>, prevedono una <strong style=\"mso-bidi-font-weight: normal;\">royalty sulla vendita di un euro<\/strong> in favore della ricerca sulla malattie genetiche rare di <strong style=\"mso-bidi-font-weight: normal;\">TELETHON.<\/strong><\/span><\/p>\n<p class=\"Standard\" style=\"text-align: justify;\"><span style=\"font-family: Calibri;\">\u00a0<\/span><\/p>\n<p class=\"Standard\" style=\"text-align: justify;\"><span style=\"font-family: Calibri;\">Il calendario \u00e8 suddiviso in <strong style=\"mso-bidi-font-weight: normal;\">quattro storie<\/strong>, come le stagioni dell&#8217;anno. I primi due racconti evidenziano il problema dell&#8217;<strong style=\"mso-bidi-font-weight: normal;\">obesit\u00e0<\/strong>, nello specifico quello infantile, con le conseguenze che ne derivano, e quella adolescenziale \u2013 adulta, vista come un circolo vizioso da quale non se ne esce facilmente. Le altre due storie toccano i disturbi del <strong style=\"mso-bidi-font-weight: normal;\">comportamento alimentare<\/strong>, una piaga del nostro vivere, seppur ancora troppo silente. Troviamo, poi, una confessione di una <strong style=\"mso-bidi-font-weight: normal;\">bulimica<\/strong> e la storia di una <strong style=\"mso-bidi-font-weight: normal;\">drunkorexia<\/strong>.<\/span><\/p>\n<p class=\"Standard\" style=\"text-align: justify;\"><span style=\"font-size: 11.0pt; font-family: Calibri;\">\u00a0<\/span><\/p>\n<p class=\"Standard\" style=\"text-align: justify;\"><strong style=\"mso-bidi-font-weight: normal;\"><span style=\"font-size: 11.0pt; font-family: Calibri;\">\u00a0<\/span><\/strong><\/p>\n<p class=\"Standard\" style=\"text-align: justify;\"><strong style=\"mso-bidi-font-weight: normal;\"><span style=\"font-size: 11.0pt; font-family: Calibri;\">GIORGIO VENTRICELLI<\/span><\/strong><\/p>\n<p class=\"Standard\" style=\"text-align: justify;\"><span style=\"font-size: 11.0pt; font-family: Calibri;\">ADDETTO STAMPA E COMUNICAZIONE <\/span><\/p>\n<p class=\"Standard\" style=\"text-align: justify;\"><span style=\"font-size: 11.0pt; font-family: Calibri;\">\u00a0<\/span><\/p>\n<p class=\"Standard\" style=\"text-align: justify;\"><span style=\"font-size: 11.0pt; font-family: Calibri;\">Cell. 349.2605176<\/span><\/p>\n<p class=\"Standard\" style=\"text-align: justify;\"><span style=\"font-size: 11.0pt; font-family: Calibri;\">Twitter @Giorgioven<\/span><\/p>\n<p class=\"Standard\" style=\"text-align: justify;\"><span style=\"font-size: 11.0pt; font-family: Calibri;\">Facebook Giorgio Ventricelli<\/span><\/p>\n","protected":false},"excerpt":{"rendered":"<p>PRESENTATO IL PROGETTO \u201cLE STAGIONI DEI MALI DELL\u2019ALIMENTAZIONE\u201d L\u2019iniziativa vuole promuovere la corretta alimentazione tra bambini e adulti e informare gli stessi sui rischi legati a malattie quali obesit\u00e0, bulimia e drunkorexia. \u00a0 Tre bambini italiani su dieci sono in sovrappeso e le percentuali pi\u00f9 elevate di obesit\u00e0 (il 40% del totale) si riscontrano in [&hellip;]<\/p>\n","protected":false},"author":29,"featured_media":9767,"comment_status":"open","ping_status":"open","sticky":false,"template":"","format":"standard","meta":[],"categories":[7],"tags":[],"_links":{"self":[{"href":"http:\/\/www.prolocodeliceto.it\/zeroweb\/index.php?rest_route=\/wp\/v2\/posts\/9766"}],"collection":[{"href":"http:\/\/www.prolocodeliceto.it\/zeroweb\/index.php?rest_route=\/wp\/v2\/posts"}],"about":[{"href":"http:\/\/www.prolocodeliceto.it\/zeroweb\/index.php?rest_route=\/wp\/v2\/types\/post"}],"author":[{"embeddable":true,"href":"http:\/\/www.prolocodeliceto.it\/zeroweb\/index.php?rest_route=\/wp\/v2\/users\/29"}],"replies":[{"embeddable":true,"href":"http:\/\/www.prolocodeliceto.it\/zeroweb\/index.php?rest_route=%2Fwp%2Fv2%2Fcomments&post=9766"}],"version-history":[{"count":1,"href":"http:\/\/www.prolocodeliceto.it\/zeroweb\/index.php?rest_route=\/wp\/v2\/posts\/9766\/revisions"}],"predecessor-version":[{"id":9768,"href":"http:\/\/www.prolocodeliceto.it\/zeroweb\/index.php?rest_route=\/wp\/v2\/posts\/9766\/revisions\/9768"}],"wp:featuredmedia":[{"embeddable":true,"href":"http:\/\/www.prolocodeliceto.it\/zeroweb\/index.php?rest_route=\/wp\/v2\/media\/9767"}],"wp:attachment":[{"href":"http:\/\/www.prolocodeliceto.it\/zeroweb\/index.php?rest_route=%2Fwp%2Fv2%2Fmedia&parent=9766"}],"wp:term":[{"taxonomy":"category","embeddable":true,"href":"http:\/\/www.prolocodeliceto.it\/zeroweb\/index.php?rest_route=%2Fwp%2Fv2%2Fcategories&post=9766"},{"taxonomy":"post_tag","embeddable":true,"href":"http:\/\/www.prolocodeliceto.it\/zeroweb\/index.php?rest_route=%2Fwp%2Fv2%2Ftags&post=9766"}],"curies":[{"name":"wp","href":"https:\/\/api.w.org\/{rel}","templated":true}]}}