{"id":975,"date":"2009-09-19T13:30:38","date_gmt":"2009-09-19T12:30:38","guid":{"rendered":"http:\/\/www.prolocodeliceto.it\/zeroweb\/?p=975"},"modified":"2009-09-19T13:32:44","modified_gmt":"2009-09-19T12:32:44","slug":"festa-patronale-2","status":"publish","type":"post","link":"http:\/\/www.prolocodeliceto.it\/zeroweb\/?p=975","title":{"rendered":"Festa Patronale"},"content":{"rendered":"<h1 style=\"margin: 0cm 0cm 0pt; tab-stops: 129.6pt center 240.95pt\"><span style=\"font-family: 'Verdana','sans-serif'\"><font size=\"5\">La Festa del 22 Settembre<\/font><\/span><\/h1>\n<h1 align=\"center\" style=\"margin: 0cm 0cm 0pt; text-align: center\"><span style=\"font-size: 10pt; font-family: 'Verdana','sans-serif'\">La festa Patronale delicetana in onore di Maria SS. dell\u2019Olmitello<\/span><\/h1>\n<p><font face=\"Times New Roman\"> <\/font><\/p>\n<p><span style=\"font-size: 10pt; font-family: 'Verdana','sans-serif'\">Si avvicina a grandi passi il 22 di Settembre, giorno in cui si festeggia la Madonna dell\u2019Olmitello e che simbolicamente fa da spartiacque tra l\u2019estate e l\u2019inverno: \u00e8 l\u2019ultima festa, che chiude la stagione delle vacanze estive e segna il ritorno alla scuola e al lavoro.<\/span><strong><span style=\"font-size: 10pt; font-family: 'Verdana','sans-serif'\">Quest\u2019anno i festeggiamenti si aprono il 20 Settembre.<\/span><\/strong><span style=\"font-size: 10pt; font-family: 'Verdana','sans-serif'\">Nella mattinata di domenica, a partire dalle ore 10:00, lungo la strada principale del paese una spettacolare processione di cavalli sfiler\u00e0 per la tradizionale Cavalcata Storica.<\/span><span style=\"font-size: 10pt; font-family: 'Verdana','sans-serif'\">L\u2019evento affonda le sue radici in un antico passato e prende origine nel lontano 1837.<\/span><span style=\"font-size: 10pt; font-family: 'Verdana','sans-serif'\">Era all\u2019epoca Deliceto invaso da una terribile epidemia di colera. <\/span><span style=\"font-size: 10pt; font-family: 'Verdana','sans-serif'\">\u201cQuesto port\u00f2 tanta strage e miseria che i delicetani, spaventati dall\u2019immane flagello, si recarono in penitenza alla chiesa dell\u2019Olmitello.<\/span><span style=\"font-size: 10pt; font-family: 'Verdana','sans-serif'\">Dopo la funzione religiosa, organizzarono una processione e portarono la statua della Vergine in Deliceto e per le vie del paese. Il morbo cess\u00f2.<\/span><span style=\"font-size: 10pt; font-family: 'Verdana','sans-serif'\">I devoti, per ricordare l\u2019evento, stabilirono che, il 22 settembre di ogni anno, si effettuassero solenni e grandiosi festeggiamenti in onore della Madonna [\u2026].\u201d <a name=\"_ftnref1\" href=\"http:\/\/null\/#_ftn1\"><span class=\"MsoFootnoteReference\"><span><span class=\"MsoFootnoteReference\"><span style=\"font-size: 10pt; font-family: 'Verdana','sans-serif'\">[1]<\/span><\/span><\/span><\/span><\/a><\/span><span style=\"font-size: 10pt; font-family: 'Verdana','sans-serif'\">Con queste parole lo storico Amedeo Iossa descrive l\u2019affetto dei delicetani per la Santa Patrona e l\u2019antichit\u00e0 di una tradizione che si ripete ancora oggi quasi immutata.<\/span><span style=\"font-size: 10pt; font-family: 'Verdana','sans-serif'\">Per dare risalto all\u2019epoca di riferimento, partecipano alla Cavalcata Storica gruppi folkloristici del posto in costume che rappresentano momenti di vita dell\u2019epoca.<\/span><span style=\"font-size: 10pt; font-family: 'Verdana','sans-serif'\">La Cavalcata \u00e8 inoltre occasione per ammirare gli splendidi esemplari equini della zona, che concorrono, unitamente alle destrezza del rispettivo cavaliere, alla vittoria del premio in palio.<\/span><span style=\"font-size: 10pt; font-family: 'Verdana','sans-serif'\">Come ogni anno, oltre ai rappresentanti locali, partecipano delegazioni dei paesi limitrofi.<\/span><span style=\"font-size: 10pt; font-family: 'Verdana','sans-serif'\">Il programma dei festeggiamenti prosegue il <strong>21 Settembre<\/strong>. Nella serata di luned\u00ec, solo quest\u2019anno in<span>  <\/span>via eccezionale, si terr\u00e0 l\u2019ormai famosa e tanto attesa <strong>Rievocazione Storica<\/strong>.<\/span><span style=\"font-size: 10pt; font-family: 'Verdana','sans-serif'\">Ma l\u2019evento, quest\u2019anno, \u00e8 ancora pi\u00f9 eccezionale: la Rievocazione Storica, giunta quest\u2019anno alla sua XXVI edizione, <strong>avr\u00e0 luogo nel cortile del Castello Normanno-Svevo.<\/strong><\/span><span style=\"font-size: 10pt; font-family: 'Verdana','sans-serif'\">Si tratta di un avvenimento pi\u00f9 unico che raro. Da anni la bellezza di questo monumento \u00e8 nascosta al pubblico e quella del 21 sar\u00e0 una magnifica occasione.<\/span><span style=\"font-size: 10pt; font-family: 'Verdana','sans-serif'\">Quale evento pi\u00f9 appropriato, inoltre, per renderle giusto omaggio se non la Rievocazione Storica, che rappresenta proprio la Cerimonia di Insediamento del Marchese Antonio I Piccolomini nel 1463?<\/span><span style=\"font-size: 10pt; font-family: 'Verdana','sans-serif'\">Come sempre, il corteo partir\u00e0 alle 18.30 circa da Catalano e sfiler\u00e0 per le vie del paese con il suo variopinto seguito di dame e nobiluomini, rappresentanti del clero e sbandieratori (i bravissimi Federiciani di Lucera).<\/span><span style=\"font-size: 10pt; font-family: 'Verdana','sans-serif'\">Al termine della Cerimonia, il cortile del Castello si animer\u00e0 come all\u2019epoca dei Marchesi, luci, giochi, esibizioni di abilit\u00e0 e, per i ghiotti curiosi, assaggi gastronomici di piatti dell\u2019epoca.<\/span><strong><span style=\"font-size: 10pt; font-family: 'Verdana','sans-serif'\">Marted\u00ec 22<\/span><\/strong><span style=\"font-size: 10pt; font-family: 'Verdana','sans-serif'\">, come gi\u00e0 detto, sar\u00e0 dedicato all\u2019aspetto religioso della festa: nel pomeriggio \u00e8 prevista infatti la processione che porta per le strade del paese la statua di Maria Santissima dell\u2019Olmitello.<\/span><span style=\"font-size: 10pt; font-family: 'Verdana','sans-serif'\">In serata invece, presso il Piazzale Belvedere ci sar\u00e0 la <strong>3 edizione di \u201cSuono Vivo \u2013 Musica&amp;Cultura\u201d, <\/strong>evento musicale che ha come scopo l\u2019incontro di musica, tradizioni e cultre di terre vicine e lontane. Oltre a stand espositivi, sul Piazzale ci sar\u00e0 il concerto musicale dei <strong>Cantori di Carpino<\/strong> che sono i testimoni della cultura popolare che uniscono tradizione e innovazione. <\/span><span style=\"font-size: 10pt; font-family: 'Verdana','sans-serif'\">L\u2019evento continua poi il <strong>23 settembre con l\u2019esibizione di Ambrogio Sparagna e l\u2019Orchestra Pizzicata, artista internazionale nonch\u00e9 Maestro concertatore del Festival de la Notte della Taranta.<\/strong><\/span><span style=\"font-size: 10pt; font-family: 'Verdana','sans-serif'\">A seguire, a conclusione dei festeggiamenti alle ore 23:30 \u00e8 previsto uno straordinario spettacolo pirotecnico al Castello dal titolo, <strong>\u201cAssalto al Castello\u201d<\/strong>, con giochi di luce mai visti prima. I dettagli rovinerebbero la sorpresa, quindi non ci resta che darvi un consiglio: non mancate!<\/span><span style=\"font-size: 10pt; font-family: 'Verdana','sans-serif'\"> <\/p>\n<p><\/span><strong><span style=\"font-size: 10pt; font-family: 'Verdana','sans-serif'\">Antonella Catenazzo<\/span><\/strong><br clear=\"all\" \/><\/p>\n<hr SIZE=\"1\" width=\"33%\" align=\"left\" \/>\n<p id=\"ftn1\">\n<p style=\"margin: 0cm 0cm 0pt\" class=\"MsoFootnoteText\"><a name=\"_ftn1\" href=\"http:\/\/null\/#_ftnref1\"><span class=\"MsoFootnoteReference\"><span><span class=\"MsoFootnoteReference\"><span style=\"font-size: 10pt; font-family: 'Times New Roman','serif'\">[1]<\/span><\/span><\/span><\/span><\/a><font face=\"Times New Roman\"><font size=\"2\"> <\/font><span style=\"font-size: 8pt\">Amedeo Iossa, \u201cDeliceto, notizie storiche\u201d, 1972<\/span><\/font><\/p>\n","protected":false},"excerpt":{"rendered":"<p>La Festa del 22 Settembre La festa Patronale delicetana in onore di Maria SS. dell\u2019Olmitello Si avvicina a grandi passi il 22 di Settembre, giorno in cui si festeggia la Madonna dell\u2019Olmitello e che simbolicamente fa da spartiacque tra l\u2019estate e l\u2019inverno: \u00e8 l\u2019ultima festa, che chiude la stagione delle vacanze estive e segna il [&hellip;]<\/p>\n","protected":false},"author":2,"featured_media":0,"comment_status":"open","ping_status":"open","sticky":false,"template":"","format":"standard","meta":[],"categories":[3],"tags":[],"_links":{"self":[{"href":"http:\/\/www.prolocodeliceto.it\/zeroweb\/index.php?rest_route=\/wp\/v2\/posts\/975"}],"collection":[{"href":"http:\/\/www.prolocodeliceto.it\/zeroweb\/index.php?rest_route=\/wp\/v2\/posts"}],"about":[{"href":"http:\/\/www.prolocodeliceto.it\/zeroweb\/index.php?rest_route=\/wp\/v2\/types\/post"}],"author":[{"embeddable":true,"href":"http:\/\/www.prolocodeliceto.it\/zeroweb\/index.php?rest_route=\/wp\/v2\/users\/2"}],"replies":[{"embeddable":true,"href":"http:\/\/www.prolocodeliceto.it\/zeroweb\/index.php?rest_route=%2Fwp%2Fv2%2Fcomments&post=975"}],"version-history":[{"count":0,"href":"http:\/\/www.prolocodeliceto.it\/zeroweb\/index.php?rest_route=\/wp\/v2\/posts\/975\/revisions"}],"wp:attachment":[{"href":"http:\/\/www.prolocodeliceto.it\/zeroweb\/index.php?rest_route=%2Fwp%2Fv2%2Fmedia&parent=975"}],"wp:term":[{"taxonomy":"category","embeddable":true,"href":"http:\/\/www.prolocodeliceto.it\/zeroweb\/index.php?rest_route=%2Fwp%2Fv2%2Fcategories&post=975"},{"taxonomy":"post_tag","embeddable":true,"href":"http:\/\/www.prolocodeliceto.it\/zeroweb\/index.php?rest_route=%2Fwp%2Fv2%2Ftags&post=975"}],"curies":[{"name":"wp","href":"https:\/\/api.w.org\/{rel}","templated":true}]}}