{"id":9715,"date":"2014-01-08T23:47:39","date_gmt":"2014-01-08T22:47:39","guid":{"rendered":"http:\/\/www.prolocodeliceto.it\/zeroweb\/?p=9715"},"modified":"2014-01-08T23:47:39","modified_gmt":"2014-01-08T22:47:39","slug":"ritorno-alle-origini","status":"publish","type":"post","link":"http:\/\/www.prolocodeliceto.it\/zeroweb\/?p=9715","title":{"rendered":"RITORNO ALLE ORIGINI&#8230;"},"content":{"rendered":"<p><a href=\"http:\/\/www.prolocodeliceto.it\/zeroweb\/wp-content\/uploads\/Nativit\u00e0.jpg\"><img decoding=\"async\" loading=\"lazy\" class=\"aligncenter size-full wp-image-9716\" title=\"Nativit\u00e0\" src=\"http:\/\/www.prolocodeliceto.it\/zeroweb\/wp-content\/uploads\/Nativit\u00e0.jpg\" alt=\"\" width=\"519\" height=\"388\" srcset=\"http:\/\/www.prolocodeliceto.it\/zeroweb\/wp-content\/uploads\/Nativit\u00e0.jpg 519w, http:\/\/www.prolocodeliceto.it\/zeroweb\/wp-content\/uploads\/Nativit\u00e0-300x224.jpg 300w\" sizes=\"(max-width: 519px) 100vw, 519px\" \/><\/a><\/p>\n<p><strong><em>\u201cRitorno alle origini, alla famiglia, alla solidariet\u00e0\u201d<\/em><\/strong><\/p>\n<p><em>\u201cSiamo soddisfatti\u201d<\/em> &#8211;\u00a0 afferma orgoglioso a nome di tutti gli organizzatori il Presidente dell\u2019Associazione Presepe Vivente Rignano Garganico, <strong>Luciano Draisci<\/strong>, al termine della XVI edizione della manifestazione <em>\u2013 \u201cLa riuscita dell\u2019evento \u00e8 frutto di tre mesi di duro lavoro in cui tutti i volontari hanno dato il massimo. Un aspetto importante \u00e8 stato il coinvolgimento e la collaborazione di molte associazioni e attivit\u00e0 commerciali di Rignano Garganico. La novit\u00e0 di quest\u2019anno \u00e8 la collaborazione con l\u2019A.G.A.P.E. (Associazione Genitori Amici Piccoli Emopatici) che ci ha permesso di portare un sorriso ai piccoli pazienti, senza dimenticare il proficuo gemellaggio con Deliceto e la promozione del presepe e del territoro rignanese a Barletta\u201d.<\/em><\/p>\n<p>Visitatori provenienti da tutta la Puglia, ma anche dall\u2019Abruzzo, dal Molise, dalla Campania, dalla Basilicata, hanno visitato le numerose botteghe allestite nel piccolo borgo medioevale, apprezzandone storia, cultura, gastronomia.<\/p>\n<p>E quale periodo migliore del Natale, per tornare a casa, riscoprire le proprie origini e per capire che il nostro futuro \u00e8 rappresentato dal nostro passato; il duro periodo che stiamo attraversando ha portato i giovani a riscoprire le antiche tradizioni, la civilt\u00e0 contadina che per secoli ha dato da mangiare ai nostri antenati e che, unitamente alle nuove tecnologie, lo far\u00e0 anche in futuro.<\/p>\n<p>Un concetto ribadito dal Sindaco di Rignano Garganico, <strong>Vito di Carlo<\/strong> e dal Sindaco di Deliceto, <strong>Antonio Montanino<\/strong> \u2013 <em>\u201cEventi come questo\u201d<\/em> \u2013 ha detto di Carlo \u2013 <em>\u201cContribuiscono in maniera concreta a far vivere il paese, grazie alla riscoperta degli antichi mestieri e ad una maggiore attenzione all\u2019aspetto turistico e promozionale del territorio, come il gemellaggio con Deliceto e la collaborazione con Barletta\u201d.<\/em> <em>\u201cC\u2019\u00e8 un ritorno alla famiglia\u201d<\/em> \u2013 ha fatto eco Montanino \u2013 <em>\u201cDa non sottovalutare, anzi, da incoraggiare sempre di pi\u00f9, anche con scambi enoculturali come il gemellaggio tra i due presepi e la scoperta dei reciproci territori\u201d.<\/em><\/p>\n<p>Un gemellaggio che dura dal 2010 e che si consolida anno per anno con l\u2019arricchimento, da parte di entrambe le popolazioni, delle proprie peculiarit\u00e0.<\/p>\n<p>Sono stati sei gli eventi organizzati quest\u2019anno, sette se si considera l\u2019uscita a Barletta, dove la delegazione rignanese ha preso parte all\u2019evento Sapori d\u2019autunno, organizzata dal Comitato Salviamo le Periferie, in cui \u00e8 stato pubblicizzato l\u2019evento Presepe Vivente e ha fatto si che i<strong>l 5 gennaio, u<\/strong>na delegazione di circa centoventi barlettani, accompagnati da una delegazione dell\u2019amministrazione comunale e da membri del comitato ha fatto visita al Presepe, accolti\u00a0 dal Presidente, dal Sindaco e da membri delle associazioni. La giornata \u00e8 stata \u00a0allietata dallo scambio di doni tra le due amministrazioni e dall\u2019impegno reciproco alla conoscenza dei territori.<\/p>\n<p>A partire dal 20 dicembre, data dedicata alle scolaresche \u00e8 stata massiccia la presenza degli studenti, che attirati dalla semplicit\u00e0 e dalla genuinit\u00e0 di un tempo hanno fatto domande, osservato e gustato i prodotti tipici natalizi, fino ad arrivare alla grotta dove i pi\u00f9 piccini hanno intonato &#8220;Tu scendi dalle stelle&#8221;.<\/p>\n<p>Un\u2019esperienza unica e ricca di emozioni \u00e8 stata la giornata del 21 dicembre, dove una piccola delegazione rignanese ha sfilato in abiti tradizionali aprendo la festa dell\u2019A.G.A.P.E., l\u2019associazione dei genitori dei bambini ricoverati presso il reparto di pediatria oncologica del Poliambulatorio Giovanni Paolo II a San Giovanni Rotondo, ai quali l\u2019associazione Presepe Vivente ha dedicato l\u2019edizione di quest\u2019anno, accogliendo anche un piccolo stand in cui volontari A.G.A.P.E. \u00a0hanno effettuato con soddisfazione una raccolta fondi in favore dei piccoli pazienti e delle loro famiglie.<\/p>\n<p>La giornata del 26 dicembre, parte un po\u2019 in sottotono per via della pioggia, ma non per questo meno emozionante. Il capitano dell\u2019A.C. Foggia Calcio, Cristian Agnelli ha <strong>dato il via con il tradizionale taglio del nastro e\u00a0 ha potuto\u00a0 scoprire le tipiche manifatture degli utensili di una volta, ammirare le creazioni della <em>\u201cricamatrice di dote\u201d<\/em>, intenta a preparare il corredo per le giovani spose, assaporare il pane e i biscotti del fornaio, il miele dell\u2019apicoltore, il pancotto e i fagioli della massaia, il vino in <em>\u201ccantina\u201d<\/em> tra musica e folklore, risate e gioia chiassosa. Agnelli si \u00e8 detto onorato di poter rappresentare la societ\u00e0 A.C. Foggia Calcio e l\u2019intera squadra, in una manifestazione cos\u00ec bella ed importante per Rignano, per tutto il Gargano e non solo.<\/strong><\/p>\n<p><strong>Il 29 dicembre \u00e8 stata la giornata del tutto esaurito in termini di visite ed \u00e8 stata anche la giornata dedicata al gemellaggio con il presepe di Deliceto, con comparse in abiti tradizionali accompagnate\u00a0 dal Sindaco, Antonio Montanino e dal Presidente della Pro Loco di Deliceto, Benvenuto Baldassare.<\/strong><\/p>\n<p>Il giorno dell\u2019Epifania \u00e8 stata la volta della folta delegazione rignanese, a prendere parte al settecentesco Presepe Vivente di Deliceto, in un clima conviviale e festoso.<\/p>\n<p><em>\u201cUn risultato unico<\/em>\u201d &#8211; conclude il Presidente dell\u2019Associazione Presepe Vivente, Luciano Draisci &#8211; <em>\u201cRingrazio tutti coloro che con spirito di abnegazione e amore incondizionato per Rignano Garganico hanno lavorato notte e giorno per raggiungere questi importanti risultati per la nostra comunit\u00e0. Ringrazio l\u2019amministrazione comunale di Rignano Garganico, di Deliceto e di Barletta, il Parco Nazionale del Gargano, la Regione Puglia, la Provincia di Foggia, la Parrocchia Maria SS Assunta, l\u2019Istituto Comprensivo San Giovanni Bosco, le associazioni Avis, Pro Loco Rignano Garganico, Consorzio Pro Loco Gargano, Pro Loco Deliceto, La Voce delle Donne, A.N.VV.F.C. &#8211; Protezione Civile, Amici di San Rocco, Polisportiva, Viva la Vita Onlus Puglia, l\u2019A.G.A.P.E.,\u00a0 le attivit\u00e0 commerciali, l\u2019Ufficio Stampa, i tanti volontari e le forze dell\u2019ordine.\u201d<\/em><\/p>\n<p>Un grazie di cuore a tutti i visitatori che hanno apprezzato i nostri sforzi.<\/p>\n<p>Arrivederci all\u2019edizione 2014\/2015!!!<\/p>\n<p>&nbsp;<\/p>\n<p>Ufficio Stampa Presepe Vivente<\/p>\n<p>Maria Pia Carruozzi<\/p>\n","protected":false},"excerpt":{"rendered":"<p>\u201cRitorno alle origini, alla famiglia, alla solidariet\u00e0\u201d \u201cSiamo soddisfatti\u201d &#8211;\u00a0 afferma orgoglioso a nome di tutti gli organizzatori il Presidente dell\u2019Associazione Presepe Vivente Rignano Garganico, Luciano Draisci, al termine della XVI edizione della manifestazione \u2013 \u201cLa riuscita dell\u2019evento \u00e8 frutto di tre mesi di duro lavoro in cui tutti i volontari hanno dato il massimo. [&hellip;]<\/p>\n","protected":false},"author":29,"featured_media":9716,"comment_status":"open","ping_status":"open","sticky":false,"template":"","format":"standard","meta":[],"categories":[7],"tags":[],"_links":{"self":[{"href":"http:\/\/www.prolocodeliceto.it\/zeroweb\/index.php?rest_route=\/wp\/v2\/posts\/9715"}],"collection":[{"href":"http:\/\/www.prolocodeliceto.it\/zeroweb\/index.php?rest_route=\/wp\/v2\/posts"}],"about":[{"href":"http:\/\/www.prolocodeliceto.it\/zeroweb\/index.php?rest_route=\/wp\/v2\/types\/post"}],"author":[{"embeddable":true,"href":"http:\/\/www.prolocodeliceto.it\/zeroweb\/index.php?rest_route=\/wp\/v2\/users\/29"}],"replies":[{"embeddable":true,"href":"http:\/\/www.prolocodeliceto.it\/zeroweb\/index.php?rest_route=%2Fwp%2Fv2%2Fcomments&post=9715"}],"version-history":[{"count":1,"href":"http:\/\/www.prolocodeliceto.it\/zeroweb\/index.php?rest_route=\/wp\/v2\/posts\/9715\/revisions"}],"predecessor-version":[{"id":9717,"href":"http:\/\/www.prolocodeliceto.it\/zeroweb\/index.php?rest_route=\/wp\/v2\/posts\/9715\/revisions\/9717"}],"wp:featuredmedia":[{"embeddable":true,"href":"http:\/\/www.prolocodeliceto.it\/zeroweb\/index.php?rest_route=\/wp\/v2\/media\/9716"}],"wp:attachment":[{"href":"http:\/\/www.prolocodeliceto.it\/zeroweb\/index.php?rest_route=%2Fwp%2Fv2%2Fmedia&parent=9715"}],"wp:term":[{"taxonomy":"category","embeddable":true,"href":"http:\/\/www.prolocodeliceto.it\/zeroweb\/index.php?rest_route=%2Fwp%2Fv2%2Fcategories&post=9715"},{"taxonomy":"post_tag","embeddable":true,"href":"http:\/\/www.prolocodeliceto.it\/zeroweb\/index.php?rest_route=%2Fwp%2Fv2%2Ftags&post=9715"}],"curies":[{"name":"wp","href":"https:\/\/api.w.org\/{rel}","templated":true}]}}