{"id":971,"date":"2009-09-16T18:21:01","date_gmt":"2009-09-16T17:21:01","guid":{"rendered":"http:\/\/www.prolocodeliceto.it\/zeroweb\/?p=971"},"modified":"2009-09-18T21:30:41","modified_gmt":"2009-09-18T20:30:41","slug":"la-festa-del-22-settembre","status":"publish","type":"post","link":"http:\/\/www.prolocodeliceto.it\/zeroweb\/?p=971","title":{"rendered":"LA FESTA DEL 22 SETTEMBRE"},"content":{"rendered":"<h1 style=\"margin: 0cm 0cm 0pt\"><\/h1>\n<p><span style=\"font-size: 8pt\"><font face=\"Times New Roman\">A cura di Antonella Catenazzo<\/font><\/span><font face=\"Times New Roman\"> &#8211;<\/font><\/p>\n<p style=\"margin: 0cm 0cm 0pt\" class=\"MsoNormal\"><font face=\"Times New Roman\">Si avvicina a grandi passi il 22 di Settembre, giorno in cui si festeggia la Madonna dell\u2019Olmitello e che simbolicamente fa da spartiacque tra l\u2019estate e l\u2019inverno: \u00e8 l\u2019ultima festa, che chiude la stagione delle vacanze estive e segna il ritorno alla scuola e al lavoro.<\/font><\/p>\n<p style=\"margin: 0cm 0cm 0pt\" class=\"MsoNormal\"><font face=\"Times New Roman\">Quest\u2019anno i festeggiamenti si aprono il 20 Settembre.<\/font><\/p>\n<p style=\"margin: 0cm 0cm 0pt\" class=\"MsoNormal\"><font face=\"Times New Roman\">Nella mattinata di domenica, a partire dalle ore 10:00, lungo la strada principale del paese una spettacolare processione di cavalli sfiler\u00e0 per la tradizionale Cavalcata Storica.<\/font><\/p>\n<p style=\"margin: 0cm 0cm 0pt\" class=\"MsoNormal\"><font face=\"Times New Roman\">L\u2019evento affonda le sue radici in un antico passato e prende origine nel lontano 1837.<\/font><\/p>\n<p style=\"margin: 0cm 0cm 0pt\" class=\"MsoNormal\"><font face=\"Times New Roman\">Era all\u2019epoca Deliceto invaso da una terribile epidemia di colera. <\/font><\/p>\n<p style=\"margin: 0cm 0cm 0pt\" class=\"MsoNormal\"><font face=\"Times New Roman\">\u201cQuesto port\u00f2 tanta strage e miseria che i delicetani, spaventati dall\u2019immane flagello, si recarono in penitenza alla chiesa dell\u2019Olmitello.<\/font><\/p>\n<p style=\"margin: 0cm 0cm 0pt\" class=\"MsoNormal\"><font face=\"Times New Roman\">Dopo la funzione religiosa, organizzarono una processione e portarono la statua della Vergine in Deliceto e per le vie del paese. Il morbo cess\u00f2.<\/font><\/p>\n<p style=\"margin: 0cm 0cm 0pt\" class=\"MsoNormal\"><font face=\"Times New Roman\">I devoti, per ricordare l\u2019evento, stabilirono che, il 22 settembre di ogni anno, si effettuassero solenni e grandiosi festeggiamenti in onore della Madonna [\u2026].\u201d <\/font><a href=\"http:\/\/null\/#_ftn1\" title=\"_ftnref1\" name=\"_ftnref1\"><span class=\"MsoFootnoteReference\"><span><span class=\"MsoFootnoteReference\"><span style=\"font-family: 'Times New Roman'; font-size: 12pt\">[1]<\/span><\/span><\/span><\/span><\/a><\/p>\n<p style=\"margin: 0cm 0cm 0pt\" class=\"MsoNormal\"><font face=\"Times New Roman\">Con queste parole lo storico Amedeo Iossa descrive l\u2019affetto dei delicetani per la Santa Patrona e l\u2019antichit\u00e0 di una tradizione che si ripete ancora oggi quasi immutata.<\/font><\/p>\n<p style=\"margin: 0cm 0cm 0pt\" class=\"MsoNormal\"><font face=\"Times New Roman\">Per dare risalto all\u2019epoca di riferimento, partecipano alla Cavalcata Storica gruppi folkloristici del posto in costume che rappresentano momenti di vita dell\u2019epoca.<\/font><\/p>\n<p style=\"margin: 0cm 0cm 0pt\" class=\"MsoNormal\"><font face=\"Times New Roman\">La Cavalcata \u00e8 inoltre occasione per ammirare gli splendidi esemplari equini della zona, che concorrono, unitamente alle destrezza del rispettivo cavaliere, alla vittoria del premio in palio.<\/font><\/p>\n<p style=\"margin: 0cm 0cm 0pt\" class=\"MsoNormal\"><font face=\"Times New Roman\">Come ogni anno, oltre ai rappresentanti locali, partecipano delegazioni dei paesi limitrofi.<\/font><\/p>\n<p style=\"margin: 0cm 0cm 0pt\" class=\"MsoNormal\"><font face=\"Times New Roman\">Il programma dei festeggiamenti prosegue il 21 Settembre. Nella serata di luned\u00ec, solo quest\u2019anno in<span>  <\/span>via eccezionale, si terr\u00e0 l\u2019ormai famosa e tanto attesa Rievocazione Storica.<\/font><\/p>\n<p style=\"margin: 0cm 0cm 0pt\" class=\"MsoNormal\"><font face=\"Times New Roman\">Ma l\u2019evento, quest\u2019anno, \u00e8 ancora pi\u00f9 eccezionale. In vista dell\u2019ormai prossima apertura, la Rievocazione Storica, giunta quest\u2019anno alla sua XXVI edizione, avr\u00e0 luogo nel cortile del Castello.<\/font><\/p>\n<p style=\"margin: 0cm 0cm 0pt\" class=\"MsoNormal\"><font face=\"Times New Roman\">Si tratta di un avvenimento pi\u00f9 unico che raro. Da anni la bellezza di questo monumento \u00e8 nascosta al pubblico e quella del 21 sar\u00e0 una magnifica occasione.<\/font><\/p>\n<p style=\"margin: 0cm 0cm 0pt\" class=\"MsoNormal\"><font face=\"Times New Roman\">Quale evento pi\u00f9 appropriato, inoltre, per renderle giusto omaggio se non la Rievocazione Storica, che rappresenta proprio la Cerimonia di Insediamento del Marchese Antonio I Piccolomini nel 1463?<\/font><\/p>\n<p style=\"margin: 0cm 0cm 0pt\" class=\"MsoNormal\"><font face=\"Times New Roman\">Come sempre, il corteo partir\u00e0 alle 18.30 circa da Catalano e sfiler\u00e0 per le vie del paese con il suo variopinto seguito di dame e nobiluomini, rappresentanti del clero e sbandieratori (i bravissimi Federiciani di Lucera).<\/font><\/p>\n<p style=\"margin: 0cm 0cm 0pt\" class=\"MsoNormal\"><font face=\"Times New Roman\">Al termine della Cerimonia, il cortile del Castello si animer\u00e0 come all\u2019epoca dei Marchesi, luci, giochi, esibizioni di abilit\u00e0 e, per i ghiotti curiosi, assaggi gastronomici di piatti dell\u2019epoca.<\/font><\/p>\n<p style=\"margin: 0cm 0cm 0pt\" class=\"MsoNormal\"><font face=\"Times New Roman\">Marted\u00ec 22, come gi\u00e0 detto, sar\u00e0 dedicato all\u2019aspetto religioso della festa: nel pomeriggio \u00e8 prevista infatti la processione che porta per le strade del paese la statua di Maria Santissima dell\u2019Olmitello.<\/font><\/p>\n<p style=\"margin: 0cm 0cm 0pt\" class=\"MsoNormal\"><font face=\"Times New Roman\">Al clima del 21 si riallaccia l\u2019evento conclusivo dei festeggiamenti: la sera del 23 settembre alle 22:00 \u00e8 previsto uno straordinario spettacolo pirotecnico al Castello dal titolo, appunto \u201cAssalto al Castello\u201d, con giochi di luce mai visti prima. I dettagli rovinerebbero la sorpresa, quindi non ci resta che darvi un consiglio: non mancate!<\/font><\/p>\n<p><br clear=\"all\" \/><font face=\"Times New Roman\"><\/p>\n<hr align=\"left\" SIZE=\"1\" width=\"33%\" \/><\/font><\/p>\n<p style=\"margin: 0cm 0cm 0pt\" class=\"MsoFootnoteText\"><a href=\"http:\/\/null\/#_ftnref1\" title=\"_ftn1\" name=\"_ftn1\"><span class=\"MsoFootnoteReference\"><span><span class=\"MsoFootnoteReference\"><span style=\"font-family: 'Times New Roman'; font-size: 10pt\">[1]<\/span><\/span><\/span><\/span><\/a><font face=\"Times New Roman\"><font size=\"2\"> <\/font><span style=\"font-size: 8pt\">Amedeo Iossa, \u201cDeliceto, notizie storiche\u201d, 1972<\/span><\/font><\/p>\n","protected":false},"excerpt":{"rendered":"<p>A cura di Antonella Catenazzo &#8211; Si avvicina a grandi passi il 22 di Settembre, giorno in cui si festeggia la Madonna dell\u2019Olmitello e che simbolicamente fa da spartiacque tra l\u2019estate e l\u2019inverno: \u00e8 l\u2019ultima festa, che chiude la stagione delle vacanze estive e segna il ritorno alla scuola e al lavoro. Quest\u2019anno i festeggiamenti [&hellip;]<\/p>\n","protected":false},"author":29,"featured_media":0,"comment_status":"open","ping_status":"open","sticky":false,"template":"","format":"standard","meta":[],"categories":[7],"tags":[],"_links":{"self":[{"href":"http:\/\/www.prolocodeliceto.it\/zeroweb\/index.php?rest_route=\/wp\/v2\/posts\/971"}],"collection":[{"href":"http:\/\/www.prolocodeliceto.it\/zeroweb\/index.php?rest_route=\/wp\/v2\/posts"}],"about":[{"href":"http:\/\/www.prolocodeliceto.it\/zeroweb\/index.php?rest_route=\/wp\/v2\/types\/post"}],"author":[{"embeddable":true,"href":"http:\/\/www.prolocodeliceto.it\/zeroweb\/index.php?rest_route=\/wp\/v2\/users\/29"}],"replies":[{"embeddable":true,"href":"http:\/\/www.prolocodeliceto.it\/zeroweb\/index.php?rest_route=%2Fwp%2Fv2%2Fcomments&post=971"}],"version-history":[{"count":0,"href":"http:\/\/www.prolocodeliceto.it\/zeroweb\/index.php?rest_route=\/wp\/v2\/posts\/971\/revisions"}],"wp:attachment":[{"href":"http:\/\/www.prolocodeliceto.it\/zeroweb\/index.php?rest_route=%2Fwp%2Fv2%2Fmedia&parent=971"}],"wp:term":[{"taxonomy":"category","embeddable":true,"href":"http:\/\/www.prolocodeliceto.it\/zeroweb\/index.php?rest_route=%2Fwp%2Fv2%2Fcategories&post=971"},{"taxonomy":"post_tag","embeddable":true,"href":"http:\/\/www.prolocodeliceto.it\/zeroweb\/index.php?rest_route=%2Fwp%2Fv2%2Ftags&post=971"}],"curies":[{"name":"wp","href":"https:\/\/api.w.org\/{rel}","templated":true}]}}