{"id":9701,"date":"2014-01-07T10:16:11","date_gmt":"2014-01-07T09:16:11","guid":{"rendered":"http:\/\/www.prolocodeliceto.it\/zeroweb\/?p=9701"},"modified":"2014-01-07T10:20:15","modified_gmt":"2014-01-07T09:20:15","slug":"grazie-2","status":"publish","type":"post","link":"http:\/\/www.prolocodeliceto.it\/zeroweb\/?p=9701","title":{"rendered":"GRAZIE&#8230;"},"content":{"rendered":"<p><a href=\"http:\/\/www.prolocodeliceto.it\/zeroweb\/wp-content\/uploads\/41.jpg\"><img decoding=\"async\" loading=\"lazy\" class=\"aligncenter size-full wp-image-9704\" title=\"logo pro loco\" src=\"http:\/\/www.prolocodeliceto.it\/zeroweb\/wp-content\/uploads\/41.jpg\" alt=\"\" width=\"496\" height=\"702\" srcset=\"http:\/\/www.prolocodeliceto.it\/zeroweb\/wp-content\/uploads\/41.jpg 496w, http:\/\/www.prolocodeliceto.it\/zeroweb\/wp-content\/uploads\/41-211x300.jpg 211w\" sizes=\"(max-width: 496px) 100vw, 496px\" \/><\/a><\/p>\n<p>Gentilissimi,<\/p>\n<p>l&#8217;Associazione Turistica Pro Loco &#8220;A. Iossa&#8221; di Deliceto, dagli inizi degli anni ottanta, \u00a0 organizza il Presepe Vivente, \u00a0una manifestazione tendente a valorizzare la storia, la cultura, le tradizioni e le bellezze &#8220;<em>poco conosciute<\/em>&#8221; della nostra cittadina. Un Presepe &#8220;napoletano&#8221;, per ricordare la presenza presso il Convento della Consolazione di Deliceto, tra il 1744 e il 1747, del Grande Dottore della Chiesa, S. Alfonso M. De Liguori, autore di una delle pi\u00f9 belle nenie natalizie, &#8220;Tu Scendi dalle Stelle&#8221;, composta proprio in questo luogo. Con la presente, sentiamo il dovere di ringraziare vivamente tutti Voi, giunti da ogni dove, che con la Vostra presenza, \u00a0nelle due serate di rappresentazione, ci avete onorati. Vi ringraziamo ulteriormente, perch\u00e8 con il Vostro piccolo contributo, ci avete dato la possibilit\u00e0 di organizzare un evento, molto impegnativo (mesi di estenuante lavoro) e dispendioso. (da annoverare&#8230; \u00a0l&#8217;asportazione e quindi l&#8217;integrazione di materiale elettrico e scenico da parte dei soliti ignoti). A conclusione, ci riteniamo abbastanza soddisfatti dell&#8217;iniziativa, supportata egregiamente dalle Associazioni che con noi hanno collaborato: Gruppo Ekoclub International di Deliceto, che con seriet\u00e0, hanno messo a disposizione tutta la professionalit\u00e0 nell&#8217;allestimento delle proprie scene; \u00a0Gruppo Orafolk. Oratorio S. Domenico Savio di Deliceto, \u00a0che con il loro ricco e magistrale repertorio di canti e coinvolgenti balli, hanno portato un tocco di allegria; \u00a0I ragazzi dell&#8217;Oratorio di Castelluccio dei Sauri, che brillantemente, hanno rappresentato una scena popolare, dando vitalit\u00e0 ad un angolo caratteristico del centro storico; Gli amici di Rignano Garganico, (Autorit\u00e0, figuranti e cittadini) giunti numerosi, con noi gemellati, a cui va un grosso e fraterno saluto di affetto, \u00a0per questo bellissimo rapporto intrapreso, che, \u00a0ci auguriamo possa continuare e migliorare nel tempo; Tutti i figuranti, popolani e borghesi, molti arrivati da lontano, che \u00a0nelle singole scene, \u00a0hanno interpretato il proprio ruolo con capacit\u00e0 e seriet\u00e0; un grosso grazie alla &#8220;Sacra Famiglia&#8221;, Coniugi Pinnelli-Ambrosino per la disponibilit\u00e0. Vorremmo continuare all&#8217;infinito, per ringraziare tutti, uno per uno, \u00a0perch\u00e8 \u00a0anche grazie alla \u00a0loro disponibilit\u00e0, si \u00e8 potuto ottenere il meritato successo. In ultimo, un doveroso ringraziamento va all&#8217;Amministrazione Comunale di Deliceto, sempre sensibile \u00e8 presente alla promozione della nostra cittadina, al Comando della Polizia Municipale, alla Protezione Civile, per la professionalit\u00e0 messa a disposizione, a Rocco e Pasquale \u00a0D&#8217;Agnello, che a titolo gratuito hanno messo a disposizione elementi scenici importanti, nella grotta della Nativit\u00e0; \u00a0Grazie a tutti gli sponsor, che anche \u00a0con il loro piccolo contributo, \u00a0hanno permesso la realizzazione di questa manifestazione. Nella speranza di rivederci nel \u00a0prossimo futuro, tutti insieme &#8220;attori e visitatori&#8221; per \u00a0 ammirare ed apprezzare altre bellezze della nostra Deliceto, giunga a tutti Voi un augurio di Buon Anno e un caloroso ed affettuoso GRAZIE.<\/p>\n<p><em>Il Comitato Pro Loco Deliceto.<\/em><\/p>\n<p>&nbsp;<\/p>\n","protected":false},"excerpt":{"rendered":"<p>Gentilissimi, l&#8217;Associazione Turistica Pro Loco &#8220;A. Iossa&#8221; di Deliceto, dagli inizi degli anni ottanta, \u00a0 organizza il Presepe Vivente, \u00a0una manifestazione tendente a valorizzare la storia, la cultura, le tradizioni e le bellezze &#8220;poco conosciute&#8221; della nostra cittadina. Un Presepe &#8220;napoletano&#8221;, per ricordare la presenza presso il Convento della Consolazione di Deliceto, tra il 1744 [&hellip;]<\/p>\n","protected":false},"author":29,"featured_media":9704,"comment_status":"open","ping_status":"open","sticky":false,"template":"","format":"standard","meta":[],"categories":[7],"tags":[],"_links":{"self":[{"href":"http:\/\/www.prolocodeliceto.it\/zeroweb\/index.php?rest_route=\/wp\/v2\/posts\/9701"}],"collection":[{"href":"http:\/\/www.prolocodeliceto.it\/zeroweb\/index.php?rest_route=\/wp\/v2\/posts"}],"about":[{"href":"http:\/\/www.prolocodeliceto.it\/zeroweb\/index.php?rest_route=\/wp\/v2\/types\/post"}],"author":[{"embeddable":true,"href":"http:\/\/www.prolocodeliceto.it\/zeroweb\/index.php?rest_route=\/wp\/v2\/users\/29"}],"replies":[{"embeddable":true,"href":"http:\/\/www.prolocodeliceto.it\/zeroweb\/index.php?rest_route=%2Fwp%2Fv2%2Fcomments&post=9701"}],"version-history":[{"count":4,"href":"http:\/\/www.prolocodeliceto.it\/zeroweb\/index.php?rest_route=\/wp\/v2\/posts\/9701\/revisions"}],"predecessor-version":[{"id":9706,"href":"http:\/\/www.prolocodeliceto.it\/zeroweb\/index.php?rest_route=\/wp\/v2\/posts\/9701\/revisions\/9706"}],"wp:featuredmedia":[{"embeddable":true,"href":"http:\/\/www.prolocodeliceto.it\/zeroweb\/index.php?rest_route=\/wp\/v2\/media\/9704"}],"wp:attachment":[{"href":"http:\/\/www.prolocodeliceto.it\/zeroweb\/index.php?rest_route=%2Fwp%2Fv2%2Fmedia&parent=9701"}],"wp:term":[{"taxonomy":"category","embeddable":true,"href":"http:\/\/www.prolocodeliceto.it\/zeroweb\/index.php?rest_route=%2Fwp%2Fv2%2Fcategories&post=9701"},{"taxonomy":"post_tag","embeddable":true,"href":"http:\/\/www.prolocodeliceto.it\/zeroweb\/index.php?rest_route=%2Fwp%2Fv2%2Ftags&post=9701"}],"curies":[{"name":"wp","href":"https:\/\/api.w.org\/{rel}","templated":true}]}}