{"id":967,"date":"2009-09-08T22:17:02","date_gmt":"2009-09-08T21:17:02","guid":{"rendered":"http:\/\/www.prolocodeliceto.it\/zeroweb\/?p=967"},"modified":"2009-09-10T12:15:17","modified_gmt":"2009-09-10T11:15:17","slug":"meridaunia-ospitala-seconda-missione-dei-gal-del-kossovo","status":"publish","type":"post","link":"http:\/\/www.prolocodeliceto.it\/zeroweb\/?p=967","title":{"rendered":"Meridaunia ospita la seconda missione dei GAL del Kossovo"},"content":{"rendered":"<p style=\"text-align: center\" class=\"MsoNormal\" align=\"center\"><strong><font size=\"4\" face=\"Garamond\"><span style=\"font-family: Garamond; font-size: 14pt; font-weight: bold\">COMUNICATO STAMPA<\/span><\/font><\/strong><\/p>\n<p><strong><u><font size=\"4\" face=\"Garamond\"><span style=\"font-family: Garamond; font-size: 14pt; font-weight: bold\"><span style=\"text-decoration: none\"><\/span><\/span><\/font><\/u><\/strong><\/p>\n<p style=\"text-align: center\" class=\"MsoNormal\" align=\"center\"><strong><u><font size=\"4\" face=\"Garamond\"><span style=\"font-family: Garamond; font-size: 14pt; font-weight: bold\">Meridaunia ospita la seconda missione italiana dei Gal del Kosovo <\/span><\/font><\/u><\/strong><\/p>\n<p><font size=\"3\" face=\"Garamond\"><span style=\"font-family: Garamond; font-size: 12pt\"><\/span><\/font><\/p>\n<p style=\"text-align: justify\" class=\"MsoNormal\"><font size=\"3\" face=\"Garamond\"><span style=\"font-family: Garamond; font-size: 12pt\">Dopo la visita dello scorso aprile, torna presso il Gal Meridaunia una delegazione di 6 rappresentanti dei Gal del Kosovo per una missione di 5 giorni finalizzata a conoscere da vicino il modello di funzionamento dei Gal italiani, ed in particolare di Meridaunia.<\/span><\/font><\/p>\n<p style=\"text-align: justify\" class=\"MsoNormal\"><font size=\"3\" face=\"Garamond\"><span style=\"font-family: Garamond; font-size: 12pt\">La missione rientra in un progetto voluto e finanziato dalla Commissione Europea che intende supportare la crescita e l\u2019implementazione delle attivit\u00e0 dei Gal in Kosovo, Paese con un passato difficile che ha fortemente bisogno di assistenza e guida nel suo percorso di sviluppo interno.<\/span><\/font><\/p>\n<p style=\"text-align: justify\" class=\"MsoNormal\"><font size=\"3\" face=\"Garamond\"><span style=\"font-family: Garamond; font-size: 12pt\">Per la seconda volta, quindi,\n<personname w:st=\"on\" ProductID=\"la Commissione Europea\"><\/personname>la Commissione Europea ha selezionato il Gal Meridaunia quale esempio di buon funzionamento di un Gruppo di Azione Locale. <\/span><\/font><\/p>\n<p style=\"text-align: justify\" class=\"MsoNormal\"><font size=\"3\" face=\"Garamond\"><span style=\"font-family: Garamond; font-size: 12pt\">I colleghi kosovari rappresentano alcuni dei <metricconverter w:st=\"on\" ProductID=\"27 Gal\"><\/metricconverter>27 Gal kosovari che sono in una fase molto iniziale di attivit\u00e0 sul territorio e che quindi hanno bisogno di formazione e di assistenza soprattutto per il reperimento e per l\u2019utilizzo di fondi pubblici comunitari per lo sviluppo del territorio. Alcuni di loro sono presidenti di Gal appena costituiti, altri tecnici e, infine, tra loro anche una rappresentante del Ministero dell\u2019Agricoltura kosovaro. <\/span><\/font><\/p>\n<p style=\"text-align: justify\" class=\"MsoNormal\"><font size=\"3\" face=\"Garamond\"><span style=\"font-family: Garamond; font-size: 12pt\">Nelle cinque giornate del seminario italiano, dal 6 al 10 settembre, viene proposto un percorso di formazione che tocca i punti pi\u00f9 importanti del funzionamento di un Gal: come si costituisce un Gal, come di gestisce un fondo comunitario, come si crea sviluppo sul territorio e l\u2019idea di <em><span style=\"font-style: italic\">governance <\/span><\/em>territoriale sulla quale il gal Meridaunia sta puntando con forza ed altri aspetti ancora. Inoltre, una giornata \u00e8 dedicata alle visite nelle aziende del territorio beneficiarie di fondi Gal, cos\u00ec da toccare con mano le modalit\u00e0 di utilizzo dei fondi comunitari e capire concretamente la finalit\u00e0 ultima dell\u2019attivit\u00e0 del Gal, ovvero lo sviluppo del territorio.<\/span><\/font><\/p>\n<p style=\"text-align: justify\" class=\"MsoNormal\"><font size=\"3\" face=\"Garamond\"><span style=\"font-family: Garamond; font-size: 12pt\">L\u2019incontro con i rappresentanti di Gal stranieri rappresenta per Meridaunia anche un\u2019ottima opportunit\u00e0 per avviare forme di collaborazione e di cooperazione transazionale.<\/span><\/font><\/p>\n<p style=\"text-align: justify\" class=\"MsoNormal\"><font size=\"3\" face=\"Garamond\"><span style=\"font-family: Garamond; font-size: 12pt\">Inoltre, gli ospiti kosovari hanno alloggiato presso le strutture ricettive presenti a Bovino, bed and breakfast e appartamenti, alcuni di questi ristrutturati e adibiti all\u2019ospitalit\u00e0 grazie a contributi del Gal Meridaunia del progetto \u201cL\u2019albergo diffuso\u201d. <\/span><\/font><\/p>\n<p><font size=\"2\" face=\"Arial\"><span style=\"font-family: Arial; font-size: 10pt\"><\/span><\/font><font size=\"2\" face=\"Arial\"><span style=\"font-family: Arial; font-size: 10pt\"><font size=\"2\" face=\"Arial\"><span style=\"font-family: Arial; font-size: 10pt\"><\/span><\/font><\/span><\/font><\/p>\n","protected":false},"excerpt":{"rendered":"<p>COMUNICATO STAMPA Meridaunia ospita la seconda missione italiana dei Gal del Kosovo Dopo la visita dello scorso aprile, torna presso il Gal Meridaunia una delegazione di 6 rappresentanti dei Gal del Kosovo per una missione di 5 giorni finalizzata a conoscere da vicino il modello di funzionamento dei Gal italiani, ed in particolare di Meridaunia. [&hellip;]<\/p>\n","protected":false},"author":29,"featured_media":0,"comment_status":"open","ping_status":"open","sticky":false,"template":"","format":"standard","meta":[],"categories":[7],"tags":[],"_links":{"self":[{"href":"http:\/\/www.prolocodeliceto.it\/zeroweb\/index.php?rest_route=\/wp\/v2\/posts\/967"}],"collection":[{"href":"http:\/\/www.prolocodeliceto.it\/zeroweb\/index.php?rest_route=\/wp\/v2\/posts"}],"about":[{"href":"http:\/\/www.prolocodeliceto.it\/zeroweb\/index.php?rest_route=\/wp\/v2\/types\/post"}],"author":[{"embeddable":true,"href":"http:\/\/www.prolocodeliceto.it\/zeroweb\/index.php?rest_route=\/wp\/v2\/users\/29"}],"replies":[{"embeddable":true,"href":"http:\/\/www.prolocodeliceto.it\/zeroweb\/index.php?rest_route=%2Fwp%2Fv2%2Fcomments&post=967"}],"version-history":[{"count":0,"href":"http:\/\/www.prolocodeliceto.it\/zeroweb\/index.php?rest_route=\/wp\/v2\/posts\/967\/revisions"}],"wp:attachment":[{"href":"http:\/\/www.prolocodeliceto.it\/zeroweb\/index.php?rest_route=%2Fwp%2Fv2%2Fmedia&parent=967"}],"wp:term":[{"taxonomy":"category","embeddable":true,"href":"http:\/\/www.prolocodeliceto.it\/zeroweb\/index.php?rest_route=%2Fwp%2Fv2%2Fcategories&post=967"},{"taxonomy":"post_tag","embeddable":true,"href":"http:\/\/www.prolocodeliceto.it\/zeroweb\/index.php?rest_route=%2Fwp%2Fv2%2Ftags&post=967"}],"curies":[{"name":"wp","href":"https:\/\/api.w.org\/{rel}","templated":true}]}}