{"id":9603,"date":"2013-12-27T15:41:57","date_gmt":"2013-12-27T14:41:57","guid":{"rendered":"http:\/\/www.prolocodeliceto.it\/zeroweb\/?p=9603"},"modified":"2013-12-28T00:35:07","modified_gmt":"2013-12-27T23:35:07","slug":"un-presepe-da-favola","status":"publish","type":"post","link":"http:\/\/www.prolocodeliceto.it\/zeroweb\/?p=9603","title":{"rendered":"UN PRESEPE DA FAVOLA&#8230;"},"content":{"rendered":"<p><a href=\"http:\/\/www.prolocodeliceto.it\/zeroweb\/wp-content\/uploads\/nativit\u00e0-12.jpg\"><img decoding=\"async\" loading=\"lazy\" class=\"aligncenter size-full wp-image-9604\" title=\"presepe vivente 2013\/14\" src=\"http:\/\/www.prolocodeliceto.it\/zeroweb\/wp-content\/uploads\/nativit\u00e0-12.jpg\" alt=\"\" width=\"816\" height=\"612\" srcset=\"http:\/\/www.prolocodeliceto.it\/zeroweb\/wp-content\/uploads\/nativit\u00e0-12.jpg 816w, http:\/\/www.prolocodeliceto.it\/zeroweb\/wp-content\/uploads\/nativit\u00e0-12-300x225.jpg 300w\" sizes=\"(max-width: 816px) 100vw, 816px\" \/><\/a><\/p>\n<p>DELICETO, PRESEPE VIVENTE 2013\/14<\/p>\n<p>E&#8217; andato in scena gioved\u00ec 26 dicembre, come ormai avviene da ben 27 anni, il Presepe Vivente di Deliceto. La manifestazione, organizzata dalla locale Associazione Turistica\u00a0 Pro Loco &#8220;A. Iossa&#8221;, in collaborazione con Amministrazione Comunale, Gruppo Orafolk, Ass. Ekoclub International e Protezione Civile, si \u00e8 snodata lungo un percorso, che ha visto coinvolto gli angoli pi\u00f9 caratteristici del centro storico di Deliceto, partendo dall&#8217;antica Porta Scarano, dove \u00e8 stota ricostruita, per l&#8217;occasione, \u00a0l&#8217;antica struttura in legno, sorvegliata da guardie marchesali e archibugeri. Scene settecentesche, hanno animato il rione, oramai quasi del tutto disabitato, fino ad arrivare alla stupenda scena della Nativit\u00e0, ricavata in una grotta mozzafiato, tra ruderi e rocce a strapiombo sulla rupe sottostante. Uno spettacolo unico, sconosciuto anche ai residenti. Il percorso, proseguiva, presso il Castello Normanno, dove guardie e\u00a0nobili borghesi, dando il benvenuto a tutti i visitatori, invitavano alla visita.\u00a0La scuderia marchesale, con tanto di gendarmeria, si alternavano alle attivita castellane,\u00a0di un giorno festante. Le migliaia di visitatori, giunti da ogni angolo della provincia, dando un contributo di \u20ac 3,00 euro, ( bambini sino a dieci anni esclusi) hanno ricevuto una moneta ricordo per l&#8217;accesso e gustare lungo il tragitto prodotti locali. Un encomio a tutti gli organizzatori, per l&#8217;enorme lavoro svolto, che promettono tante altre novit\u00e0 per il sei gennaio, in occasione dello spettacolare arrivo dei magi.<\/p>\n<p>&nbsp;<\/p>\n<p><a href=\"http:\/\/www.prolocodeliceto.it\/zeroweb\/wp-content\/uploads\/SH107269.jpg\"><img decoding=\"async\" loading=\"lazy\" class=\"alignnone  wp-image-9611\" title=\"ruderi\" src=\"http:\/\/www.prolocodeliceto.it\/zeroweb\/wp-content\/uploads\/SH107269.jpg\" alt=\"\" width=\"240\" height=\"181\" srcset=\"http:\/\/www.prolocodeliceto.it\/zeroweb\/wp-content\/uploads\/SH107269.jpg 343w, http:\/\/www.prolocodeliceto.it\/zeroweb\/wp-content\/uploads\/SH107269-300x225.jpg 300w\" sizes=\"(max-width: 240px) 100vw, 240px\" \/><\/a>\u00a0 \u00a0\u00a0<a href=\"http:\/\/www.prolocodeliceto.it\/zeroweb\/wp-content\/uploads\/SH107312.jpg\"><img decoding=\"async\" loading=\"lazy\" class=\"alignnone  wp-image-9613\" title=\"stella cometa\" src=\"http:\/\/www.prolocodeliceto.it\/zeroweb\/wp-content\/uploads\/SH107312.jpg\" alt=\"\" width=\"209\" height=\"156\" srcset=\"http:\/\/www.prolocodeliceto.it\/zeroweb\/wp-content\/uploads\/SH107312.jpg 425w, http:\/\/www.prolocodeliceto.it\/zeroweb\/wp-content\/uploads\/SH107312-300x225.jpg 300w\" sizes=\"(max-width: 209px) 100vw, 209px\" \/><\/a>\u00a0\u00a0<a href=\"http:\/\/www.prolocodeliceto.it\/zeroweb\/wp-content\/uploads\/SH10727911.jpg\"><img decoding=\"async\" loading=\"lazy\" class=\"alignnone  wp-image-9614\" title=\"grotta\" src=\"http:\/\/www.prolocodeliceto.it\/zeroweb\/wp-content\/uploads\/SH10727911.jpg\" alt=\"\" width=\"298\" height=\"223\" srcset=\"http:\/\/www.prolocodeliceto.it\/zeroweb\/wp-content\/uploads\/SH10727911.jpg 425w, http:\/\/www.prolocodeliceto.it\/zeroweb\/wp-content\/uploads\/SH10727911-300x225.jpg 300w\" sizes=\"(max-width: 298px) 100vw, 298px\" \/><\/a><\/p>\n<p><a href=\"http:\/\/www.prolocodeliceto.it\/zeroweb\/wp-content\/uploads\/SH107233.jpg\"><img decoding=\"async\" loading=\"lazy\" class=\"alignnone  wp-image-9616\" title=\"porta scarano\" src=\"http:\/\/www.prolocodeliceto.it\/zeroweb\/wp-content\/uploads\/SH107233.jpg\" alt=\"\" width=\"207\" height=\"274\" \/><\/a>\u00a0<a href=\"http:\/\/www.prolocodeliceto.it\/zeroweb\/wp-content\/uploads\/SH107223.jpg\"><img decoding=\"async\" loading=\"lazy\" class=\"alignnone  wp-image-9618\" title=\"porta scarano 1\" src=\"http:\/\/www.prolocodeliceto.it\/zeroweb\/wp-content\/uploads\/SH107223.jpg\" alt=\"\" width=\"258\" height=\"343\" srcset=\"http:\/\/www.prolocodeliceto.it\/zeroweb\/wp-content\/uploads\/SH107223.jpg 368w, http:\/\/www.prolocodeliceto.it\/zeroweb\/wp-content\/uploads\/SH107223-225x300.jpg 225w\" sizes=\"(max-width: 258px) 100vw, 258px\" \/><\/a>\u00a0\u00a0<a href=\"http:\/\/www.prolocodeliceto.it\/zeroweb\/wp-content\/uploads\/SH107262.jpg\"><img decoding=\"async\" loading=\"lazy\" class=\"alignnone  wp-image-9621\" title=\"lavandaie\" src=\"http:\/\/www.prolocodeliceto.it\/zeroweb\/wp-content\/uploads\/SH107262.jpg\" alt=\"\" width=\"298\" height=\"223\" srcset=\"http:\/\/www.prolocodeliceto.it\/zeroweb\/wp-content\/uploads\/SH107262.jpg 425w, http:\/\/www.prolocodeliceto.it\/zeroweb\/wp-content\/uploads\/SH107262-300x225.jpg 300w\" sizes=\"(max-width: 298px) 100vw, 298px\" \/><\/a>\u00a0\u00a0<a href=\"http:\/\/www.prolocodeliceto.it\/zeroweb\/wp-content\/uploads\/SH107261.jpg\"><img decoding=\"async\" loading=\"lazy\" class=\"alignnone  wp-image-9623\" title=\"musici\" src=\"http:\/\/www.prolocodeliceto.it\/zeroweb\/wp-content\/uploads\/SH107261.jpg\" alt=\"\" width=\"343\" height=\"258\" srcset=\"http:\/\/www.prolocodeliceto.it\/zeroweb\/wp-content\/uploads\/SH107261.jpg 490w, http:\/\/www.prolocodeliceto.it\/zeroweb\/wp-content\/uploads\/SH107261-300x225.jpg 300w\" sizes=\"(max-width: 343px) 100vw, 343px\" \/><\/a>\u00a0\u00a0<a href=\"http:\/\/www.prolocodeliceto.it\/zeroweb\/wp-content\/uploads\/SH107248.jpg\"><img decoding=\"async\" loading=\"lazy\" class=\"alignnone  wp-image-9625\" title=\"castagnaio\" src=\"http:\/\/www.prolocodeliceto.it\/zeroweb\/wp-content\/uploads\/SH107248.jpg\" alt=\"\" width=\"298\" height=\"223\" srcset=\"http:\/\/www.prolocodeliceto.it\/zeroweb\/wp-content\/uploads\/SH107248.jpg 425w, http:\/\/www.prolocodeliceto.it\/zeroweb\/wp-content\/uploads\/SH107248-300x225.jpg 300w\" sizes=\"(max-width: 298px) 100vw, 298px\" \/><\/a>\u00a0<a href=\"http:\/\/www.prolocodeliceto.it\/zeroweb\/wp-content\/uploads\/SH107241.jpg\"><img decoding=\"async\" loading=\"lazy\" class=\"alignnone  wp-image-9626\" title=\"SAMSUNG DIGITAL CAMERA\" src=\"http:\/\/www.prolocodeliceto.it\/zeroweb\/wp-content\/uploads\/SH107241.jpg\" alt=\"\" width=\"298\" height=\"223\" srcset=\"http:\/\/www.prolocodeliceto.it\/zeroweb\/wp-content\/uploads\/SH107241.jpg 425w, http:\/\/www.prolocodeliceto.it\/zeroweb\/wp-content\/uploads\/SH107241-300x225.jpg 300w\" sizes=\"(max-width: 298px) 100vw, 298px\" \/><\/a>\u00a0<a href=\"http:\/\/www.prolocodeliceto.it\/zeroweb\/wp-content\/uploads\/SH107265.jpg\"><img decoding=\"async\" loading=\"lazy\" class=\"alignnone  wp-image-9628\" title=\"spigaio\" src=\"http:\/\/www.prolocodeliceto.it\/zeroweb\/wp-content\/uploads\/SH107265.jpg\" alt=\"\" width=\"207\" height=\"274\" \/><\/a>\u00a0<a href=\"http:\/\/www.prolocodeliceto.it\/zeroweb\/wp-content\/uploads\/SH107266.jpg\"><img decoding=\"async\" loading=\"lazy\" class=\"alignnone  wp-image-9630\" title=\"cestaio\" src=\"http:\/\/www.prolocodeliceto.it\/zeroweb\/wp-content\/uploads\/SH107266.jpg\" alt=\"\" width=\"298\" height=\"223\" srcset=\"http:\/\/www.prolocodeliceto.it\/zeroweb\/wp-content\/uploads\/SH107266.jpg 425w, http:\/\/www.prolocodeliceto.it\/zeroweb\/wp-content\/uploads\/SH107266-300x225.jpg 300w\" sizes=\"(max-width: 298px) 100vw, 298px\" \/><\/a><\/p>\n<p><a href=\"http:\/\/www.prolocodeliceto.it\/zeroweb\/wp-content\/uploads\/SH107288.jpg\"><img decoding=\"async\" loading=\"lazy\" class=\"alignnone  wp-image-9632\" title=\"momenti di vita\" src=\"http:\/\/www.prolocodeliceto.it\/zeroweb\/wp-content\/uploads\/SH107288.jpg\" alt=\"\" width=\"298\" height=\"223\" srcset=\"http:\/\/www.prolocodeliceto.it\/zeroweb\/wp-content\/uploads\/SH107288.jpg 425w, http:\/\/www.prolocodeliceto.it\/zeroweb\/wp-content\/uploads\/SH107288-300x225.jpg 300w\" sizes=\"(max-width: 298px) 100vw, 298px\" \/><\/a>\u00a0\u00a0<a href=\"http:\/\/www.prolocodeliceto.it\/zeroweb\/wp-content\/uploads\/SH107296.jpg\"><img decoding=\"async\" loading=\"lazy\" class=\"alignnone  wp-image-9634\" title=\"capera\" src=\"http:\/\/www.prolocodeliceto.it\/zeroweb\/wp-content\/uploads\/SH107296.jpg\" alt=\"\" width=\"298\" height=\"223\" srcset=\"http:\/\/www.prolocodeliceto.it\/zeroweb\/wp-content\/uploads\/SH107296.jpg 425w, http:\/\/www.prolocodeliceto.it\/zeroweb\/wp-content\/uploads\/SH107296-300x225.jpg 300w\" sizes=\"(max-width: 298px) 100vw, 298px\" \/><\/a>\u00a0<a href=\"http:\/\/www.prolocodeliceto.it\/zeroweb\/wp-content\/uploads\/SH107303.jpg\"><img decoding=\"async\" loading=\"lazy\" class=\"alignnone  wp-image-9636\" title=\"pastori\" src=\"http:\/\/www.prolocodeliceto.it\/zeroweb\/wp-content\/uploads\/SH107303.jpg\" alt=\"\" width=\"298\" height=\"223\" srcset=\"http:\/\/www.prolocodeliceto.it\/zeroweb\/wp-content\/uploads\/SH107303.jpg 425w, http:\/\/www.prolocodeliceto.it\/zeroweb\/wp-content\/uploads\/SH107303-300x225.jpg 300w\" sizes=\"(max-width: 298px) 100vw, 298px\" \/><\/a>\u00a0\u00a0<a href=\"http:\/\/www.prolocodeliceto.it\/zeroweb\/wp-content\/uploads\/SH107316.jpg\"><img decoding=\"async\" loading=\"lazy\" class=\"alignnone  wp-image-9637\" src=\"http:\/\/www.prolocodeliceto.it\/zeroweb\/wp-content\/uploads\/SH107316.jpg\" alt=\"\" width=\"298\" height=\"223\" srcset=\"http:\/\/www.prolocodeliceto.it\/zeroweb\/wp-content\/uploads\/SH107316.jpg 425w, http:\/\/www.prolocodeliceto.it\/zeroweb\/wp-content\/uploads\/SH107316-300x225.jpg 300w\" sizes=\"(max-width: 298px) 100vw, 298px\" \/><\/a>\u00a0\u00a0<a href=\"http:\/\/www.prolocodeliceto.it\/zeroweb\/wp-content\/uploads\/SH107318.jpg\"><img decoding=\"async\" loading=\"lazy\" class=\"alignnone  wp-image-9638\" title=\"carrozza\" src=\"http:\/\/www.prolocodeliceto.it\/zeroweb\/wp-content\/uploads\/SH107318.jpg\" alt=\"\" width=\"298\" height=\"223\" srcset=\"http:\/\/www.prolocodeliceto.it\/zeroweb\/wp-content\/uploads\/SH107318.jpg 425w, http:\/\/www.prolocodeliceto.it\/zeroweb\/wp-content\/uploads\/SH107318-300x225.jpg 300w\" sizes=\"(max-width: 298px) 100vw, 298px\" \/><\/a>\u00a0<a href=\"http:\/\/www.prolocodeliceto.it\/zeroweb\/wp-content\/uploads\/SH107320.jpg\"><img decoding=\"async\" loading=\"lazy\" class=\"alignnone  wp-image-9640\" title=\"armeria\" src=\"http:\/\/www.prolocodeliceto.it\/zeroweb\/wp-content\/uploads\/SH107320.jpg\" alt=\"\" width=\"298\" height=\"223\" srcset=\"http:\/\/www.prolocodeliceto.it\/zeroweb\/wp-content\/uploads\/SH107320.jpg 425w, http:\/\/www.prolocodeliceto.it\/zeroweb\/wp-content\/uploads\/SH107320-300x225.jpg 300w\" sizes=\"(max-width: 298px) 100vw, 298px\" \/><\/a>\u00a0<a href=\"http:\/\/www.prolocodeliceto.it\/zeroweb\/wp-content\/uploads\/SH107323.jpg\"><img decoding=\"async\" loading=\"lazy\" class=\"alignnone  wp-image-9642\" title=\"scuderia\" src=\"http:\/\/www.prolocodeliceto.it\/zeroweb\/wp-content\/uploads\/SH107323.jpg\" alt=\"\" width=\"298\" height=\"223\" srcset=\"http:\/\/www.prolocodeliceto.it\/zeroweb\/wp-content\/uploads\/SH107323.jpg 425w, http:\/\/www.prolocodeliceto.it\/zeroweb\/wp-content\/uploads\/SH107323-300x225.jpg 300w\" sizes=\"(max-width: 298px) 100vw, 298px\" \/><\/a>\u00a0<a href=\"http:\/\/www.prolocodeliceto.it\/zeroweb\/wp-content\/uploads\/SH107322.jpg\"><img decoding=\"async\" loading=\"lazy\" class=\"alignnone  wp-image-9644\" title=\"capo gendarme\" src=\"http:\/\/www.prolocodeliceto.it\/zeroweb\/wp-content\/uploads\/SH107322.jpg\" alt=\"\" width=\"298\" height=\"223\" srcset=\"http:\/\/www.prolocodeliceto.it\/zeroweb\/wp-content\/uploads\/SH107322.jpg 425w, http:\/\/www.prolocodeliceto.it\/zeroweb\/wp-content\/uploads\/SH107322-300x225.jpg 300w\" sizes=\"(max-width: 298px) 100vw, 298px\" \/><\/a>\u00a0<a href=\"http:\/\/www.prolocodeliceto.it\/zeroweb\/wp-content\/uploads\/SH107329.jpg\"><img decoding=\"async\" loading=\"lazy\" class=\"alignnone  wp-image-9646\" title=\"maniscalco\" src=\"http:\/\/www.prolocodeliceto.it\/zeroweb\/wp-content\/uploads\/SH107329.jpg\" alt=\"\" width=\"298\" height=\"223\" srcset=\"http:\/\/www.prolocodeliceto.it\/zeroweb\/wp-content\/uploads\/SH107329.jpg 425w, http:\/\/www.prolocodeliceto.it\/zeroweb\/wp-content\/uploads\/SH107329-300x225.jpg 300w\" sizes=\"(max-width: 298px) 100vw, 298px\" \/><\/a>\u00a0<a href=\"http:\/\/www.prolocodeliceto.it\/zeroweb\/wp-content\/uploads\/SH107332.jpg\"><img decoding=\"async\" loading=\"lazy\" class=\"alignnone  wp-image-9648\" title=\"carradore\" src=\"http:\/\/www.prolocodeliceto.it\/zeroweb\/wp-content\/uploads\/SH107332.jpg\" alt=\"\" width=\"298\" height=\"223\" srcset=\"http:\/\/www.prolocodeliceto.it\/zeroweb\/wp-content\/uploads\/SH107332.jpg 425w, http:\/\/www.prolocodeliceto.it\/zeroweb\/wp-content\/uploads\/SH107332-300x225.jpg 300w\" sizes=\"(max-width: 298px) 100vw, 298px\" \/><\/a>\u00a0<a href=\"http:\/\/www.prolocodeliceto.it\/zeroweb\/wp-content\/uploads\/SH107334.jpg\"><img decoding=\"async\" loading=\"lazy\" class=\"alignnone  wp-image-9650\" title=\"sellai\" src=\"http:\/\/www.prolocodeliceto.it\/zeroweb\/wp-content\/uploads\/SH107334.jpg\" alt=\"\" width=\"298\" height=\"223\" srcset=\"http:\/\/www.prolocodeliceto.it\/zeroweb\/wp-content\/uploads\/SH107334.jpg 425w, http:\/\/www.prolocodeliceto.it\/zeroweb\/wp-content\/uploads\/SH107334-300x225.jpg 300w\" sizes=\"(max-width: 298px) 100vw, 298px\" \/><\/a>\u00a0<a href=\"http:\/\/www.prolocodeliceto.it\/zeroweb\/wp-content\/uploads\/SH107336.jpg\"><img decoding=\"async\" loading=\"lazy\" class=\"alignnone  wp-image-9652\" title=\"gastronomia\" src=\"http:\/\/www.prolocodeliceto.it\/zeroweb\/wp-content\/uploads\/SH107336.jpg\" alt=\"\" width=\"298\" height=\"223\" srcset=\"http:\/\/www.prolocodeliceto.it\/zeroweb\/wp-content\/uploads\/SH107336.jpg 425w, http:\/\/www.prolocodeliceto.it\/zeroweb\/wp-content\/uploads\/SH107336-300x225.jpg 300w\" sizes=\"(max-width: 298px) 100vw, 298px\" \/><\/a>\u00a0<a href=\"http:\/\/www.prolocodeliceto.it\/zeroweb\/wp-content\/uploads\/SH107355.jpg\"><img decoding=\"async\" loading=\"lazy\" class=\"alignnone  wp-image-9654\" title=\"artigiano\" src=\"http:\/\/www.prolocodeliceto.it\/zeroweb\/wp-content\/uploads\/SH107355.jpg\" alt=\"\" width=\"298\" height=\"223\" srcset=\"http:\/\/www.prolocodeliceto.it\/zeroweb\/wp-content\/uploads\/SH107355.jpg 425w, http:\/\/www.prolocodeliceto.it\/zeroweb\/wp-content\/uploads\/SH107355-300x225.jpg 300w\" sizes=\"(max-width: 298px) 100vw, 298px\" \/><\/a>\u00a0<a href=\"http:\/\/www.prolocodeliceto.it\/zeroweb\/wp-content\/uploads\/SH107346.jpg\"><img decoding=\"async\" loading=\"lazy\" class=\"alignnone  wp-image-9656\" title=\"SAMSUNG DIGITAL CAMERA\" src=\"http:\/\/www.prolocodeliceto.it\/zeroweb\/wp-content\/uploads\/SH107346.jpg\" alt=\"\" width=\"298\" height=\"223\" srcset=\"http:\/\/www.prolocodeliceto.it\/zeroweb\/wp-content\/uploads\/SH107346.jpg 425w, http:\/\/www.prolocodeliceto.it\/zeroweb\/wp-content\/uploads\/SH107346-300x225.jpg 300w\" sizes=\"(max-width: 298px) 100vw, 298px\" \/><\/a>\u00a0<a href=\"http:\/\/www.prolocodeliceto.it\/zeroweb\/wp-content\/uploads\/SH1073441.jpg\"><img decoding=\"async\" loading=\"lazy\" class=\"alignnone  wp-image-9659\" title=\"folklore\" src=\"http:\/\/www.prolocodeliceto.it\/zeroweb\/wp-content\/uploads\/SH1073441.jpg\" alt=\"\" width=\"298\" height=\"223\" srcset=\"http:\/\/www.prolocodeliceto.it\/zeroweb\/wp-content\/uploads\/SH1073441.jpg 425w, http:\/\/www.prolocodeliceto.it\/zeroweb\/wp-content\/uploads\/SH1073441-300x225.jpg 300w\" sizes=\"(max-width: 298px) 100vw, 298px\" \/><\/a>\u00a0<a href=\"http:\/\/www.prolocodeliceto.it\/zeroweb\/wp-content\/uploads\/SH107358.jpg\"><img decoding=\"async\" loading=\"lazy\" class=\"alignnone  wp-image-9661\" title=\"ricamatrici\" src=\"http:\/\/www.prolocodeliceto.it\/zeroweb\/wp-content\/uploads\/SH107358.jpg\" alt=\"\" width=\"298\" height=\"223\" srcset=\"http:\/\/www.prolocodeliceto.it\/zeroweb\/wp-content\/uploads\/SH107358.jpg 425w, http:\/\/www.prolocodeliceto.it\/zeroweb\/wp-content\/uploads\/SH107358-300x225.jpg 300w\" sizes=\"(max-width: 298px) 100vw, 298px\" \/><\/a>\u00a0<a href=\"http:\/\/www.prolocodeliceto.it\/zeroweb\/wp-content\/uploads\/SH107364.jpg\"><img decoding=\"async\" loading=\"lazy\" class=\"alignnone  wp-image-9663\" title=\"artigiano\" src=\"http:\/\/www.prolocodeliceto.it\/zeroweb\/wp-content\/uploads\/SH107364.jpg\" alt=\"\" width=\"298\" height=\"223\" srcset=\"http:\/\/www.prolocodeliceto.it\/zeroweb\/wp-content\/uploads\/SH107364.jpg 425w, http:\/\/www.prolocodeliceto.it\/zeroweb\/wp-content\/uploads\/SH107364-300x225.jpg 300w\" sizes=\"(max-width: 298px) 100vw, 298px\" \/><\/a>\u00a0<a href=\"http:\/\/www.prolocodeliceto.it\/zeroweb\/wp-content\/uploads\/SH107377.jpg\"><img decoding=\"async\" loading=\"lazy\" class=\"alignnone  wp-image-9665\" title=\"padre alfonso\" src=\"http:\/\/www.prolocodeliceto.it\/zeroweb\/wp-content\/uploads\/SH107377.jpg\" alt=\"\" width=\"298\" height=\"223\" srcset=\"http:\/\/www.prolocodeliceto.it\/zeroweb\/wp-content\/uploads\/SH107377.jpg 425w, http:\/\/www.prolocodeliceto.it\/zeroweb\/wp-content\/uploads\/SH107377-300x225.jpg 300w\" sizes=\"(max-width: 298px) 100vw, 298px\" \/><\/a>\u00a0\u00a0<a href=\"http:\/\/www.prolocodeliceto.it\/zeroweb\/wp-content\/uploads\/SH107368.jpg\"><img decoding=\"async\" loading=\"lazy\" class=\"alignnone  wp-image-9667\" title=\"marchese e giullare\" src=\"http:\/\/www.prolocodeliceto.it\/zeroweb\/wp-content\/uploads\/SH107368.jpg\" alt=\"\" width=\"298\" height=\"223\" srcset=\"http:\/\/www.prolocodeliceto.it\/zeroweb\/wp-content\/uploads\/SH107368.jpg 425w, http:\/\/www.prolocodeliceto.it\/zeroweb\/wp-content\/uploads\/SH107368-300x225.jpg 300w\" sizes=\"(max-width: 298px) 100vw, 298px\" \/><\/a>\u00a0<a href=\"http:\/\/www.prolocodeliceto.it\/zeroweb\/wp-content\/uploads\/SH107369.jpg\"><img decoding=\"async\" loading=\"lazy\" class=\"alignnone  wp-image-9669\" title=\"salone\" src=\"http:\/\/www.prolocodeliceto.it\/zeroweb\/wp-content\/uploads\/SH107369.jpg\" alt=\"\" width=\"298\" height=\"223\" srcset=\"http:\/\/www.prolocodeliceto.it\/zeroweb\/wp-content\/uploads\/SH107369.jpg 425w, http:\/\/www.prolocodeliceto.it\/zeroweb\/wp-content\/uploads\/SH107369-300x225.jpg 300w\" sizes=\"(max-width: 298px) 100vw, 298px\" \/><\/a>\u00a0<a href=\"http:\/\/www.prolocodeliceto.it\/zeroweb\/wp-content\/uploads\/SH107370.jpg\"><img decoding=\"async\" loading=\"lazy\" class=\"alignnone  wp-image-9673\" title=\"salone\" src=\"http:\/\/www.prolocodeliceto.it\/zeroweb\/wp-content\/uploads\/SH107370.jpg\" alt=\"\" width=\"298\" height=\"223\" srcset=\"http:\/\/www.prolocodeliceto.it\/zeroweb\/wp-content\/uploads\/SH107370.jpg 425w, http:\/\/www.prolocodeliceto.it\/zeroweb\/wp-content\/uploads\/SH107370-300x225.jpg 300w\" sizes=\"(max-width: 298px) 100vw, 298px\" \/><\/a>\u00a0<a href=\"http:\/\/www.prolocodeliceto.it\/zeroweb\/wp-content\/uploads\/SH107374.jpg\"><img decoding=\"async\" loading=\"lazy\" class=\"alignnone  wp-image-9675\" title=\"Salone\" src=\"http:\/\/www.prolocodeliceto.it\/zeroweb\/wp-content\/uploads\/SH107374.jpg\" alt=\"\" width=\"298\" height=\"223\" srcset=\"http:\/\/www.prolocodeliceto.it\/zeroweb\/wp-content\/uploads\/SH107374.jpg 425w, http:\/\/www.prolocodeliceto.it\/zeroweb\/wp-content\/uploads\/SH107374-300x225.jpg 300w\" sizes=\"(max-width: 298px) 100vw, 298px\" \/><\/a><\/p>\n<p>&nbsp;<\/p>\n","protected":false},"excerpt":{"rendered":"<p>DELICETO, PRESEPE VIVENTE 2013\/14 E&#8217; andato in scena gioved\u00ec 26 dicembre, come ormai avviene da ben 27 anni, il Presepe Vivente di Deliceto. La manifestazione, organizzata dalla locale Associazione Turistica\u00a0 Pro Loco &#8220;A. Iossa&#8221;, in collaborazione con Amministrazione Comunale, Gruppo Orafolk, Ass. Ekoclub International e Protezione Civile, si \u00e8 snodata lungo un percorso, che ha [&hellip;]<\/p>\n","protected":false},"author":29,"featured_media":9604,"comment_status":"open","ping_status":"open","sticky":false,"template":"","format":"standard","meta":[],"categories":[7],"tags":[],"_links":{"self":[{"href":"http:\/\/www.prolocodeliceto.it\/zeroweb\/index.php?rest_route=\/wp\/v2\/posts\/9603"}],"collection":[{"href":"http:\/\/www.prolocodeliceto.it\/zeroweb\/index.php?rest_route=\/wp\/v2\/posts"}],"about":[{"href":"http:\/\/www.prolocodeliceto.it\/zeroweb\/index.php?rest_route=\/wp\/v2\/types\/post"}],"author":[{"embeddable":true,"href":"http:\/\/www.prolocodeliceto.it\/zeroweb\/index.php?rest_route=\/wp\/v2\/users\/29"}],"replies":[{"embeddable":true,"href":"http:\/\/www.prolocodeliceto.it\/zeroweb\/index.php?rest_route=%2Fwp%2Fv2%2Fcomments&post=9603"}],"version-history":[{"count":35,"href":"http:\/\/www.prolocodeliceto.it\/zeroweb\/index.php?rest_route=\/wp\/v2\/posts\/9603\/revisions"}],"predecessor-version":[{"id":9676,"href":"http:\/\/www.prolocodeliceto.it\/zeroweb\/index.php?rest_route=\/wp\/v2\/posts\/9603\/revisions\/9676"}],"wp:featuredmedia":[{"embeddable":true,"href":"http:\/\/www.prolocodeliceto.it\/zeroweb\/index.php?rest_route=\/wp\/v2\/media\/9604"}],"wp:attachment":[{"href":"http:\/\/www.prolocodeliceto.it\/zeroweb\/index.php?rest_route=%2Fwp%2Fv2%2Fmedia&parent=9603"}],"wp:term":[{"taxonomy":"category","embeddable":true,"href":"http:\/\/www.prolocodeliceto.it\/zeroweb\/index.php?rest_route=%2Fwp%2Fv2%2Fcategories&post=9603"},{"taxonomy":"post_tag","embeddable":true,"href":"http:\/\/www.prolocodeliceto.it\/zeroweb\/index.php?rest_route=%2Fwp%2Fv2%2Ftags&post=9603"}],"curies":[{"name":"wp","href":"https:\/\/api.w.org\/{rel}","templated":true}]}}