{"id":9587,"date":"2013-12-21T00:13:53","date_gmt":"2013-12-20T23:13:53","guid":{"rendered":"http:\/\/www.prolocodeliceto.it\/zeroweb\/?p=9587"},"modified":"2013-12-21T00:13:53","modified_gmt":"2013-12-20T23:13:53","slug":"conferenza-stampa-3","status":"publish","type":"post","link":"http:\/\/www.prolocodeliceto.it\/zeroweb\/?p=9587","title":{"rendered":"CONFERENZA STAMPA"},"content":{"rendered":"<h5 data-ft=\"{&quot;type&quot;:1,&quot;tn&quot;:&quot;K&quot;}\"><a href=\"http:\/\/www.prolocodeliceto.it\/zeroweb\/wp-content\/uploads\/conferenza-stampa-foggia-foto-di-gruppo.jpg\"><img decoding=\"async\" loading=\"lazy\" class=\"aligncenter size-full wp-image-9588\" title=\"conferenza stampa foggia- foto di gruppo\" src=\"http:\/\/www.prolocodeliceto.it\/zeroweb\/wp-content\/uploads\/conferenza-stampa-foggia-foto-di-gruppo.jpg\" alt=\"\" width=\"403\" height=\"300\" srcset=\"http:\/\/www.prolocodeliceto.it\/zeroweb\/wp-content\/uploads\/conferenza-stampa-foggia-foto-di-gruppo.jpg 403w, http:\/\/www.prolocodeliceto.it\/zeroweb\/wp-content\/uploads\/conferenza-stampa-foggia-foto-di-gruppo-300x223.jpg 300w\" sizes=\"(max-width: 403px) 100vw, 403px\" \/><\/a><\/h5>\n<h5 data-ft=\"{&quot;type&quot;:1,&quot;tn&quot;:&quot;K&quot;}\">CONFERENZA STAMPA PRESENTAZIONE PRESEPI RIGNANO GARGANICO E DELICETO.<\/p>\n<p>A Palazzo Dogana a Foggia, con una conferenza stampa presieduta da Fabio Costantini, Commissario Straordinario della Provincia, sono stati presentati i Presepi Viventi di Rignano Garganico e Deliceto, giunti rispettivamente alla XVI e alla XVII edizione.<br \/>\nIl gemellaggio dei due Presepi \u00e8 un sodalizio che, nasce nel 2010, e si consolida di anno in anno, grazie all\u2019amore dei due popoli verso la propria terra.<br \/>\n\u201cIl primo Presepe Vivente\u201d-ricorda il dott. Costantini- \u201cfu ad opera di San Francesco d\u2019Assisi, nel lontano 1200. Oggi, i Presepi Viventi, della nostra cultura, sono manifestazioni molto importanti, fanno rivivere l\u2019opera di San Francesco e sono il filo rosso che unisce la nostra penisola. Trasmettono un messaggio di pace, nell\u2019onda della tradizione, perci\u00f2 sono da tutelare.\u201d<br \/>\nL\u2019avv. Billa Consiglio, presidente di Promodaunia, spiega l\u2019importanza dei presepi viventi nella nostra cultura: \u201cIl rito del Presepe \u00e8 molto avvertito in questa nostra terra, perch\u00e9 \u00e8 un momento importante della nostra vita; rappresentano il momento della Nascita e della Salvezza. I due Presepi, ognuno con le proprie particolarit\u00e0, coinvolgono l\u2019intera popolazione, rafforzando il senso di appartenenza importante per lo sviluppo economico e sociale del territorio.\u201d<br \/>\nUn concetto ribadito anche dal sindaco di Deliceto, Antonio Montanino e dall\u2019assessore alla cultura di Rignano Garganico, Viviana Saponiere: un\u2019intera comunit\u00e0 che si mette a disposizione del proprio territorio, volontariamente.<br \/>\nLa promozione del territorio, in tempi di crisi economica come questi, dal lato umano \u00e8 di forte impatto emotivo, dall\u2019altro, quello pratico, risulta difficile e per le spese da sostenere e per duro lavoro che c\u2019\u00e8 dietro, \u201cma abbiamo fatto tutto il possibile per miglioraci\u201d \u2013 ha ribadito Luciano Draisci, Presidente dell\u2019Associazione Presepe Vivente Rignano Garganico \u2013 \u201cquest\u2019anno vogliamo dedicare la XVI edizione ai bambini, a coloro che in questo momento stanno soffrendo, come i piccoli ricoverati nel reparto di oncoematologia del Poliambulatorio Giovanni Paolo II di San Giovanni Rotondo. Qui opera L\u2019A.G.A.P.E. (Associazione Genitori e Amici Piccoli Emopatici), la quale avr\u00e0 uno stand per una vendita di beneficenza nei giorni della manifestazione e il giorno 21 dicembre, una piccola delegazione di comparse sar\u00e0 ospite della tradionale festa natalizia organizzata dall\u2019A.G.A.P.E. in ospedale\u201d.<br \/>\nA parlare dell\u2019associazione c\u2019\u00e8 Paola Baiano, responsabile A.G.A.P.E.: \u201cLa nostra associazione opera nel reparto di oncologia a San Giovanni Rotondo, ma abbiamo anche sezioni a Melfi, Manfredonia, San Severo, Carpino, San Nicandro, Trinitapoli e Voltura Appula (Fg). Nasce da un pap\u00e0 (Ciro De Sinno, Presidente dell\u2019associazione n.d.r.) che, dopo aver perso la propria figlia, ha voluto creare, in collaborazione con il personale medico e tanti volontari, un\u2019associazione che desse supporto logistico e morale ai bambini ricoverati e alle loro famiglie. Il nostro sogno \u00e8 creare una casa A.G.A.P.E in modo da ospitare i bambini in cura e le loro famiglie, quindi il ricavato della vendita di beneficenza far\u00e0 in modo che questo nostro sogno inizi a diventare una realt\u00e0\u201d.<br \/>\nAnche Deliceto, tramite Tino Baldassarre, Presidente della Pro Loco e Responsabile del Presepe Vivente, si \u00e8 unito a questa iniziativa invitando l\u2019A.G.A.P.E. ad esporre i propri lavori nei giorni in cui si svolger\u00e0 la manifestazione, giunta alla XXVII edizione: \u201cIl Presepe di Deliceto nasce alla fine degli anni \u201970, per valorizzare il Convento di Maria SS. della Consolazione e far conoscere l\u2019operato di due tra i pi\u00f9 grandi Santi della chiesa cattolica: Sant\u2019Alfonso Maria De\u2019Liguori e San Gerardo Maiella. Qui Sant\u2019Alfonso ha composto \u201cTu scendi dalle stelle\u201d e \u201cQuann nascette Ninne\u201d. Dagli anni \u201990 in poi il l\u2019allestimento del Presepe si \u00e8 spostato in paese, con un percorso che va dal castello normanno al centro storico, mostrando, attraverso la ricostruzione delle scene di vita quotidiana, la differenza tra la vita popolana e quella borghese. Auspichiamo che il sodalizio con Rignano Garganico duri nel tempo e spiace non vedere la partecipazione di altri presepi del circondario garganico\u201d.<br \/>\nIl Presepe Vivente di Deliceto si svolger\u00e0 nei giorni 26 dicembre e 6 gennaio, dalle ore 17.00 alle 21.00, mentre quello di Rignano Garganico potr\u00e0 essere visitato nei giorni 20 dicembre (dalle ore 9.00 alle ore 13.00), il 26 e il 29 dicembre (dalle ore 16.00 alle ore 21.00) e il 5 gennaio (dalle ore 16.00 alle ore 21.00).<br \/>\nPer maggiori informazioni:<br \/>\n3341350317 (Grazia )<br \/>\n3331303334 (Luciano)<\/h5>\n","protected":false},"excerpt":{"rendered":"<p>CONFERENZA STAMPA PRESENTAZIONE PRESEPI RIGNANO GARGANICO E DELICETO. A Palazzo Dogana a Foggia, con una conferenza stampa presieduta da Fabio Costantini, Commissario Straordinario della Provincia, sono stati presentati i Presepi Viventi di Rignano Garganico e Deliceto, giunti rispettivamente alla XVI e alla XVII edizione. Il gemellaggio dei due Presepi \u00e8 un sodalizio che, nasce nel [&hellip;]<\/p>\n","protected":false},"author":29,"featured_media":9588,"comment_status":"open","ping_status":"open","sticky":false,"template":"","format":"standard","meta":[],"categories":[7],"tags":[],"_links":{"self":[{"href":"http:\/\/www.prolocodeliceto.it\/zeroweb\/index.php?rest_route=\/wp\/v2\/posts\/9587"}],"collection":[{"href":"http:\/\/www.prolocodeliceto.it\/zeroweb\/index.php?rest_route=\/wp\/v2\/posts"}],"about":[{"href":"http:\/\/www.prolocodeliceto.it\/zeroweb\/index.php?rest_route=\/wp\/v2\/types\/post"}],"author":[{"embeddable":true,"href":"http:\/\/www.prolocodeliceto.it\/zeroweb\/index.php?rest_route=\/wp\/v2\/users\/29"}],"replies":[{"embeddable":true,"href":"http:\/\/www.prolocodeliceto.it\/zeroweb\/index.php?rest_route=%2Fwp%2Fv2%2Fcomments&post=9587"}],"version-history":[{"count":1,"href":"http:\/\/www.prolocodeliceto.it\/zeroweb\/index.php?rest_route=\/wp\/v2\/posts\/9587\/revisions"}],"predecessor-version":[{"id":9589,"href":"http:\/\/www.prolocodeliceto.it\/zeroweb\/index.php?rest_route=\/wp\/v2\/posts\/9587\/revisions\/9589"}],"wp:featuredmedia":[{"embeddable":true,"href":"http:\/\/www.prolocodeliceto.it\/zeroweb\/index.php?rest_route=\/wp\/v2\/media\/9588"}],"wp:attachment":[{"href":"http:\/\/www.prolocodeliceto.it\/zeroweb\/index.php?rest_route=%2Fwp%2Fv2%2Fmedia&parent=9587"}],"wp:term":[{"taxonomy":"category","embeddable":true,"href":"http:\/\/www.prolocodeliceto.it\/zeroweb\/index.php?rest_route=%2Fwp%2Fv2%2Fcategories&post=9587"},{"taxonomy":"post_tag","embeddable":true,"href":"http:\/\/www.prolocodeliceto.it\/zeroweb\/index.php?rest_route=%2Fwp%2Fv2%2Ftags&post=9587"}],"curies":[{"name":"wp","href":"https:\/\/api.w.org\/{rel}","templated":true}]}}