{"id":9387,"date":"2013-11-25T22:49:47","date_gmt":"2013-11-25T21:49:47","guid":{"rendered":"http:\/\/www.prolocodeliceto.it\/zeroweb\/?p=9387"},"modified":"2013-11-25T22:53:13","modified_gmt":"2013-11-25T21:53:13","slug":"felicitazioni-alla-campionessa-delicetana","status":"publish","type":"post","link":"http:\/\/www.prolocodeliceto.it\/zeroweb\/?p=9387","title":{"rendered":"FELICITAZIONI ALLA CAMPIONESSA DELICETANA&#8230;"},"content":{"rendered":"<p>&nbsp;<\/p>\n<header>\n<h1>E\u2019 foggiana la campionessa nazionale \u2018Giovanissimi\u2019 di Tiro a Segno, Premiata con il premio Deliceto 2013<\/h1>\n<p>Per Lucia Nancy Lavista l&#8217;amore per il tiro a segno \u00e8 nato quasi per gioco quando un giorno ha accompagnato la sorella maggiore ed ha voluto provare a sparare con la pistola ad aria compressa<\/p>\n<\/header>\n<p>&nbsp;<\/p>\n<div>\n<figure><a onclick=\"return false;\" href=\"http:\/\/3.citynews-foggiatoday.stgy.it\/~media\/originale\/9951350596296\/lucia-nancy-lavista-ha-soli-11-anni-gia-due-volte-campionessa.jpg\" rel=\"group\"><img decoding=\"async\" loading=\"lazy\" src=\"http:\/\/www.foggiatoday.it\/~media\/PP_big\/9951350596296\/lucia-nancy-lavista-ha-soli-11-anni-gia-due-volte-campionessa.jpg\" alt=\"La campionessa nella sede del Movimento Nuova Voce\" width=\"680\" height=\"300\" \/><\/a><figcaption>La campionessa nella sede del Movimento Nuova Voce<\/figcaption><\/figure>\n<div>\n<div><\/div>\n<p><strong>Ha accompagnato quasi per gioco la sorella pi\u00f9 grande in Poligono e da l\u00ec<\/strong>, ogni giorno, si reca per divertirsi, allenarsi e soprattutto vincere. \u00c8 la storia di Lucia Nancy Lavista, che a soli 11 anni \u00e8 gi\u00e0 due volte campionessa italiana di Tiro a Segno con la pistola ad aria compressa. &#8220;Se prova lei, provo anche io&#8221; queste sono state le parole che l&#8217;hanno fatta avvicinare a questo sport. Ed amore a prima vista \u00e8 stato quello verso la pistola ad aria compressa grazie alla quale, a Napoli, si \u00e8 aggiudicata il secondo titolo italiano consecutivo per la categoria giovanissimi.<\/p>\n<p>&nbsp;<\/p>\n<p><strong>&#8220;Siamo fieri dei nostri giovani talenti foggiani<\/strong>\u00a0&#8211; racconta Alfonso Fiore, presidente Movimento Nuova Voce &#8211; ma lo siamo ancora di pi\u00f9 se ad aggiudicarsi un titolo cos\u00ec prestigioso \u00e8 un membro del nostro Movimento&#8221;. Infatti, i genitori di Lucia Nancy Lavista, iscritti al MNV, qualche sera fa si sono recati nei locali di via Masi con la giovanissima campionessa. &#8220;Lucia Nancy Lavista \u00e8 l&#8217;esempio che ai giovani foggiani non piace solo il calcio ma anche il tiro a segno. Uno sport che conta gi\u00e0 una ventina di giovani tra i 10 e i 14 anni. Infatti, la sezione del tiro a segno di Foggia ha un brillante settore giovanile, che \u00e8 ormai diventato un fiore all&#8217;occhiello della societ\u00e0 presieduta da Federico De Vivo\u201d<\/p>\n<p>&nbsp;<\/p>\n<p><strong>\u201cA Foggia non c&#8217;\u00e8 solo degrado, ma anche giovani<\/strong>\u00a0che vogliono vivere questa bellissima citt\u00e0 in modo diretto vincendo tutte le battaglie che la vita ci offre. Il nostro augurio \u00e8 che Lucia Nancy Lavista possa affermarsi sempre pi\u00f9 nel panorama del tiro a segno e che possa vincere anche oltre i confini nazionali&#8221;.<\/p>\n<p>&nbsp;<\/p>\n<div>\n<p>Annuncio promozionale<\/p>\n<\/div>\n<\/div>\n<\/div>\n","protected":false},"excerpt":{"rendered":"<p>&nbsp; E\u2019 foggiana la campionessa nazionale \u2018Giovanissimi\u2019 di Tiro a Segno, Premiata con il premio Deliceto 2013 Per Lucia Nancy Lavista l&#8217;amore per il tiro a segno \u00e8 nato quasi per gioco quando un giorno ha accompagnato la sorella maggiore ed ha voluto provare a sparare con la pistola ad aria compressa &nbsp; La campionessa [&hellip;]<\/p>\n","protected":false},"author":29,"featured_media":9388,"comment_status":"open","ping_status":"open","sticky":false,"template":"","format":"standard","meta":[],"categories":[7],"tags":[],"_links":{"self":[{"href":"http:\/\/www.prolocodeliceto.it\/zeroweb\/index.php?rest_route=\/wp\/v2\/posts\/9387"}],"collection":[{"href":"http:\/\/www.prolocodeliceto.it\/zeroweb\/index.php?rest_route=\/wp\/v2\/posts"}],"about":[{"href":"http:\/\/www.prolocodeliceto.it\/zeroweb\/index.php?rest_route=\/wp\/v2\/types\/post"}],"author":[{"embeddable":true,"href":"http:\/\/www.prolocodeliceto.it\/zeroweb\/index.php?rest_route=\/wp\/v2\/users\/29"}],"replies":[{"embeddable":true,"href":"http:\/\/www.prolocodeliceto.it\/zeroweb\/index.php?rest_route=%2Fwp%2Fv2%2Fcomments&post=9387"}],"version-history":[{"count":3,"href":"http:\/\/www.prolocodeliceto.it\/zeroweb\/index.php?rest_route=\/wp\/v2\/posts\/9387\/revisions"}],"predecessor-version":[{"id":9390,"href":"http:\/\/www.prolocodeliceto.it\/zeroweb\/index.php?rest_route=\/wp\/v2\/posts\/9387\/revisions\/9390"}],"wp:featuredmedia":[{"embeddable":true,"href":"http:\/\/www.prolocodeliceto.it\/zeroweb\/index.php?rest_route=\/wp\/v2\/media\/9388"}],"wp:attachment":[{"href":"http:\/\/www.prolocodeliceto.it\/zeroweb\/index.php?rest_route=%2Fwp%2Fv2%2Fmedia&parent=9387"}],"wp:term":[{"taxonomy":"category","embeddable":true,"href":"http:\/\/www.prolocodeliceto.it\/zeroweb\/index.php?rest_route=%2Fwp%2Fv2%2Fcategories&post=9387"},{"taxonomy":"post_tag","embeddable":true,"href":"http:\/\/www.prolocodeliceto.it\/zeroweb\/index.php?rest_route=%2Fwp%2Fv2%2Ftags&post=9387"}],"curies":[{"name":"wp","href":"https:\/\/api.w.org\/{rel}","templated":true}]}}