{"id":9372,"date":"2013-11-25T18:10:53","date_gmt":"2013-11-25T17:10:53","guid":{"rendered":"http:\/\/www.prolocodeliceto.it\/zeroweb\/?p=9372"},"modified":"2013-11-25T18:12:34","modified_gmt":"2013-11-25T17:12:34","slug":"insieme-si-puo","status":"publish","type":"post","link":"http:\/\/www.prolocodeliceto.it\/zeroweb\/?p=9372","title":{"rendered":"INSIEME SI PUO&#8217;&#8230;"},"content":{"rendered":"<p style=\"text-align: center;\"><a href=\"http:\/\/www.prolocodeliceto.it\/zeroweb\/wp-content\/uploads\/ACT-MONTI-DAUNI-TRASP.gif\"><img decoding=\"async\" loading=\"lazy\" class=\"aligncenter size-full wp-image-9375\" title=\"ACT-MONTI-DAUNI-TRASP\" src=\"http:\/\/www.prolocodeliceto.it\/zeroweb\/wp-content\/uploads\/ACT-MONTI-DAUNI-TRASP.gif\" alt=\"\" width=\"600\" height=\"188\" srcset=\"http:\/\/www.prolocodeliceto.it\/zeroweb\/wp-content\/uploads\/ACT-MONTI-DAUNI-TRASP.gif 600w, http:\/\/www.prolocodeliceto.it\/zeroweb\/wp-content\/uploads\/ACT-MONTI-DAUNI-TRASP-300x94.gif 300w\" sizes=\"(max-width: 600px) 100vw, 600px\" \/><\/a><\/p>\n<p style=\"text-align: center;\"><a href=\"http:\/\/www.prolocodeliceto.it\/zeroweb\/wp-content\/uploads\/Giornale-Insieme-Si-Pu\u00f2_Web.pdf\">Giornale Insieme Si Pu\u00f2_Web<\/a><\/p>\n<div>\n<div dir=\"ltr\">\n<p align=\"center\"><strong><span style=\"text-decoration: underline;\">COMUNICATO STAMPA<\/span><\/strong><\/p>\n<p align=\"center\"><strong>Parte l\u2019esperimento &#8220;Insieme si pu\u00f2&#8221;, giornale di cultura e turismo dei Monti Dauni<\/strong><\/p>\n<p>&nbsp;<\/p>\n<p align=\"center\"><em>Dalla valorizzazione dei beni culturali alla democrazia partecipativa, dal turismo sostenibile al rilancio dell&#8217;agricoltura: il lavoro questi anni e le nuove frontiere nel giornale di A.c.t! Monti Dauni e di altre 8 associazioni del territorio<\/em><\/p>\n<p>&nbsp;<\/p>\n<p>TROIA<strong> <\/strong>\u2013 Il foglio di informazione, cultura e turismo \u201cInsieme si pu\u00f2\u201d \u00e8 partito. Il piccolo free press nasce come <strong>sperimentazione giornalistica di un gruppo di associazioni dei Monti Dauni<\/strong> che in questi anni si sono rimboccate le maniche per dar vita ad un progetto: &#8220;Insieme si pu\u00f2: arte, creativit\u00e0 e sinergie per rilanciare i Monti Dauni&#8221;. Ci\u00f2 che abbiamo fatto in questi anni \u00e8 stato proprio <strong>mettere in rete alcune delle migliori energie del territorio<\/strong> per provare a proporre un modello di sviluppo territoriale che fosse il pi\u00f9 possibile ancorato alla cultura, all\u2019eco-sostenibilit\u00e0, al turismo \u201cslow\u201d, all&#8217;enogastronomia e alla creativit\u00e0 giovanile.<\/p>\n<p>\u00c8 stato e continua ad essere un lavoro intenso e pieno di sperimentazioni. La vera difficolt\u00e0 che abbiamo riscontrato, tuttavia, sta nel fatto che spesso manca di una &#8220;visione di futuro&#8221; e, in questo senso, noi vogliamo fornire proprio questo:<strong> uno strumento in pi\u00f9 per condividere &#8220;visioni di futuro&#8221;<\/strong>. \u201cInsieme si pu\u00f2\u201d, che parte per ora come numero unico, \u00e8 infatti <strong>una raccolta di riflessioni sul futuro economico-sociale dei Monti Dauni<\/strong> con particolare attenzione ai temi del rilancio culturale e turistico e della valorizzazione delle eccellenze.<\/p>\n<p>Le sfide che ci attendono, quelle di cui vogliamo discutere, sono quelle della riqualificazione dei borghi e della lotta alla cementificazione, quelle della riscoperta del legame con la terra attraverso il rilancio di un&#8217;agricoltura di qualit\u00e0 e attraverso la valorizzazione dell&#8217;agroalimentare a Km Zero. Le sfide che ci attendono sono quelle della &#8220;green economy&#8221;: dal turismo sostenibile e rispettoso del territorio al piccolo rinnovabile diffuso, dalla mobilit\u00e0 eco-sostenibile alle tante occasioni economiche prodotte da una efficace Strategia Rifiuti Zero (il commercio alla sfuso e alla spina, i centri di riparazione e riuso etc.). <strong>La sfida vera, insomma, \u00e8 quella di fare spazio ad una rilancio economico che sia etico e che rispetti il territorio<\/strong> <strong>e valorizzi i migliori talenti. <\/strong>Questo giornale \u00e8 parte di questa sfida.<\/p>\n<p>In allegato il numero appena pubblicato.<\/p>\n<p>&nbsp;<\/p>\n<p>A.c.t! Monti Dauni<\/p>\n<p>&nbsp;<\/p>\n<p>Associazione Culturale &amp; Turistica<br \/>\nPer info: 393\/9977641 &#8211; <a href=\"tel:347%2F2668932\">347\/2668932<\/a><\/p>\n<p><a href=\"mailto:turismo.montidauni@gmail.com\">turismo.montidauni@gmail.com<\/a><\/p>\n<p><a href=\"http:\/\/www.pugliadeiborghi.it\/\">www.pugliadeiborghi.it<\/a><\/p>\n<p>&nbsp;<\/p>\n<\/div>\n<\/div>\n","protected":false},"excerpt":{"rendered":"<p>Giornale Insieme Si Pu\u00f2_Web COMUNICATO STAMPA Parte l\u2019esperimento &#8220;Insieme si pu\u00f2&#8221;, giornale di cultura e turismo dei Monti Dauni &nbsp; Dalla valorizzazione dei beni culturali alla democrazia partecipativa, dal turismo sostenibile al rilancio dell&#8217;agricoltura: il lavoro questi anni e le nuove frontiere nel giornale di A.c.t! Monti Dauni e di altre 8 associazioni del territorio [&hellip;]<\/p>\n","protected":false},"author":29,"featured_media":9375,"comment_status":"open","ping_status":"open","sticky":false,"template":"","format":"standard","meta":[],"categories":[7],"tags":[],"_links":{"self":[{"href":"http:\/\/www.prolocodeliceto.it\/zeroweb\/index.php?rest_route=\/wp\/v2\/posts\/9372"}],"collection":[{"href":"http:\/\/www.prolocodeliceto.it\/zeroweb\/index.php?rest_route=\/wp\/v2\/posts"}],"about":[{"href":"http:\/\/www.prolocodeliceto.it\/zeroweb\/index.php?rest_route=\/wp\/v2\/types\/post"}],"author":[{"embeddable":true,"href":"http:\/\/www.prolocodeliceto.it\/zeroweb\/index.php?rest_route=\/wp\/v2\/users\/29"}],"replies":[{"embeddable":true,"href":"http:\/\/www.prolocodeliceto.it\/zeroweb\/index.php?rest_route=%2Fwp%2Fv2%2Fcomments&post=9372"}],"version-history":[{"count":2,"href":"http:\/\/www.prolocodeliceto.it\/zeroweb\/index.php?rest_route=\/wp\/v2\/posts\/9372\/revisions"}],"predecessor-version":[{"id":9376,"href":"http:\/\/www.prolocodeliceto.it\/zeroweb\/index.php?rest_route=\/wp\/v2\/posts\/9372\/revisions\/9376"}],"wp:featuredmedia":[{"embeddable":true,"href":"http:\/\/www.prolocodeliceto.it\/zeroweb\/index.php?rest_route=\/wp\/v2\/media\/9375"}],"wp:attachment":[{"href":"http:\/\/www.prolocodeliceto.it\/zeroweb\/index.php?rest_route=%2Fwp%2Fv2%2Fmedia&parent=9372"}],"wp:term":[{"taxonomy":"category","embeddable":true,"href":"http:\/\/www.prolocodeliceto.it\/zeroweb\/index.php?rest_route=%2Fwp%2Fv2%2Fcategories&post=9372"},{"taxonomy":"post_tag","embeddable":true,"href":"http:\/\/www.prolocodeliceto.it\/zeroweb\/index.php?rest_route=%2Fwp%2Fv2%2Ftags&post=9372"}],"curies":[{"name":"wp","href":"https:\/\/api.w.org\/{rel}","templated":true}]}}