{"id":9360,"date":"2013-11-20T13:13:36","date_gmt":"2013-11-20T12:13:36","guid":{"rendered":"http:\/\/www.prolocodeliceto.it\/zeroweb\/?p=9360"},"modified":"2013-11-20T13:13:36","modified_gmt":"2013-11-20T12:13:36","slug":"piano-sociale-di-zona","status":"publish","type":"post","link":"http:\/\/www.prolocodeliceto.it\/zeroweb\/?p=9360","title":{"rendered":"PIANO SOCIALE DI ZONA"},"content":{"rendered":"<p><a href=\"http:\/\/www.prolocodeliceto.it\/zeroweb\/wp-content\/uploads\/image00411.jpg\"><img decoding=\"async\" loading=\"lazy\" class=\"aligncenter size-full wp-image-9361\" title=\"image004\" src=\"http:\/\/www.prolocodeliceto.it\/zeroweb\/wp-content\/uploads\/image00411.jpg\" alt=\"\" width=\"717\" height=\"108\" srcset=\"http:\/\/www.prolocodeliceto.it\/zeroweb\/wp-content\/uploads\/image00411.jpg 717w, http:\/\/www.prolocodeliceto.it\/zeroweb\/wp-content\/uploads\/image00411-300x45.jpg 300w\" sizes=\"(max-width: 717px) 100vw, 717px\" \/><\/a><\/p>\n<p align=\"center\"><strong>III Piano Sociale di Zona Ambito Territoriale Di Troia<br \/>\nALTRI DUE INCONTRI DI CONCERTAZIONE PER LA DEFINIZIONE DEL PROGRAMMA<\/strong><\/p>\n<p align=\"center\"><em>Sala Consiliare Comune di Ascoli Satriano, mercoled\u00ec \u00a020 novembre 2013 ore 16.30<\/em><\/p>\n<p align=\"center\"><em>Sala Consiliare Comune di Bovino, venerd\u00ec 22 novembre 2013 ore 16.30<\/em><\/p>\n<p><strong>\u00a0<\/strong><\/p>\n<p><strong><span style=\"text-decoration: underline;\">Dopo i due incontri presso il Comune di Troia, oggi, mercoled\u00ec 20 novembre e venerd\u00ec 22 nove<\/span><\/strong><strong><span style=\"text-decoration: underline;\">mbre 2013<\/span><\/strong><strong><span style=\"text-decoration: underline;\">, nei Comuni di Ascoli Satriano e Bovino, il terzo e quarto appuntamento che concludono il<\/span><\/strong><span style=\"text-decoration: underline;\"> percorso di progettazione partecipata per il III Piano Sociale di Zona dell\u2019Ambito Territoriale di Troia<\/span> nell\u2019ambito del Piano Regionale delle Politiche Sociali 2013-2015.<\/p>\n<p>&nbsp;<\/p>\n<p>L\u2019obiettivo del Piano \u00e8 il consolidamento di un sistema di servizi sociali e sociosanitari proteso al miglioramento della qualit\u00e0 della vita e delle condizioni di benessere, alla presa in carico delle persone con fragilit\u00e0 e all\u2019inclusione sociale dei soggetti svantaggiati.<\/p>\n<p>Questi le priorit\u00e0 strategiche di intervento della programmazione sociale regionale:<\/p>\n<ul>\n<li><em>Sostenere la rete dei servizi per la prima infanzia e la conciliazione dei tempi <\/em><\/li>\n<li><em>Contrastare le povert\u00e0 con percorsi di inclusione attiva <\/em><\/li>\n<li><em>Promuovere la cultura dell\u2019accoglienza <\/em><\/li>\n<li><em>Sostenere la genitorialit\u00e0 e tutelare i diritti dei minori <\/em><\/li>\n<li><em>Promuovere l\u2019integrazione sociosanitaria e la presa in carico integrata delle non autosufficienze <\/em><\/li>\n<li>Prevenire e contrastare il maltrattamento e la violenza<\/li>\n<\/ul>\n<p>&nbsp;<\/p>\n<p>Nello specifico, gli incontri che si andranno a realizzare avranno i seguenti tematismi:<em><br \/>\n<\/em><strong>Mercoled\u00ec 20 novembre 2013 \u2013 ore 16,30 \u2013 Sala Consiliare Comune di Ascoli Satriano<\/strong><strong><br \/>\n<\/strong><strong>Tavolo di progettazione partecipata Area strategica di intervento 2 e 6<\/strong><strong><br \/>\n<\/strong><strong><em>Povert\u00e0, Inclusione sociale, Maltrattamento e Violenza.<\/em><\/strong><\/p>\n<p><strong>Venerd\u00ec 22 novembre 2013 \u2013 ore 16,30 \u2013 Sala Consiliare Comune di Bovino<\/strong><\/p>\n<p><strong>Tavolo di progettazione partecipata Area strategica di intervento 5<\/strong><\/p>\n<p><strong><em>Integrazione sociosanitaria e non autosufficienze (Anziani, Disabilit\u00e0, Salute Mentale), Dipendenze patologiche, PAC Anziani.<\/em><\/strong><strong><em><\/em><\/strong><\/p>\n<p>&nbsp;<\/p>\n<p>&nbsp;<\/p>\n<p>Le organizzazioni della societ\u00e0 civile, le associazioni familiari, le organizzazioni sindacali, la cooperazione sociale, i patronati, le associazioni di categoria, le organizzazioni di volontariato e le associazioni di promozione sociale, le Scuole e tutti i portatori di interesse pubblici e privati sono invitati a partecipare attivamente al percorso di progettazione partecipata del III Piano Sociale di Zona dell\u2019Ambito di Troia.<\/p>\n<p>&nbsp;<\/p>\n<p>Per maggiori informazioni:<\/p>\n<p>Ambito Territoriale di Troia \u2013 Ufficio di Piano<\/p>\n<p>c\/o Comune di Troia (Comune capofila) \u2013 Via Regina Margherita n. 80 \u2013 71029 Troia (FG)<\/p>\n<p>web: <a href=\"http:\/\/www.pianosocialetroia.it\/\">www.pianosocialetroia.it<\/a><\/p>\n<p>Tel.: 0881\/978416 &#8211; 0881\/978406 &#8211; 0881\/978432<\/p>\n<p>Fax: 0881\/978405<\/p>\n<p>e-mail: <a href=\"mailto:info@pianosocialetroia.it\">info@pianosocialetroia.it<\/a><\/p>\n<p>&nbsp;<\/p>\n<p>Antonella Caggese<\/p>\n<p>Ufficio Comunicazione<br \/>\nGAL Meridaunia<\/p>\n","protected":false},"excerpt":{"rendered":"<p>III Piano Sociale di Zona Ambito Territoriale Di Troia ALTRI DUE INCONTRI DI CONCERTAZIONE PER LA DEFINIZIONE DEL PROGRAMMA Sala Consiliare Comune di Ascoli Satriano, mercoled\u00ec \u00a020 novembre 2013 ore 16.30 Sala Consiliare Comune di Bovino, venerd\u00ec 22 novembre 2013 ore 16.30 \u00a0 Dopo i due incontri presso il Comune di Troia, oggi, mercoled\u00ec 20 [&hellip;]<\/p>\n","protected":false},"author":29,"featured_media":9361,"comment_status":"open","ping_status":"open","sticky":false,"template":"","format":"standard","meta":[],"categories":[7],"tags":[],"_links":{"self":[{"href":"http:\/\/www.prolocodeliceto.it\/zeroweb\/index.php?rest_route=\/wp\/v2\/posts\/9360"}],"collection":[{"href":"http:\/\/www.prolocodeliceto.it\/zeroweb\/index.php?rest_route=\/wp\/v2\/posts"}],"about":[{"href":"http:\/\/www.prolocodeliceto.it\/zeroweb\/index.php?rest_route=\/wp\/v2\/types\/post"}],"author":[{"embeddable":true,"href":"http:\/\/www.prolocodeliceto.it\/zeroweb\/index.php?rest_route=\/wp\/v2\/users\/29"}],"replies":[{"embeddable":true,"href":"http:\/\/www.prolocodeliceto.it\/zeroweb\/index.php?rest_route=%2Fwp%2Fv2%2Fcomments&post=9360"}],"version-history":[{"count":2,"href":"http:\/\/www.prolocodeliceto.it\/zeroweb\/index.php?rest_route=\/wp\/v2\/posts\/9360\/revisions"}],"predecessor-version":[{"id":9363,"href":"http:\/\/www.prolocodeliceto.it\/zeroweb\/index.php?rest_route=\/wp\/v2\/posts\/9360\/revisions\/9363"}],"wp:featuredmedia":[{"embeddable":true,"href":"http:\/\/www.prolocodeliceto.it\/zeroweb\/index.php?rest_route=\/wp\/v2\/media\/9361"}],"wp:attachment":[{"href":"http:\/\/www.prolocodeliceto.it\/zeroweb\/index.php?rest_route=%2Fwp%2Fv2%2Fmedia&parent=9360"}],"wp:term":[{"taxonomy":"category","embeddable":true,"href":"http:\/\/www.prolocodeliceto.it\/zeroweb\/index.php?rest_route=%2Fwp%2Fv2%2Fcategories&post=9360"},{"taxonomy":"post_tag","embeddable":true,"href":"http:\/\/www.prolocodeliceto.it\/zeroweb\/index.php?rest_route=%2Fwp%2Fv2%2Ftags&post=9360"}],"curies":[{"name":"wp","href":"https:\/\/api.w.org\/{rel}","templated":true}]}}