{"id":9353,"date":"2013-11-17T22:43:34","date_gmt":"2013-11-17T21:43:34","guid":{"rendered":"http:\/\/www.prolocodeliceto.it\/zeroweb\/?p=9353"},"modified":"2013-11-17T22:43:34","modified_gmt":"2013-11-17T21:43:34","slug":"giovani-pugliesi-e-lavoro","status":"publish","type":"post","link":"http:\/\/www.prolocodeliceto.it\/zeroweb\/?p=9353","title":{"rendered":"GIOVANI PUGLIESI E LAVORO&#8230;"},"content":{"rendered":"<p><a href=\"http:\/\/www.prolocodeliceto.it\/zeroweb\/wp-content\/uploads\/logo-puglia-nel-mondo6.png\"><img decoding=\"async\" loading=\"lazy\" class=\"aligncenter size-full wp-image-9354\" title=\"logo-puglia-nel-mondo\" src=\"http:\/\/www.prolocodeliceto.it\/zeroweb\/wp-content\/uploads\/logo-puglia-nel-mondo6.png\" alt=\"\" width=\"400\" height=\"140\" srcset=\"http:\/\/www.prolocodeliceto.it\/zeroweb\/wp-content\/uploads\/logo-puglia-nel-mondo6.png 400w, http:\/\/www.prolocodeliceto.it\/zeroweb\/wp-content\/uploads\/logo-puglia-nel-mondo6-300x105.png 300w\" sizes=\"(max-width: 400px) 100vw, 400px\" \/><\/a><\/p>\n<p>GIOVANI PUGLIESI E LAVORO: VIA ALLE PARTNERSHIP PRIVATE E ISTITUZIONALI PER IL PROGETTO DI PIATTAFORMA ON LINE<\/p>\n<p>Favorire l\u2019occupazione dei giovani pugliesi, attraverso l\u2019incrocio mirato tra domanda e offerta. Questo, in sintesi, il senso dell\u2019importante progetto firmato dall\u2019Associazione Internazionale \u201cPugliesi nel Mondo\u201d,\u00a0 che sta per entrare nella sua fase operativa.<\/p>\n<p>&nbsp;<\/p>\n<p>L\u2019iniziativa, gi\u00e0 da tempo allo studio dell\u2019Associazione e dei suoi tecnici partners, mira a contrastare fattivamente l\u2019attuale congiuntura occupazionale che, secondo l\u2019Istat, vedr\u00e0 attestarsi il tasso di disoccupazione nazionale al 12,1%, sino a fine 2013, e al 12,4% nel 2014. Il tutto mentre quello giovanile nel Mezzogiorno \u00e8 gi\u00e0 al 45%.<\/p>\n<p>&nbsp;<\/p>\n<p>Ci\u00f2 considerato, l\u2019Associazione Internazionale \u201cPugliesi nel Mondo\u201d ha deciso di giocare le sue migliori carte in questa difficile sfida. Nel perseguimento delle proprie finalit\u00e0 statutarie, infatti, l\u2019Associazione si dimostra da sempre attenta a due temi di galoppante attualit\u00e0:<\/p>\n<ul>\n<li>la costante evoluzione delle nuove tecnologie della comunicazione digitale, soprattutto con riferimento al loro concorso alla definizione dell modernit\u00e0, attraverso la creazione e la strutturazione di reti di comunit\u00e0 (come \u00e8 per il social network Youngapulians.net);<\/li>\n<li>la nuova richiesta di emancipazione giovanile, collegata con l\u2019attuale congiuntura economica e con il gap generazionale, creatosi sul fronte delle opportunit\u00e0 occupazionali e delle tutele sul lavoro.<\/li>\n<\/ul>\n<p>&nbsp;<\/p>\n<p><strong>Intersecando queste due sollecitazioni, l\u2019Associazione \u00e8 in procinto di sviluppare una piattaforma informatica di comunicazione on line &#8211; autonoma, direttamente gestita <em>inhouse<\/em> e ad accesso gratuito -, tesa a favorire e portare a compimento l\u2019incrocio tra domanda e offerta occupazionale, esclusivamente destinato a forza lavoro pugliese.<\/strong><\/p>\n<p>&nbsp;<\/p>\n<p>Il progetto punter\u00e0 a:<\/p>\n<ul>\n<li>favorire l\u2019occupazione dei Pugliesi, segnatamente delle giovani generazioni;<\/li>\n<li>favorire la mobilit\u00e0 occupazionale in ingresso, principalmente sul territorio regionale, ma senza precludere quella in Italia e all\u2019estero;<\/li>\n<li>favorire la mobilit\u00e0 di rientro nella regione di origine<\/li>\n<li>favorire l\u2019<em>upgrade<\/em> formativo, segnatamente di tipo applicativo<\/li>\n<\/ul>\n<p>&nbsp;<\/p>\n<p>La piattaforma sar\u00e0 raggiungibile attraverso l\u2019indirizzo di un dominio a nome, del tipo <em><a href=\"http:\/\/www.nomepiattaforma.it\/\">www.nomepiattaforma.it<\/a><\/em>, e mediante link diretti dai siti <a href=\"http:\/\/www.puglianelmondo.com\/\">www.puglianelmondo.com<\/a> e <a href=\"http:\/\/www.youngapulians.net.\/\">www.youngapulians.net.<\/a><\/p>\n<p>&nbsp;<\/p>\n<p><strong>Il progetto \u00e8 aperto a qualsiasi partnership<\/strong>. Per questo, ti invitiamo a contattare l\u2019 Associazione Internazionale \u201cPugliesi nel Mondo\u201d per maggiori informazioni, soprattuttto se:<\/p>\n<ul>\n<li>essendo un operatore economico, ritieni di voler dare <strong>grande visibilit\u00e0 alla tua attivit\u00e0 imprenditoriale<\/strong> o di individuare nella piattaforma un interessante strumento per il <strong><em>recruitment<\/em><\/strong> o lo <strong><em>scouting<\/em><\/strong> di nuove professionalit\u00e0 utili alla <em>mission<\/em> aziendale;<\/li>\n<li>operando nelle istituzioni o rappresentandole, ritieni di voler appoggiare il progetto, per la sua <strong>enorme valenza di pubblica utilit\u00e0<\/strong>.<\/li>\n<\/ul>\n<p>&nbsp;<\/p>\n<p><strong>Recapiti di contatto<\/strong>:<\/p>\n<p>Associazione Internazionale \u201cPugliesi nel Mondo\u201d<\/p>\n<p>Tel\/Fax: +39 080 3433383 Cell: +39 349 8836622<\/p>\n<p>Email: info@puglianelmondo.com<\/p>\n<p><!-- FINE COLONNA CENTRALE--><\/p>\n","protected":false},"excerpt":{"rendered":"<p>GIOVANI PUGLIESI E LAVORO: VIA ALLE PARTNERSHIP PRIVATE E ISTITUZIONALI PER IL PROGETTO DI PIATTAFORMA ON LINE Favorire l\u2019occupazione dei giovani pugliesi, attraverso l\u2019incrocio mirato tra domanda e offerta. Questo, in sintesi, il senso dell\u2019importante progetto firmato dall\u2019Associazione Internazionale \u201cPugliesi nel Mondo\u201d,\u00a0 che sta per entrare nella sua fase operativa. &nbsp; L\u2019iniziativa, gi\u00e0 da tempo [&hellip;]<\/p>\n","protected":false},"author":29,"featured_media":9354,"comment_status":"open","ping_status":"open","sticky":false,"template":"","format":"standard","meta":[],"categories":[7],"tags":[],"_links":{"self":[{"href":"http:\/\/www.prolocodeliceto.it\/zeroweb\/index.php?rest_route=\/wp\/v2\/posts\/9353"}],"collection":[{"href":"http:\/\/www.prolocodeliceto.it\/zeroweb\/index.php?rest_route=\/wp\/v2\/posts"}],"about":[{"href":"http:\/\/www.prolocodeliceto.it\/zeroweb\/index.php?rest_route=\/wp\/v2\/types\/post"}],"author":[{"embeddable":true,"href":"http:\/\/www.prolocodeliceto.it\/zeroweb\/index.php?rest_route=\/wp\/v2\/users\/29"}],"replies":[{"embeddable":true,"href":"http:\/\/www.prolocodeliceto.it\/zeroweb\/index.php?rest_route=%2Fwp%2Fv2%2Fcomments&post=9353"}],"version-history":[{"count":2,"href":"http:\/\/www.prolocodeliceto.it\/zeroweb\/index.php?rest_route=\/wp\/v2\/posts\/9353\/revisions"}],"predecessor-version":[{"id":9356,"href":"http:\/\/www.prolocodeliceto.it\/zeroweb\/index.php?rest_route=\/wp\/v2\/posts\/9353\/revisions\/9356"}],"wp:featuredmedia":[{"embeddable":true,"href":"http:\/\/www.prolocodeliceto.it\/zeroweb\/index.php?rest_route=\/wp\/v2\/media\/9354"}],"wp:attachment":[{"href":"http:\/\/www.prolocodeliceto.it\/zeroweb\/index.php?rest_route=%2Fwp%2Fv2%2Fmedia&parent=9353"}],"wp:term":[{"taxonomy":"category","embeddable":true,"href":"http:\/\/www.prolocodeliceto.it\/zeroweb\/index.php?rest_route=%2Fwp%2Fv2%2Fcategories&post=9353"},{"taxonomy":"post_tag","embeddable":true,"href":"http:\/\/www.prolocodeliceto.it\/zeroweb\/index.php?rest_route=%2Fwp%2Fv2%2Ftags&post=9353"}],"curies":[{"name":"wp","href":"https:\/\/api.w.org\/{rel}","templated":true}]}}