{"id":9275,"date":"2013-11-12T11:16:54","date_gmt":"2013-11-12T10:16:54","guid":{"rendered":"http:\/\/www.prolocodeliceto.it\/zeroweb\/?p=9275"},"modified":"2013-11-12T23:17:23","modified_gmt":"2013-11-12T22:17:23","slug":"pugliesi-nel-mondo-4","status":"publish","type":"post","link":"http:\/\/www.prolocodeliceto.it\/zeroweb\/?p=9275","title":{"rendered":"PUGLIESI NEL MONDO"},"content":{"rendered":"<p><a href=\"http:\/\/www.prolocodeliceto.it\/zeroweb\/wp-content\/uploads\/logo-puglia-nel-mondo5.png\"><img decoding=\"async\" loading=\"lazy\" class=\"alignnone size-full wp-image-9276\" title=\"logo-puglia-nel-mondo\" src=\"http:\/\/www.prolocodeliceto.it\/zeroweb\/wp-content\/uploads\/logo-puglia-nel-mondo5.png\" alt=\"\" width=\"400\" height=\"140\" srcset=\"http:\/\/www.prolocodeliceto.it\/zeroweb\/wp-content\/uploads\/logo-puglia-nel-mondo5.png 400w, http:\/\/www.prolocodeliceto.it\/zeroweb\/wp-content\/uploads\/logo-puglia-nel-mondo5-300x105.png 300w\" sizes=\"(max-width: 400px) 100vw, 400px\" \/><\/a><\/p>\n<p>MEDIMEX 2013 &#8211; Bari, 6 &#8211; 8 Dicembre 2013<\/p>\n<p align=\"center\">La Regione Puglia cerca 10 giovani musicisti pugliesi nel mondo per il Medimex di Bari<\/p>\n<p align=\"center\">Gratis il viaggio e l\u2019accesso alle attivit\u00e0 del Salone dell\u2019Innovazione Musicale<\/p>\n<p align=\"center\"><strong>\u00a0<\/strong><\/p>\n<p>Per il <strong><em>Medimex<\/em><\/strong> di <strong>Bari<\/strong> si cercano <strong>10 giovani musicisti e operatori del settore musicale, pugliesi o discendenti di pugliesi, residenti all\u2019estero<\/strong>.<\/p>\n<p>L\u2019opportunit\u00e0 \u00e8 offerta dal <strong>Servizio Internazionalizzazione &#8211; Ufficio Pugliesi nel Mondo della Regione Puglia<\/strong>, in collaborazione con l\u2019<strong>Assessorato regionale al Mediterraneo, Cultura e Turismo<\/strong>.<\/p>\n<p>&nbsp;<\/p>\n<p>Il Salone dell\u2019Innovazione Musicale <em>Medimex<\/em>, organizzato da <strong>Puglia Sounds<\/strong> nei giorni che vanno dal <strong>6 all\u20198 dicembre 2013<\/strong>, \u00e8 l\u2019unica fiera musicale internazionale in Italia che offre la possibilit\u00e0 di assistere ad esclusivi showcase e performance di artisti italiani ed internazionali, partecipare ad incontri con grandi artisti e protagonisti dello show business e scoprire i pi\u00f9 innovativi strumenti, tecnologie e servizi in ambito musicale. <em>Medimex<\/em>\u00e8 l\u2019appuntamento annuale rivolto a professionisti della musica, imprese, agenzie musicali, artisti, festival, etichette discografiche, istituzioni culturali, associazioni di categoria e media.<\/p>\n<p>&nbsp;<\/p>\n<p>In questo contesto, il Servizio Internazionalizzazione della Regione Puglia intende valorizzare il capitale umano e culturale espresso dalle comunit\u00e0 pugliesi all\u2019estero, coinvolgendo le Associazioni dei Pugliesi nel Mondo iscritte all\u2019omonimo Albo regionale (come l\u2019<strong>Associazione Internazionale \u201cPugliesi nel Mondo\u201d) <\/strong>nella ricerca dei 10 artisti e operatori da presentare al <em>Medimex<\/em>. Grazie a questa opportunit\u00e0, gli artisti pugliesi all\u2019estero potranno <strong>promuovere e sviluppare la propria attivit\u00e0<\/strong> e potranno incontrare, negli oltre 150 stand allestiti, <strong>i pi\u00f9 importanti rappresentanti della filiera dell\u2019industria musicale mondiale<\/strong> provenienti da oltre 20 Paesi.<\/p>\n<p>&nbsp;<\/p>\n<p>Per ogni operatore pugliese nel mondo partecipante a <em>Medimex<\/em>,\u00e8 previsto il <strong>rimborso delle spese di viaggio<\/strong>, previa presentazione del giustificativo di spesa. Il rimborso non superer\u00e0 comunque l\u2019importo massimo pari a \u20ac 800. Le spese di vitto e alloggio, invece, saranno a carico dei musicisti\/operatori. Inoltre agli artisti pugliesi all\u2019estero sar\u00e0 fornito <strong>gratuitamente <\/strong>il badge operatore con cui si potr\u00e0:<\/p>\n<p>\u2022 accedere allo spazio espositivo per i 3 giorni di <em>Medimex<\/em>;<\/p>\n<p>\u2022 partecipare a tutti gli showcase pomeridiani e serali;<\/p>\n<p>\u2022 prenotare la partecipazione ai Face to Face(s) ed ai mentoring.<\/p>\n<p>&nbsp;<\/p>\n<p>Se vuoi candidarti ad essere uno dei 10 nomi che verranno selezionati per la partecipazione al <em>Medimex<\/em>, invia un\u2019email all\u2019indirizzo <strong>segreteria@puglianelmondo,com<\/strong>, scrivendo all\u2019oggetto \u201c<strong>MEDIMEX<\/strong>\u201d e specificando:<\/p>\n<ul>\n<li>nome e cognome<\/li>\n<li>stato di residenza<\/li>\n<li>numero di telefono fisso<\/li>\n<li>numero di telefono cellulare<\/li>\n<li>indirizzo email<\/li>\n<li>qualifica con la quale si svolge attivit\u00e0 nel mondo musicale (musicista, operatore, altro)<\/li>\n<li>Societ\u00e0\/Associazione\/Ente per conto della quale si svolge l\u2019attivit\u00e0<\/li>\n<\/ul>\n<p>&nbsp;<\/p>\n<p>L\u2019Associazione Internazionale \u201cPugliesi nel Mondo\u201d girer\u00e0 la tua candidatura al Servizio Internazionalizzazione della Regione Puglia. Successivamente, potrai essere contattato direttamente dalla segreteria organizzativa di <em>Medimex<\/em>, che seguir\u00e0 e faciliter\u00e0 le operazioni di iscrizione e registrazione online alla manifestazione ed alle relative attivit\u00e0 previste.<\/p>\n<p>&nbsp;<\/p>\n<p><strong>Il termine ultimo per la registrazione online \u00e8 fissato al 22 novembre.<\/strong><\/p>\n<p>&nbsp;<\/p>\n<p><a href=\"http:\/\/www.puglianelmondo.com\/public\/medimex%202013.pdf\"><em>Scarica la scheda descrittiva di Medimex 2013<\/em>.<\/a><\/p>\n<p><!-- FINE COLONNA CENTRALE--><\/p>\n","protected":false},"excerpt":{"rendered":"<p>MEDIMEX 2013 &#8211; Bari, 6 &#8211; 8 Dicembre 2013 La Regione Puglia cerca 10 giovani musicisti pugliesi nel mondo per il Medimex di Bari Gratis il viaggio e l\u2019accesso alle attivit\u00e0 del Salone dell\u2019Innovazione Musicale \u00a0 Per il Medimex di Bari si cercano 10 giovani musicisti e operatori del settore musicale, pugliesi o discendenti di [&hellip;]<\/p>\n","protected":false},"author":29,"featured_media":9276,"comment_status":"open","ping_status":"open","sticky":false,"template":"","format":"standard","meta":[],"categories":[7],"tags":[],"_links":{"self":[{"href":"http:\/\/www.prolocodeliceto.it\/zeroweb\/index.php?rest_route=\/wp\/v2\/posts\/9275"}],"collection":[{"href":"http:\/\/www.prolocodeliceto.it\/zeroweb\/index.php?rest_route=\/wp\/v2\/posts"}],"about":[{"href":"http:\/\/www.prolocodeliceto.it\/zeroweb\/index.php?rest_route=\/wp\/v2\/types\/post"}],"author":[{"embeddable":true,"href":"http:\/\/www.prolocodeliceto.it\/zeroweb\/index.php?rest_route=\/wp\/v2\/users\/29"}],"replies":[{"embeddable":true,"href":"http:\/\/www.prolocodeliceto.it\/zeroweb\/index.php?rest_route=%2Fwp%2Fv2%2Fcomments&post=9275"}],"version-history":[{"count":3,"href":"http:\/\/www.prolocodeliceto.it\/zeroweb\/index.php?rest_route=\/wp\/v2\/posts\/9275\/revisions"}],"predecessor-version":[{"id":9279,"href":"http:\/\/www.prolocodeliceto.it\/zeroweb\/index.php?rest_route=\/wp\/v2\/posts\/9275\/revisions\/9279"}],"wp:featuredmedia":[{"embeddable":true,"href":"http:\/\/www.prolocodeliceto.it\/zeroweb\/index.php?rest_route=\/wp\/v2\/media\/9276"}],"wp:attachment":[{"href":"http:\/\/www.prolocodeliceto.it\/zeroweb\/index.php?rest_route=%2Fwp%2Fv2%2Fmedia&parent=9275"}],"wp:term":[{"taxonomy":"category","embeddable":true,"href":"http:\/\/www.prolocodeliceto.it\/zeroweb\/index.php?rest_route=%2Fwp%2Fv2%2Fcategories&post=9275"},{"taxonomy":"post_tag","embeddable":true,"href":"http:\/\/www.prolocodeliceto.it\/zeroweb\/index.php?rest_route=%2Fwp%2Fv2%2Ftags&post=9275"}],"curies":[{"name":"wp","href":"https:\/\/api.w.org\/{rel}","templated":true}]}}