{"id":9199,"date":"2013-11-11T23:14:08","date_gmt":"2013-11-11T22:14:08","guid":{"rendered":"http:\/\/www.prolocodeliceto.it\/zeroweb\/?p=9199"},"modified":"2013-11-11T23:14:08","modified_gmt":"2013-11-11T22:14:08","slug":"progettazione-partecipata-2","status":"publish","type":"post","link":"http:\/\/www.prolocodeliceto.it\/zeroweb\/?p=9199","title":{"rendered":"PROGETTAZIONE PARTECIPATA"},"content":{"rendered":"<p align=\"center\"><strong><a href=\"http:\/\/www.prolocodeliceto.it\/zeroweb\/wp-content\/uploads\/image0049.jpg\"><img decoding=\"async\" loading=\"lazy\" class=\"aligncenter size-full wp-image-9200\" title=\"image004\" src=\"http:\/\/www.prolocodeliceto.it\/zeroweb\/wp-content\/uploads\/image0049.jpg\" alt=\"\" width=\"615\" height=\"93\" srcset=\"http:\/\/www.prolocodeliceto.it\/zeroweb\/wp-content\/uploads\/image0049.jpg 615w, http:\/\/www.prolocodeliceto.it\/zeroweb\/wp-content\/uploads\/image0049-300x45.jpg 300w\" sizes=\"(max-width: 615px) 100vw, 615px\" \/><\/a><\/strong><\/p>\n<p align=\"center\"><strong>III Piano Sociale di Zona Ambito Territoriale Di Troia AL VIA IL PERCORSO DI PROGETTAZIONE PARTECIPATA<\/strong><\/p>\n<p align=\"center\"><strong>CON IL SUPPORTO TECNICO DEL GAL MERIDAUNIA<\/strong><\/p>\n<p><strong>\u00a0<\/strong><\/p>\n<p><strong><span style=\"text-decoration: underline;\">Gioved\u00ec 14 novembre 2013 alle ore 18.30 presso la sala Consiliare del Comune di TROIA<\/span><\/strong><span style=\"text-decoration: underline;\"> prende il via il percorso di progettazione partecipata per il III Piano Sociale di Zona dell\u2019Ambito Territoriale di Troia<\/span> nell\u2019ambito del Piano Regionale delle Politiche Sociali 2013-2015.<\/p>\n<p>L\u2019obiettivo del III Piano regionale \u00e8 il consolidamento di un sistema di servizi sociali e sociosanitari proteso al miglioramento della qualit\u00e0 della vita e delle condizioni di benessere, alla presa in carico delle persone con fragilit\u00e0 e all\u2019inclusione sociale dei soggetti svantaggiati.<\/p>\n<p>Questi le priorit\u00e0 strategiche di intervento della programmazione sociale regionale:<\/p>\n<p><em>Sostenere la rete dei servizi per la prima infanzia e la conciliazione dei tempi <\/em><\/p>\n<p><em>Contrastare le povert\u00e0 con percorsi di inclusione attiva <\/em><\/p>\n<p><em>Promuovere la cultura dell\u2019accoglienza <\/em><\/p>\n<p>&nbsp;<\/p>\n<p><em>Sostenere la genitorialit\u00e0 e tutelare i diritti dei minori <\/em><\/p>\n<p><em>Promuovere l\u2019integrazione sociosanitaria e la presa in carico integrata delle non autosufficienze <\/em><\/p>\n<p><em>Prevenire e contrastare il maltrattamento e la violenza<\/em><\/p>\n<p>Il consolidamento del sistema di welfare regionale e in particolare di quello dell\u2019Ambito Territoriale di Troia passer\u00e0, nel prossimo triennio di programmazione, anche dalla effettiva capacit\u00e0 di integrare tipologie di interventi, di azioni, di accedere a risorse finanziare aggiuntive a valere su fonti di finanziamento diverse per il conseguimento degli obiettivi di servizio del Piano regionale, a cominciare dai Piani di Intervento per gli Anziani e la Prima Infanzia, da presentare entro il 14 dicembre nell\u2019ambito del Piano di Azione e Coesione (PAC) &#8211; Servizi di Cura.<\/p>\n<p>Il GAL Meridaunia supporter\u00e0 e assister\u00e0 tecnicamente l\u2019Ambito territoriale nella stesura del Piano Sociale di Zona e dei Piani di Intervento per gli Anziani e la Prima Infanzia, fungendo anche da facilitatore nel processo di programmazione partecipata del Piano, che prevede per la prima volta la sottoscrizione di un Patto di Partecipazione fra l\u2019Ambito territoriale e ciascun soggetto del Terzo Settore, ma anche apportando le proprie competenze in ordine alla programmazione territoriale, alla integrazione delle fonti di finanziamento, al raccordo con i Piani di Intervento nazionali e comunitari per l\u2019integrazione delle policy territoriali, al trasferimento di buone pratiche e all\u2019innovazione sociale.<\/p>\n<p>Il Calendario dei Tavoli di concertazione e progettazione partecipata \u00e8 il seguente:<\/p>\n<p><strong>Luned\u00ec 18 novembre 2013 \u2013 ore 15,30 \u2013 Sala Consiliare Comune di Troia<\/strong><\/p>\n<p><strong>Incontro Sindacati Confederali<\/strong><\/p>\n<p><strong>Luned\u00ec 18 novembre 2013 \u2013 ore 17,30 \u2013 Sala Consiliare Comune di Troia<\/strong><\/p>\n<p><strong>Tavolo di progettazione partecipata Area strategica di intervento 1, 3 e 4<\/strong><\/p>\n<p><strong><em>Minori, Responsabilit\u00e0 familiari, Conciliazione dei tempi, Welfare d\u2019accesso, Immigrati, PAC Infanzia.<\/em><\/strong><\/p>\n<p><strong>Mercoled\u00ec 20 novembre 2013 \u2013 ore 16,30 \u2013 Sala Consiliare Comune di Ascoli Satriano<\/strong><\/p>\n<p><strong>Tavolo di progettazione partecipata Area strategica di intervento 2 e 6<\/strong><\/p>\n<p><strong><em>Povert\u00e0, Inclusione sociale, Maltrattamento e Violenza.<\/em><\/strong><\/p>\n<p><strong>Venerd\u00ec 22 novembre 2013 \u2013 ore 16,30 \u2013 Sala Consiliare Comune di Bovino<\/strong><\/p>\n<p><strong>Tavolo di progettazione partecipata Area strategica di intervento 5<\/strong><\/p>\n<p><strong><em>Integrazione sociosanitaria e non autosufficienze (Anziani, Disabilit\u00e0, Salute Mentale), <\/em><\/strong><\/p>\n<p><strong><em>Dipendenze patologiche, PAC Anziani.<\/em><\/strong><\/p>\n<p>Le organizzazioni della societ\u00e0 civile, le associazioni familiari, le organizzazioni sindacali, la cooperazione sociale, i patronati, le associazioni di categoria, le organizzazioni di volontariato e le associazioni di promozione sociale, le Scuole e tutti i portatori di interesse pubblici e privati sono invitati a partecipare attivamente al percorso di progettazione partecipata del III Piano Sociale di Zona dell\u2019Ambito di Troia.<\/p>\n<p>In allegato l\u2019Avviso di avvio del percorso di progettazione partecipata per la stesura del Piano Sociale di Zona.<\/p>\n<p>Per maggiori informazioni:<\/p>\n<p>Ambito Territoriale di Troia \u2013 Ufficio di Piano<\/p>\n<p>c\/o Comune di Troia (Comune capofila) \u2013 Via Regina Margherita n. 80 \u2013 71029 Troia (FG)<\/p>\n<p>web: <a href=\"http:\/\/www.pianosocialetroia.it\/\">www.pianosocialetroia.it<\/a><\/p>\n<p>Tel.: 0881\/978416 &#8211; 0881\/978406 &#8211; 0881\/978432<\/p>\n<p>Fax: 0881\/978405<\/p>\n<p>e-mail: <a href=\"mailto:info@pianosocialetroia.it\">info@pianosocialetroia.it<\/a><\/p>\n<p>&nbsp;<\/p>\n<p>Antonella Caggese<\/p>\n<p>Ufficio Comunicazione GAL Meridaunia<\/p>\n","protected":false},"excerpt":{"rendered":"<p>III Piano Sociale di Zona Ambito Territoriale Di Troia AL VIA IL PERCORSO DI PROGETTAZIONE PARTECIPATA CON IL SUPPORTO TECNICO DEL GAL MERIDAUNIA \u00a0 Gioved\u00ec 14 novembre 2013 alle ore 18.30 presso la sala Consiliare del Comune di TROIA prende il via il percorso di progettazione partecipata per il III Piano Sociale di Zona dell\u2019Ambito [&hellip;]<\/p>\n","protected":false},"author":29,"featured_media":9200,"comment_status":"open","ping_status":"open","sticky":false,"template":"","format":"standard","meta":[],"categories":[7],"tags":[],"_links":{"self":[{"href":"http:\/\/www.prolocodeliceto.it\/zeroweb\/index.php?rest_route=\/wp\/v2\/posts\/9199"}],"collection":[{"href":"http:\/\/www.prolocodeliceto.it\/zeroweb\/index.php?rest_route=\/wp\/v2\/posts"}],"about":[{"href":"http:\/\/www.prolocodeliceto.it\/zeroweb\/index.php?rest_route=\/wp\/v2\/types\/post"}],"author":[{"embeddable":true,"href":"http:\/\/www.prolocodeliceto.it\/zeroweb\/index.php?rest_route=\/wp\/v2\/users\/29"}],"replies":[{"embeddable":true,"href":"http:\/\/www.prolocodeliceto.it\/zeroweb\/index.php?rest_route=%2Fwp%2Fv2%2Fcomments&post=9199"}],"version-history":[{"count":2,"href":"http:\/\/www.prolocodeliceto.it\/zeroweb\/index.php?rest_route=\/wp\/v2\/posts\/9199\/revisions"}],"predecessor-version":[{"id":9202,"href":"http:\/\/www.prolocodeliceto.it\/zeroweb\/index.php?rest_route=\/wp\/v2\/posts\/9199\/revisions\/9202"}],"wp:featuredmedia":[{"embeddable":true,"href":"http:\/\/www.prolocodeliceto.it\/zeroweb\/index.php?rest_route=\/wp\/v2\/media\/9200"}],"wp:attachment":[{"href":"http:\/\/www.prolocodeliceto.it\/zeroweb\/index.php?rest_route=%2Fwp%2Fv2%2Fmedia&parent=9199"}],"wp:term":[{"taxonomy":"category","embeddable":true,"href":"http:\/\/www.prolocodeliceto.it\/zeroweb\/index.php?rest_route=%2Fwp%2Fv2%2Fcategories&post=9199"},{"taxonomy":"post_tag","embeddable":true,"href":"http:\/\/www.prolocodeliceto.it\/zeroweb\/index.php?rest_route=%2Fwp%2Fv2%2Ftags&post=9199"}],"curies":[{"name":"wp","href":"https:\/\/api.w.org\/{rel}","templated":true}]}}