{"id":9177,"date":"2013-11-07T14:15:09","date_gmt":"2013-11-07T13:15:09","guid":{"rendered":"http:\/\/www.prolocodeliceto.it\/zeroweb\/?p=9177"},"modified":"2013-11-07T23:14:31","modified_gmt":"2013-11-07T22:14:31","slug":"intitolazione-piazza-nassiriya","status":"publish","type":"post","link":"http:\/\/www.prolocodeliceto.it\/zeroweb\/?p=9177","title":{"rendered":"INTITOLAZIONE PIAZZA &#8220;NASSIRIYA&#8221;"},"content":{"rendered":"<p><a href=\"http:\/\/www.prolocodeliceto.it\/zeroweb\/wp-content\/uploads\/piazza.jpg\"><img decoding=\"async\" loading=\"lazy\" class=\"aligncenter size-full wp-image-9178\" title=\"PIAZZA\" src=\"http:\/\/www.prolocodeliceto.it\/zeroweb\/wp-content\/uploads\/piazza.jpg\" alt=\"\" width=\"653\" height=\"490\" srcset=\"http:\/\/www.prolocodeliceto.it\/zeroweb\/wp-content\/uploads\/piazza.jpg 653w, http:\/\/www.prolocodeliceto.it\/zeroweb\/wp-content\/uploads\/piazza-300x225.jpg 300w\" sizes=\"(max-width: 653px) 100vw, 653px\" \/><\/a><\/p>\n<p>Fino a pochi mesi fa era sede \u00a0del \u00a0serbatoio dell&#8217;acquedotto comunale, \u00a0in zona &#8220;Aia S. Antonio&#8221;. Oggi, tutta l&#8217;area \u00e8 stata bonificata, dando spazio ad una panoramica piazza, che marted\u00ec 12 novembre prossimo, alle ore 11,00, alla presenza di autorit\u00e0 civili, militari e religiose, \u00a0sar\u00e0 intitolata ai militari italiani, caduti a &#8220;Nassirya<\/p>\n<p>&nbsp;<\/p>\n<p>&nbsp;<\/p>\n","protected":false},"excerpt":{"rendered":"<p>Fino a pochi mesi fa era sede \u00a0del \u00a0serbatoio dell&#8217;acquedotto comunale, \u00a0in zona &#8220;Aia S. Antonio&#8221;. Oggi, tutta l&#8217;area \u00e8 stata bonificata, dando spazio ad una panoramica piazza, che marted\u00ec 12 novembre prossimo, alle ore 11,00, alla presenza di autorit\u00e0 civili, militari e religiose, \u00a0sar\u00e0 intitolata ai militari italiani, caduti a &#8220;Nassirya &nbsp; &nbsp;<\/p>\n","protected":false},"author":29,"featured_media":9178,"comment_status":"open","ping_status":"open","sticky":false,"template":"","format":"standard","meta":[],"categories":[7],"tags":[],"_links":{"self":[{"href":"http:\/\/www.prolocodeliceto.it\/zeroweb\/index.php?rest_route=\/wp\/v2\/posts\/9177"}],"collection":[{"href":"http:\/\/www.prolocodeliceto.it\/zeroweb\/index.php?rest_route=\/wp\/v2\/posts"}],"about":[{"href":"http:\/\/www.prolocodeliceto.it\/zeroweb\/index.php?rest_route=\/wp\/v2\/types\/post"}],"author":[{"embeddable":true,"href":"http:\/\/www.prolocodeliceto.it\/zeroweb\/index.php?rest_route=\/wp\/v2\/users\/29"}],"replies":[{"embeddable":true,"href":"http:\/\/www.prolocodeliceto.it\/zeroweb\/index.php?rest_route=%2Fwp%2Fv2%2Fcomments&post=9177"}],"version-history":[{"count":3,"href":"http:\/\/www.prolocodeliceto.it\/zeroweb\/index.php?rest_route=\/wp\/v2\/posts\/9177\/revisions"}],"predecessor-version":[{"id":9197,"href":"http:\/\/www.prolocodeliceto.it\/zeroweb\/index.php?rest_route=\/wp\/v2\/posts\/9177\/revisions\/9197"}],"wp:featuredmedia":[{"embeddable":true,"href":"http:\/\/www.prolocodeliceto.it\/zeroweb\/index.php?rest_route=\/wp\/v2\/media\/9178"}],"wp:attachment":[{"href":"http:\/\/www.prolocodeliceto.it\/zeroweb\/index.php?rest_route=%2Fwp%2Fv2%2Fmedia&parent=9177"}],"wp:term":[{"taxonomy":"category","embeddable":true,"href":"http:\/\/www.prolocodeliceto.it\/zeroweb\/index.php?rest_route=%2Fwp%2Fv2%2Fcategories&post=9177"},{"taxonomy":"post_tag","embeddable":true,"href":"http:\/\/www.prolocodeliceto.it\/zeroweb\/index.php?rest_route=%2Fwp%2Fv2%2Ftags&post=9177"}],"curies":[{"name":"wp","href":"https:\/\/api.w.org\/{rel}","templated":true}]}}