{"id":9084,"date":"2013-10-02T14:00:24","date_gmt":"2013-10-02T13:00:24","guid":{"rendered":"http:\/\/www.prolocodeliceto.it\/zeroweb\/?p=9084"},"modified":"2013-10-23T21:08:58","modified_gmt":"2013-10-23T20:08:58","slug":"giovani-idee","status":"publish","type":"post","link":"http:\/\/www.prolocodeliceto.it\/zeroweb\/?p=9084","title":{"rendered":"GIOVANI IDEE&#8230;"},"content":{"rendered":"<p align=\"center\"><strong><span style=\"text-decoration: underline;\"><a href=\"http:\/\/www.prolocodeliceto.it\/zeroweb\/wp-content\/uploads\/Giovani-Idee-accendono-il-futuro-dei-Monti-Dauni_per-web.jpg\"><img decoding=\"async\" loading=\"lazy\" class=\"aligncenter  wp-image-9085\" title=\"Giovani Idee accendono il futuro dei Monti Dauni_per web\" src=\"http:\/\/www.prolocodeliceto.it\/zeroweb\/wp-content\/uploads\/Giovani-Idee-accendono-il-futuro-dei-Monti-Dauni_per-web.jpg\" alt=\"\" width=\"340\" height=\"376\" \/><\/a><\/span><\/strong><\/p>\n<p align=\"center\"><strong><span style=\"text-decoration: underline;\">COMUNICATO STAMPA<\/span><\/strong><\/p>\n<p align=\"center\"><strong>\u201cGiovani idee accendono il futuro dei Monti Dauni<\/strong><strong>\u201d<\/strong><\/p>\n<p align=\"center\"><strong>\u00a0Se ne discute a Troia con l\u2019assessore regionale Guglielmo Minervini <\/strong><\/p>\n<p align=\"center\"><strong> <\/strong><strong>Gioved\u00ec 17 Ottobre alle 18.00 l\u2019associazione A.c.t! Monti Dauni e la rete di associazioni del progetto \u201cInsieme si pu\u00f2\u201d organizzano un incontro con l\u2019Assessore Regionale alle Politiche Giovanili Guglielmo Minervini<\/strong><strong><\/strong><\/p>\n<p>TROIA \u2013\u00a0 Quale futuro vogliamo costruire per i giovani pugliesi e per quelli che vivono nei Monti Dauni? Quali sono le prospettive e le sfide che attendono i giovani di questo territorio? <strong>L&#8217;arte, la creativit\u00e0, l&#8217;innovazione, la cultura, il turismo, l&#8217;enogastronomia possono essere un&#8217;occasione di rilancio<\/strong> economico e sociale per tutti?<\/p>\n<h6>Se ne parler\u00e0 Gioved\u00ec 17 Ottobre a Troia con l&#8217;Assessore Regionale alle Politiche Giovanili Guglielmo Minervini, l&#8217;inventore del programma Bollenti Spiriti. Con lui ci confronteremo\u00a0sul futuro dei giovani di questa terra e sulle politiche messe in campo dalla Regione Puglia.\u00a0Al dibattito parteciperanno le associazioni promotrici del progetto \u201cInsieme si pu\u00f2\u201d che in questi anni, anche grazie al programma Bollenti Spiriti, hanno avviato una progettualit\u00e0 comune.<\/h6>\n<h6>Ci confronteremo inoltre con le istituzioni, le imprese e le associazioni sul tema: &#8220;Rilancio culturale e turistico: traguardi raggiunti e nuove sfide&#8221;. Perch\u00e9 in questo territorio il futuro dei giovani passa anche da qui e perch\u00e9 proprio questo \u00e8 stato il terreno sul quale le 8 associazioni culturali del progetto \u201cInsieme si pu\u00f2\u201d hanno iniziato a costruire sinergie per il rilancio del Monti Dauni.<\/h6>\n<h6>Appuntamento alle 18.00 presso lo &#8220;Spazio pubblico per la creativit\u00e0 giovanile&#8221; in piazza Cattedrale a Troia.<\/h6>\n<h6><\/h6>\n<h6>A.c.t! Monti Dauni<\/h6>\n<h6>Associazione Culturale &amp; Turistica<\/h6>\n<p>Per info: <a href=\"tel:347%2F2668932\">347\/2668932<\/a> &#8211; <a href=\"mailto:turismo.montidauni@gmail.com\">turismo.montidauni@gmail.com<\/a><\/p>\n","protected":false},"excerpt":{"rendered":"<p>COMUNICATO STAMPA \u201cGiovani idee accendono il futuro dei Monti Dauni\u201d \u00a0Se ne discute a Troia con l\u2019assessore regionale Guglielmo Minervini Gioved\u00ec 17 Ottobre alle 18.00 l\u2019associazione A.c.t! Monti Dauni e la rete di associazioni del progetto \u201cInsieme si pu\u00f2\u201d organizzano un incontro con l\u2019Assessore Regionale alle Politiche Giovanili Guglielmo Minervini TROIA \u2013\u00a0 Quale futuro vogliamo [&hellip;]<\/p>\n","protected":false},"author":29,"featured_media":9085,"comment_status":"open","ping_status":"open","sticky":false,"template":"","format":"standard","meta":[],"categories":[7],"tags":[],"_links":{"self":[{"href":"http:\/\/www.prolocodeliceto.it\/zeroweb\/index.php?rest_route=\/wp\/v2\/posts\/9084"}],"collection":[{"href":"http:\/\/www.prolocodeliceto.it\/zeroweb\/index.php?rest_route=\/wp\/v2\/posts"}],"about":[{"href":"http:\/\/www.prolocodeliceto.it\/zeroweb\/index.php?rest_route=\/wp\/v2\/types\/post"}],"author":[{"embeddable":true,"href":"http:\/\/www.prolocodeliceto.it\/zeroweb\/index.php?rest_route=\/wp\/v2\/users\/29"}],"replies":[{"embeddable":true,"href":"http:\/\/www.prolocodeliceto.it\/zeroweb\/index.php?rest_route=%2Fwp%2Fv2%2Fcomments&post=9084"}],"version-history":[{"count":2,"href":"http:\/\/www.prolocodeliceto.it\/zeroweb\/index.php?rest_route=\/wp\/v2\/posts\/9084\/revisions"}],"predecessor-version":[{"id":9101,"href":"http:\/\/www.prolocodeliceto.it\/zeroweb\/index.php?rest_route=\/wp\/v2\/posts\/9084\/revisions\/9101"}],"wp:featuredmedia":[{"embeddable":true,"href":"http:\/\/www.prolocodeliceto.it\/zeroweb\/index.php?rest_route=\/wp\/v2\/media\/9085"}],"wp:attachment":[{"href":"http:\/\/www.prolocodeliceto.it\/zeroweb\/index.php?rest_route=%2Fwp%2Fv2%2Fmedia&parent=9084"}],"wp:term":[{"taxonomy":"category","embeddable":true,"href":"http:\/\/www.prolocodeliceto.it\/zeroweb\/index.php?rest_route=%2Fwp%2Fv2%2Fcategories&post=9084"},{"taxonomy":"post_tag","embeddable":true,"href":"http:\/\/www.prolocodeliceto.it\/zeroweb\/index.php?rest_route=%2Fwp%2Fv2%2Ftags&post=9084"}],"curies":[{"name":"wp","href":"https:\/\/api.w.org\/{rel}","templated":true}]}}