{"id":9047,"date":"2013-10-01T15:07:07","date_gmt":"2013-10-01T14:07:07","guid":{"rendered":"http:\/\/www.prolocodeliceto.it\/zeroweb\/?p=9047"},"modified":"2013-10-17T22:03:10","modified_gmt":"2013-10-17T21:03:10","slug":"meridaunia-newsletter","status":"publish","type":"post","link":"http:\/\/www.prolocodeliceto.it\/zeroweb\/?p=9047","title":{"rendered":"MERIDAUNIA NEWSLETTER"},"content":{"rendered":"<p align=\"center\"><strong><a href=\"http:\/\/www.prolocodeliceto.it\/zeroweb\/wp-content\/uploads\/image0022.jpg\"><img decoding=\"async\" loading=\"lazy\" class=\"aligncenter size-full wp-image-9048\" title=\"image002\" src=\"http:\/\/www.prolocodeliceto.it\/zeroweb\/wp-content\/uploads\/image0022.jpg\" alt=\"\" width=\"771\" height=\"103\" srcset=\"http:\/\/www.prolocodeliceto.it\/zeroweb\/wp-content\/uploads\/image0022.jpg 771w, http:\/\/www.prolocodeliceto.it\/zeroweb\/wp-content\/uploads\/image0022-300x40.jpg 300w\" sizes=\"(max-width: 771px) 100vw, 771px\" \/><\/a><\/strong><\/p>\n<p align=\"center\"><strong>III Piano Sociale di Zona dell\u2019Ambito Territoriale <em>Appennino Dauno Settentrionale<\/em><\/strong><strong><em> <\/em><\/strong><strong><em>Ecco il calendario degli incontri di concertazione<\/em><\/strong><strong><em> <\/em><\/strong><strong>Il primo incontro, marted\u00ec 8 ottobre ore 16.30 presso il Comune di Lucera<\/strong><\/p>\n<p><strong><span style=\"text-decoration: underline;\">Al via gli incontri di concertazione per la definizione del III Piano Sociale di Zona dell\u2019Ambito Territoriale Appennino Dauno Settentrionale<\/span><\/strong><strong> <\/strong>nell\u2019ambito del Piano Regionale delle Politiche Sociali 2013-2015, con il coordinamento del GAL Meridaunia. L\u2019obiettivo del III Piano regionale \u00e8 il consolidamento di un sistema di servizi sociali e sociosanitari proteso al miglioramento della qualit\u00e0 della vita e delle condizioni di benessere, alla presa in carico delle persone con fragilit\u00e0 e all\u2019inclusione sociale dei soggetti svantaggiati. E<strong><span style=\"text-decoration: underline;\">cco il calendario<\/span><\/strong><strong><span style=\"text-decoration: underline;\"> degli incontri: <\/span><\/strong><strong>08 Ottobre dalle ore 16,30 \u2013 Sala Consiliare Comune di Lucera &#8211; Avvio percorso di Concertazione<\/strong><strong> <\/strong><strong>09 Ottobre dalle ore 16,30 &#8211;\u00a0 Sportello GAL Meridaunia Lucera (Via Zuppetta, 5) \u2013 Tema: FAMIGLIA<\/strong><strong> <\/strong><strong>10 Ottobre dalle ore 16,30 &#8211; Sportello GAL Meridaunia Lucera (Via Zuppetta, 5) \u00a0\u2013 Tema: ANZIANI<\/strong><strong> <\/strong><strong>15 Ottobre dalle ore 16,30 &#8211; Sportello GAL Meridaunia Lucera (Via Zuppetta, 5) \u00a0\u2013 Tema: DIPENDENZE<\/strong><strong> <\/strong><strong>17 Ottobre dalle ore 16,30 &#8211; Sportello GAL Meridaunia Lucera (Via Zuppetta, 5) \u00a0\u2013 Tema: EXTRACOMUNITARI.<\/strong><strong><br \/>\n<\/strong><em>Le organizzazioni della societ\u00e0 civile, le associazioni familiari, le organizzazioni sindacali, la cooperazione sociale, i patronati, le associazioni di categoria, le organizzazioni di volontariato e le associazioni di promozione sociale, le Scuole e tutti i portatori di interesse sono invitati a partecipare attivamente al percorso di progettazione partecipata del III Piano Sociale di Zona dell\u2019Ambito Territoriale Appennino Dauno Settentrionale.<\/em><em><br \/>\n<\/em>Per maggiori informazioni:<\/p>\n<p><strong>Ambito Territoriale \u201cAppennino Dauno Settentrionale\u201d \u2013 Ufficio di Piano<\/strong><strong> <\/strong><strong>c\/o Comune di Lucera (Comune capofila) \u2013 Assessorato Politiche alla Persona \u2013 Via IV Novembre n. 49 \u2013 71036 Lucera FG)<\/strong><strong> <\/strong><strong>web: <a href=\"http:\/\/www.ambitosocialelucera.it\/\">www.ambitosocialelucera.it<\/a> <\/strong><strong> <\/strong><strong>Tel: 0881 541560 <\/strong><strong>\u00a0<\/strong><strong>Email: <\/strong><strong><a href=\"mailto:politichesociali@comune.lucera.fg.it\">politichesociali@comune.lucera.fg.it<\/a><\/strong><\/p>\n<p>&nbsp;<\/p>\n","protected":false},"excerpt":{"rendered":"<p>III Piano Sociale di Zona dell\u2019Ambito Territoriale Appennino Dauno Settentrionale Ecco il calendario degli incontri di concertazione Il primo incontro, marted\u00ec 8 ottobre ore 16.30 presso il Comune di Lucera Al via gli incontri di concertazione per la definizione del III Piano Sociale di Zona dell\u2019Ambito Territoriale Appennino Dauno Settentrionale nell\u2019ambito del Piano Regionale delle [&hellip;]<\/p>\n","protected":false},"author":29,"featured_media":9048,"comment_status":"open","ping_status":"open","sticky":false,"template":"","format":"standard","meta":[],"categories":[7],"tags":[],"_links":{"self":[{"href":"http:\/\/www.prolocodeliceto.it\/zeroweb\/index.php?rest_route=\/wp\/v2\/posts\/9047"}],"collection":[{"href":"http:\/\/www.prolocodeliceto.it\/zeroweb\/index.php?rest_route=\/wp\/v2\/posts"}],"about":[{"href":"http:\/\/www.prolocodeliceto.it\/zeroweb\/index.php?rest_route=\/wp\/v2\/types\/post"}],"author":[{"embeddable":true,"href":"http:\/\/www.prolocodeliceto.it\/zeroweb\/index.php?rest_route=\/wp\/v2\/users\/29"}],"replies":[{"embeddable":true,"href":"http:\/\/www.prolocodeliceto.it\/zeroweb\/index.php?rest_route=%2Fwp%2Fv2%2Fcomments&post=9047"}],"version-history":[{"count":2,"href":"http:\/\/www.prolocodeliceto.it\/zeroweb\/index.php?rest_route=\/wp\/v2\/posts\/9047\/revisions"}],"predecessor-version":[{"id":9091,"href":"http:\/\/www.prolocodeliceto.it\/zeroweb\/index.php?rest_route=\/wp\/v2\/posts\/9047\/revisions\/9091"}],"wp:featuredmedia":[{"embeddable":true,"href":"http:\/\/www.prolocodeliceto.it\/zeroweb\/index.php?rest_route=\/wp\/v2\/media\/9048"}],"wp:attachment":[{"href":"http:\/\/www.prolocodeliceto.it\/zeroweb\/index.php?rest_route=%2Fwp%2Fv2%2Fmedia&parent=9047"}],"wp:term":[{"taxonomy":"category","embeddable":true,"href":"http:\/\/www.prolocodeliceto.it\/zeroweb\/index.php?rest_route=%2Fwp%2Fv2%2Fcategories&post=9047"},{"taxonomy":"post_tag","embeddable":true,"href":"http:\/\/www.prolocodeliceto.it\/zeroweb\/index.php?rest_route=%2Fwp%2Fv2%2Ftags&post=9047"}],"curies":[{"name":"wp","href":"https:\/\/api.w.org\/{rel}","templated":true}]}}