{"id":9024,"date":"2013-09-28T14:01:13","date_gmt":"2013-09-28T13:01:13","guid":{"rendered":"http:\/\/www.prolocodeliceto.it\/zeroweb\/?p=9024"},"modified":"2013-10-11T21:57:18","modified_gmt":"2013-10-11T20:57:18","slug":"dipartimento-studi-umanistici","status":"publish","type":"post","link":"http:\/\/www.prolocodeliceto.it\/zeroweb\/?p=9024","title":{"rendered":"DIPARTIMENTO STUDI UMANISTICI&#8230;"},"content":{"rendered":"<p><a href=\"http:\/\/www.prolocodeliceto.it\/zeroweb\/wp-content\/uploads\/inaugurazione1.jpg\"><img decoding=\"async\" loading=\"lazy\" class=\"aligncenter size-full wp-image-9025\" title=\"inaugurazione\" src=\"http:\/\/www.prolocodeliceto.it\/zeroweb\/wp-content\/uploads\/inaugurazione1.jpg\" alt=\"\" width=\"336\" height=\"448\" srcset=\"http:\/\/www.prolocodeliceto.it\/zeroweb\/wp-content\/uploads\/inaugurazione1.jpg 336w, http:\/\/www.prolocodeliceto.it\/zeroweb\/wp-content\/uploads\/inaugurazione1-224x300.jpg 224w\" sizes=\"(max-width: 336px) 100vw, 336px\" \/><\/a><\/p>\n<p>Foggia, luned\u00ec 30 settembre 2013<\/p>\n<p><strong><span style=\"font-family: Times New Roman;\">Cerimonia di inaugurazione della nuova sede del Dipartimento di Studi Umanistici &#8211; Lettere, Beni Culturali, Scienze della Formazione<\/span><\/strong><\/p>\n<p><strong><span style=\"font-family: Times New Roman;\">\u00a0<\/span><\/strong><\/p>\n<p><span style=\"font-family: Times New Roman; font-size: medium;\">Grande partecipazione di pubblico per la prima delle due giornate di studio aventi come tema \u201cPatrimoni culturali e paesaggi di Puglia e d\u2019Italia tra conservazione e innovazione\u201d in cui si \u00e8 venuta a svolgere la cerimonia di inaugurazione della nuova sede del Dipartimento di Studi Umanistici della Citt\u00e0 di Foggia. <\/span><\/p>\n<p><span style=\"font-family: Times New Roman; font-size: medium;\">Alla giornata di studio, che ha goduto della partecipazione delle pi\u00f9 brillanti autorit\u00e0 del settore dei Beni Culturali, tra cui membro di spicco e stato il Ministro per i Beni e le Attivit\u00e0 Culturali e il Turismo, l\u2019onorevole Massimo Bray, ha avuto la possibilit\u00e0 di partecipare un cospicuo gruppo\u00a0 di rappresentanti della Fondazione Archeologica Canosina, tra i quali il Presidente Sabino Silvestri, l\u2019amministratore unico della Dromos.it Luigi Di Gioia, la segretaria generale Mariangela Intraversato, Francesco Specchio, Sabino Merra, Carmine Gammarota, Pasquale Terribile e Di Monte Vincenzo.<\/span><\/p>\n<p><span style=\"font-family: Times New Roman; font-size: medium;\">\u00a0<\/span><\/p>\n<p><span style=\"font-size: medium;\"><span style=\"font-family: Times New Roman;\">La giornata si \u00e8 aperta con i saluti del Direttore del Dipartimento di Studi Umanistici, Saverio Russo, il quale dopo aver spiegato come le Giornate di studio siano costituite da due appuntamenti, il secondo dei quali si svolger\u00e0 venerd\u00ec 22 novembre 2013 per approfondire le tematiche della \u201cValorizzazione e fruizione\u201d, ha ricordato la vicenda della Tomba della Medusa della scoperta, da parte dell\u2019archeologa Marina Mazzei, sino al 1984 anno del recupero del frontone della Tomba, in un incidente stradale nell\u2019Avellinese, caduto in mano ai tombaroli a causa del degrado e dell\u2019abbandono in cui versa il Sito. Il Direttore del Dipartimento ha anche manifestato molto rammarico per il particolare contesto politico in cui \u00e8 venuta a cadere la giornata, \u201cUn clima politico che rischia di vanificare i sogni di un paese normale dell\u2019occidente europeo. Lo dico da docente e da padre: a questi ragazzi dobbiamo offrire opportunit\u00e0 concrete e non gli scenari di un paese perennemente sull\u2019orlo del precipizio\u201d.<\/span><\/span><\/p>\n<p><span style=\"font-family: Times New Roman; font-size: medium;\">Seguono i saluti del Sindaco della Citt\u00e0 di Foggia Gianni Mongelli, il quale ha evidenziato come Foggia debba essere grata a chi ha saputo trasformare e valorizzare edifici che vertevano in un completo stato di abbandono, accennando anche alle vicende che stanno colpendo negli ultimi tempi il sito archeologico di Pompei e ringraziando Salvatore Settis, archeologo e storico dell\u2019arte, esempio per i\u00a0 giovani che entrano ed entreranno in questo edificio. <\/span><\/p>\n<p><span style=\"font-family: Times New Roman; font-size: medium;\">Il commissario straordinario della Provincia di Foggia, Fabio Costantini, coglie l\u2019occasione per esporre all\u2019Onorevole Massimo Bray la preghiera di recupero dall\u2019incuria della Tomba della Medusa.<\/span><\/p>\n<p><span style=\"font-family: Times New Roman; font-size: medium;\">\u00a0<\/span><\/p>\n<p><span style=\"font-family: Times New Roman; font-size: medium;\">Il Presidente della Regione Puglia, Nichi Vendola, manifesta il sentimento di smarrimento derivante dal timore di essere collocati in un punto della storia d\u2019Italia particolarmente buio in cui si rende evidente la paura di una crisi di Stato, che per essere evitata, necessita del contributo di ciascuno con le proprie idee per tenere in piedi la Repubblica; prosegue dicendo: \u201c \u00e8 in queste occasioni, \u00e8 qui che si fa politica!&#8230; Bisogna decidere se il Patrimonio dei Beni Culturali che abbiamo ereditato pu\u00f2 essere fondamento medesimo di idea di Patria\u2026 in questo senso la tutela \u00e8 un pezzo di un moderno patriottismo\u2026 abbiamo lasciato che Pompei divenisse simbolo della sciatteria; le nostre citt\u00e0 sono ferite sembrano dei vuoti a perdere!\u201d.<\/span><\/p>\n<p><span style=\"font-family: Times New Roman; font-size: medium;\">\u00a0<\/span><\/p>\n<p><span style=\"font-family: Times New Roman; font-size: medium;\">Segue l\u2019intervento del Rettore dell\u2019Universit\u00e0 degli studi di Foggia, Giuliano Volpe, il quale dopo aver ringraziato tutte le autorit\u00e0 per aver preso parte al convegno, ha raccontato tutte le dinamiche del progetto che lo vedono impegnato dall\u2019autunno del 2000, in cui si ritenne che il complesso degli ospedali in stato di abbandono potesse divenire ci\u00f2 che oggi \u00e8, grazie anche all\u2019osservazione lungimirante di Antonio Muscio, ex rettore dell\u2019Universit\u00e0 degli studi di Foggia. <\/span><\/p>\n<p><span style=\"font-family: Times New Roman; font-size: medium;\">Il Rettore prosegue descrivendo il complesso DISTUM,\u00a0 avente una superficie di 7000 mq, 10 aule, biblioteca, laboratori e vari altri servizi; complesso edilizio attuale che occupa diversi corpi di fabbrica di diverse epoche storiche a partire dell\u2019originario convento, adiacente alla Chiesa di San Giovanni di Dio, all\u2019interno del quale si \u00e8 venuti alla riscoperta di un chiostro di epoca medievale. Il tutto per un costo complessivo di \u20ac 5.366.084,15 derivante per l\u201980% dai fondi della Regione Puglia e per il 19,5% dai fondi propri dell\u2019Universit\u00e0 di Foggia. Il pensiero del Rettore si rivolge alle Universit\u00e0 della Grecia, le quali rischiano di non poter dare avvio al nuovo anno accademico, affermando \u201cl\u2019Europa \u00e8 nata con le Universit\u00e0 e non le pu\u00f2 condannare a morte! \u2026 Il Patrimonio Culturale non appartiene, n\u00e9 agli studiosi, n\u00e9 ai professionisti ma \u00e8 un Bene Comune!\u201d. Il Rettore termina il suo intervento sottolineando il ruolo delle Universit\u00e0 nel costruire un Futuro migliore.<\/span><\/p>\n<p><span style=\"font-family: Times New Roman; font-size: medium;\">\u00a0<\/span><\/p>\n<p><span style=\"font-family: Times New Roman; font-size: medium;\">Particolare l\u2019intervento dell\u2019archeologo e storico dell\u2019arte, Salvatore Settis, il quale afferma come \u201cil padrone, in casa propria, \u00e8 nella comunit\u00e0 dei cittadini non nel singolo!\u201d \u2026 e quindi di come si renda necessario \u201cun monito alle personalit\u00e0 politiche mirato ad un totale recupero della coscienza dei Beni Culturali, indispensabili per comprendere la nostra identit\u00e0!\u201d; Settis prosegue spiegando come le Universit\u00e0 e le scuole siano gli organi il cui compito \u00e8 garantire l\u2019uguaglianza, per questo la loro funzione deve essere sempre garantita, infatti \u201cogni taglio a questo settore \u00e8 una ferita alla comunit\u00e0! \u00c8 indispensabile difendere il diritto alla cultura perch\u00e9 i diritti se non li difendi li perdi, e se li perdi non li conosci!&#8230; Affinch\u00e9 questo buio odierno non sia la notte della Costituzione, la notte dell\u2019Italia!\u201d.<\/span><\/p>\n<p><span style=\"font-family: Times New Roman; font-size: medium;\">\u00a0<\/span><\/p>\n<p><span style=\"font-family: Times New Roman; font-size: medium;\">Tema portante dell\u2019intervento dell\u2019Onorevole Massimo Bray \u00e8 stato spiegare come \u201cin un momento di crisi come questo che l\u2019Italia sta attraversando, \u00e8 proprio sulla cultura che bisogna puntare per rialzarci dalla crisi. Si ritiene dunque indispensabile una nuova centralit\u00e0 per ricostruire un paese devastato da una crisi di ideali che espone i nostri figli a situazioni di progressivo degrado\u201d. Il Ministro non ha timore nell\u2019affermare come \u201cl\u2019apporto dei privati pu\u00f2 essere utile e importante ma tenendo ben presente che l\u2019utilizzo dei beni culturali deve sempre avvenire con finalit\u00e0 positive per la popolazione\u201d.<\/span><\/p>\n<p><span style=\"font-family: Times New Roman; font-size: medium;\">\u00a0<\/span><\/p>\n<p><span style=\"font-family: Times New Roman; font-size: medium;\">A questi interventi ha fatto seguito, in un clima di particolare partecipazione morale, la benedizione di una lapide commemorativa esposta nell\u2019atrio dell\u2019Universit\u00e0. <\/span><\/p>\n<p><span style=\"font-family: Times New Roman; font-size: medium;\">\u00a0<\/span><\/p>\n<p><span style=\"font-family: Times New Roman; font-size: medium;\">Nel Pomeriggio si \u00e8 dato avvio alla giornata di studio dedicata alla Conoscenza e alla Tutela con le esposizioni di Daniele Manacorda, docente di archeologia dell\u2019Universit\u00e0 di Roma, Massimo Montella, docente di Economia e gestione dei Beni Culturali dell\u2019Universit\u00e0 di Macerata, Antonia Pasqua Recchia, Segretaria Generale del MiBAC, Angela Barbanente, Assessore alla qualit\u00e0 del Territorio e ai Beni Culturali della Regione Puglia, Pietro Valentino, docente di Economia politica all\u2019Universit\u00e0 di Roma \u201cLa Sapienza\u201d, Luigi Malnati, Direttore generale alle antichit\u00e0, MiBAC, Gregorio Angelini, Direttore regionale per i Beni Culturali e Paesaggistici e Marcello Verga, Presidente della SISEM.<\/span><\/p>\n<p><span style=\"font-family: Times New Roman; font-size: medium;\">\u00a0<\/span><\/p>\n<p><span style=\"font-family: Times New Roman; font-size: medium;\">\u00c8 in giornate come questa che si compiono grandi passi avanti nella storia dell\u2019Italia, la nostra, grazie al confronto tra grandi personalit\u00e0 che ci permettono di giungere alla consapevolezza delle capacit\u00e0 e delle ricchezze che il nostro Paese possiede, e al contributo che offrono nel grande percorso intrapreso per la Valorizzazione, Fruizione e Tutela del Patrimonio dei Beni Culturali e del Paesaggio, cercando di dare grandi speranze alle generazioni di studenti che si sono formate, si stanno formando e si formeranno nel nuovo Dipartimento di Studi Umanistici di Lettere, Beni Culturali e Scienze della Formazione.<\/span><\/p>\n<p><span style=\"font-family: Times New Roman; font-size: medium;\">\u00a0<\/span><\/p>\n<p><span style=\"font-family: Times New Roman; font-size: medium;\">Segretaria Generale F.A.C.<\/span><\/p>\n<p><span style=\"font-family: Times New Roman; font-size: medium;\">Mariangela Intraversato<\/span><\/p>\n","protected":false},"excerpt":{"rendered":"<p>Foggia, luned\u00ec 30 settembre 2013 Cerimonia di inaugurazione della nuova sede del Dipartimento di Studi Umanistici &#8211; Lettere, Beni Culturali, Scienze della Formazione \u00a0 Grande partecipazione di pubblico per la prima delle due giornate di studio aventi come tema \u201cPatrimoni culturali e paesaggi di Puglia e d\u2019Italia tra conservazione e innovazione\u201d in cui si \u00e8 [&hellip;]<\/p>\n","protected":false},"author":29,"featured_media":9025,"comment_status":"open","ping_status":"open","sticky":false,"template":"","format":"standard","meta":[],"categories":[7],"tags":[],"_links":{"self":[{"href":"http:\/\/www.prolocodeliceto.it\/zeroweb\/index.php?rest_route=\/wp\/v2\/posts\/9024"}],"collection":[{"href":"http:\/\/www.prolocodeliceto.it\/zeroweb\/index.php?rest_route=\/wp\/v2\/posts"}],"about":[{"href":"http:\/\/www.prolocodeliceto.it\/zeroweb\/index.php?rest_route=\/wp\/v2\/types\/post"}],"author":[{"embeddable":true,"href":"http:\/\/www.prolocodeliceto.it\/zeroweb\/index.php?rest_route=\/wp\/v2\/users\/29"}],"replies":[{"embeddable":true,"href":"http:\/\/www.prolocodeliceto.it\/zeroweb\/index.php?rest_route=%2Fwp%2Fv2%2Fcomments&post=9024"}],"version-history":[{"count":2,"href":"http:\/\/www.prolocodeliceto.it\/zeroweb\/index.php?rest_route=\/wp\/v2\/posts\/9024\/revisions"}],"predecessor-version":[{"id":9069,"href":"http:\/\/www.prolocodeliceto.it\/zeroweb\/index.php?rest_route=\/wp\/v2\/posts\/9024\/revisions\/9069"}],"wp:featuredmedia":[{"embeddable":true,"href":"http:\/\/www.prolocodeliceto.it\/zeroweb\/index.php?rest_route=\/wp\/v2\/media\/9025"}],"wp:attachment":[{"href":"http:\/\/www.prolocodeliceto.it\/zeroweb\/index.php?rest_route=%2Fwp%2Fv2%2Fmedia&parent=9024"}],"wp:term":[{"taxonomy":"category","embeddable":true,"href":"http:\/\/www.prolocodeliceto.it\/zeroweb\/index.php?rest_route=%2Fwp%2Fv2%2Fcategories&post=9024"},{"taxonomy":"post_tag","embeddable":true,"href":"http:\/\/www.prolocodeliceto.it\/zeroweb\/index.php?rest_route=%2Fwp%2Fv2%2Ftags&post=9024"}],"curies":[{"name":"wp","href":"https:\/\/api.w.org\/{rel}","templated":true}]}}