{"id":9010,"date":"2013-09-30T13:48:45","date_gmt":"2013-09-30T12:48:45","guid":{"rendered":"http:\/\/www.prolocodeliceto.it\/zeroweb\/?p=9010"},"modified":"2013-09-30T13:50:28","modified_gmt":"2013-09-30T12:50:28","slug":"progettazione-partecipata","status":"publish","type":"post","link":"http:\/\/www.prolocodeliceto.it\/zeroweb\/?p=9010","title":{"rendered":"PROGETTAZIONE PARTECIPATA"},"content":{"rendered":"<table width=\"1210\" border=\"1\" cellspacing=\"0\" cellpadding=\"0\">\n<tbody>\n<tr>\n<td valign=\"top\" width=\"1210\">\n<p align=\"center\"><strong><a href=\"http:\/\/www.prolocodeliceto.it\/zeroweb\/wp-content\/uploads\/image0011.jpg\"><img decoding=\"async\" loading=\"lazy\" class=\"aligncenter size-full wp-image-9013\" title=\"image001\" src=\"http:\/\/www.prolocodeliceto.it\/zeroweb\/wp-content\/uploads\/image0011.jpg\" alt=\"\" width=\"843\" height=\"108\" srcset=\"http:\/\/www.prolocodeliceto.it\/zeroweb\/wp-content\/uploads\/image0011.jpg 843w, http:\/\/www.prolocodeliceto.it\/zeroweb\/wp-content\/uploads\/image0011-300x38.jpg 300w\" sizes=\"(max-width: 843px) 100vw, 843px\" \/><\/a><\/strong><\/p>\n<p align=\"center\"><strong>Piano Sociale di Zona dell\u2019Ambito Territoriale <em>Appennino Dauno Settentrionale<\/em><\/strong><\/p>\n<p align=\"center\"><strong>\u00a0<\/strong><\/p>\n<p align=\"center\"><strong>AL VIA IL PERCORSO DI PROGETTAZIONE PARTECIPATA CON IL SUPPORTO TECNICO DEL GAL MERIDAUNIA<\/strong><\/p>\n<p align=\"center\"><strong><em>Gli appuntamenti: 8, 9, 10, 15 e 17 ottobre a Lucera<\/em><\/strong><\/p>\n<p align=\"center\"><strong>\u00a0<\/strong><\/p>\n<p><strong><span style=\"text-decoration: underline;\">Marted\u00ec 8 ottobre 2013 alle ore 16.30 presso la sala Consiliare del Comune di Lucera prende il via il percorso di progettazione partecipata per il III Piano Sociale di Zona dell\u2019Ambito Territoriale Appennino Dauno Settentrionale<\/span><\/strong><strong> <\/strong>nell\u2019ambito del Piano Regionale delle Politiche Sociali 2013-2015.<\/p>\n<p>L\u2019obiettivo del III Piano regionale \u00e8 il consolidamento di un sistema di servizi sociali e sociosanitari proteso al miglioramento della qualit\u00e0 della vita e delle condizioni di benessere, alla presa in carico delle persone con fragilit\u00e0 e all\u2019inclusione sociale dei soggetti svantaggiati.<\/p>\n<p>Questi le priorit\u00e0 strategiche di intervento della programmazione sociale regionale:<\/p>\n<p><em>1.\u00a0<\/em>&gt;<em>Sostenere la rete dei servizi per la prima infanzia e la conciliazione dei tempi <\/em><\/p>\n<p><em>2.\u00a0<\/em>&gt;<em>Contrastare le povert\u00e0 con percorsi di inclusione attiva <\/em><\/p>\n<p><em>3.\u00a0<\/em>&gt;<em>Promuovere la cultura dell\u2019accoglienza <\/em><\/p>\n<p><em>4.<\/em>&gt;<em>Sostenere la genitorialit\u00e0 e tutelare i diritti dei minori <\/em><\/p>\n<p><em>5.\u00a0<\/em><em>Promuovere l\u2019integrazione sociosanitaria e la presa in carico integrata delle non autosufficienze <\/em><\/p>\n<p><em>6.<\/em>&gt;<em>Prevenire e contrastare il maltrattamento e la violenza<\/em><\/p>\n<p><strong>Il GAL Meridaunia supporter\u00e0 e assister\u00e0 tecnicamente l\u2019Ambito territoriale nella stesura del Piano Sociale di Zona e dei Piani di Intervento per gli Anziani e la Prima Infanzia.<\/strong><\/p>\n<p><strong><span style=\"text-decoration: underline;\">Nei giorni 9, 10, 15 e 17 ottobre, alle ore 16.30 presso la sede del GAL Meridaunia di Lucera in Via Zuppetta n.5\/7, si terranno gli incontri del Tavolo di progettazione partecipata articolato per ambiti tematici.<\/span><\/strong><\/p>\n<p><strong><em>Le organizzazioni della societ\u00e0 civile, le associazioni familiari, le organizzazioni sindacali, la cooperazione sociale, i patronati, le associazioni di categoria, le organizzazioni di volontariato e le associazioni di promozione sociale, le Scuole e tutti i portatori di interesse sono invitati a partecipare attivamente al percorso di progettazione partecipata del III Piano Sociale di Zona dell\u2019Ambito Territoriale Appennino Dauno Settentrionale. <\/em><\/strong><\/p>\n<p>In allegato l\u2019Avviso di avvio del percorso di progettazione partecipata per la stesura del Piano.<\/p>\n<p>Per maggiori informazioni:<\/p>\n<p><strong>Ambito Territoriale \u201cAppennino Dauno Settentrionale\u201d \u2013 Ufficio di Piano<\/strong><\/p>\n<p><strong>c\/o Comune di Lucera (Comune capofila) \u2013 Assessorato Politiche alla Persona \u2013 Via IV Novembre n. 49 \u2013 71036 Lucera FG)<\/strong><\/p>\n<p><strong>web: <\/strong><strong><a href=\"http:\/\/www.ambitosocialelucera.it\/\">www.ambitosocialelucera.it<\/a> <\/strong><strong><\/strong><\/p>\n<p><strong>Tel: 0881 541560 <\/strong><\/p>\n<p><strong>Email: <a href=\"mailto:politichesociali@comune.lucera.fg.it\">politichesociali@comune.lucera.fg.it<\/a><\/strong><strong><\/strong><\/p>\n<p>&nbsp;<\/p>\n<p>Antonella Caggese<\/p>\n<p>Ufficio Comunicazione GAL Meridaunia<\/td>\n<\/tr>\n<tr>\n<td width=\"1210\">\n<p align=\"center\">Gal Meridaunia &#8211; Piazza Municipio, 2 &#8211; 71023 Bovino (FG) &#8211; Tel. 0881.912007\/966557 &#8211; Fax 0881.912921 E-mail: <a href=\"mailto:info@meridaunia.it\">info@meridaunia.it<\/a> &#8211; PEC: <a href=\"mailto:meridaunia@pec.it\">meridaunia@pec.it<\/a> &#8211; P.Iva 02303810713 su facebook: GAL Meridaunia<\/p>\n<\/td>\n<\/tr>\n<\/tbody>\n<\/table>\n","protected":false},"excerpt":{"rendered":"<p>Piano Sociale di Zona dell\u2019Ambito Territoriale Appennino Dauno Settentrionale \u00a0 AL VIA IL PERCORSO DI PROGETTAZIONE PARTECIPATA CON IL SUPPORTO TECNICO DEL GAL MERIDAUNIA Gli appuntamenti: 8, 9, 10, 15 e 17 ottobre a Lucera \u00a0 Marted\u00ec 8 ottobre 2013 alle ore 16.30 presso la sala Consiliare del Comune di Lucera prende il via il [&hellip;]<\/p>\n","protected":false},"author":29,"featured_media":9013,"comment_status":"open","ping_status":"open","sticky":false,"template":"","format":"standard","meta":[],"categories":[7],"tags":[],"_links":{"self":[{"href":"http:\/\/www.prolocodeliceto.it\/zeroweb\/index.php?rest_route=\/wp\/v2\/posts\/9010"}],"collection":[{"href":"http:\/\/www.prolocodeliceto.it\/zeroweb\/index.php?rest_route=\/wp\/v2\/posts"}],"about":[{"href":"http:\/\/www.prolocodeliceto.it\/zeroweb\/index.php?rest_route=\/wp\/v2\/types\/post"}],"author":[{"embeddable":true,"href":"http:\/\/www.prolocodeliceto.it\/zeroweb\/index.php?rest_route=\/wp\/v2\/users\/29"}],"replies":[{"embeddable":true,"href":"http:\/\/www.prolocodeliceto.it\/zeroweb\/index.php?rest_route=%2Fwp%2Fv2%2Fcomments&post=9010"}],"version-history":[{"count":2,"href":"http:\/\/www.prolocodeliceto.it\/zeroweb\/index.php?rest_route=\/wp\/v2\/posts\/9010\/revisions"}],"predecessor-version":[{"id":9014,"href":"http:\/\/www.prolocodeliceto.it\/zeroweb\/index.php?rest_route=\/wp\/v2\/posts\/9010\/revisions\/9014"}],"wp:featuredmedia":[{"embeddable":true,"href":"http:\/\/www.prolocodeliceto.it\/zeroweb\/index.php?rest_route=\/wp\/v2\/media\/9013"}],"wp:attachment":[{"href":"http:\/\/www.prolocodeliceto.it\/zeroweb\/index.php?rest_route=%2Fwp%2Fv2%2Fmedia&parent=9010"}],"wp:term":[{"taxonomy":"category","embeddable":true,"href":"http:\/\/www.prolocodeliceto.it\/zeroweb\/index.php?rest_route=%2Fwp%2Fv2%2Fcategories&post=9010"},{"taxonomy":"post_tag","embeddable":true,"href":"http:\/\/www.prolocodeliceto.it\/zeroweb\/index.php?rest_route=%2Fwp%2Fv2%2Ftags&post=9010"}],"curies":[{"name":"wp","href":"https:\/\/api.w.org\/{rel}","templated":true}]}}