{"id":897,"date":"2009-07-22T14:08:14","date_gmt":"2009-07-22T13:08:14","guid":{"rendered":"http:\/\/www.prolocodeliceto.it\/zeroweb\/?p=897"},"modified":"2009-07-27T21:10:52","modified_gmt":"2009-07-27T20:10:52","slug":"festa-titolare-parrocchia-ss-salvatore","status":"publish","type":"post","link":"http:\/\/www.prolocodeliceto.it\/zeroweb\/?p=897","title":{"rendered":"Festa Titolare Parrocchia SS. Salvatore"},"content":{"rendered":"<p><strong><span style=\"font-size: 14pt\"><font face=\"Verdana\">Festa Titolare della Parrocchia del SS. Salvatore<\/font><\/span><\/strong><strong><font size=\"2\"><font face=\"Verdana\">L\u2019appuntamento spirituale della comunit\u00e0 delicetano<\/font><\/font><\/strong><font size=\"2\" face=\"Verdana\"> <\/font><\/p>\n<p>  <a href=\"http:\/\/www.prolocodeliceto.it\/zeroweb\/wp-content\/ss-salvatore-deliceto.jpg\" title=\"ss-salvatore-deliceto.jpg\"><img decoding=\"async\" src=\"http:\/\/www.prolocodeliceto.it\/zeroweb\/wp-content\/ss-salvatore-deliceto.thumbnail.jpg\" alt=\"ss-salvatore-deliceto.jpg\" \/><\/a><\/p>\n<p style=\"margin: 0cm 0cm 0pt\" class=\"MsoNormal\"><font size=\"2\" face=\"Verdana\">Cari fedeli, anche quest\u2019anno la nostra Parrocchia celebrer\u00e0 gioved\u00ec 6 agosto la Festa titolare \u201cSS. Salvatore\u201d. Essa non \u00e8 una qualsiasi celebrazione ma un momento di immergerci come Comunit\u00e0 nel mistero della Presenza di Cristo in mezzo a noi. Un momento di lode, di ringraziamento, gioia. Un meditare sul nostro cammino di fede con i suoi alti e bassi. Un esame di coscienza circa i nostri limiti, la nostra fragilit\u00e0 e soprattutto circa la ricchezza della grazia che Dio elargisce alla nostra comunit\u00e0 ogni giorno. <\/font><\/p>\n<p style=\"margin: 0cm 0cm 0pt\" class=\"MsoNormal\"><font size=\"2\" face=\"Verdana\">\u00c8 una festa di famiglia dove ognuno impara a camminare insieme con gli altri aspettando anche il passo dei meno veloci di noi, per creare una famiglia-Chiesa pi\u00f9 armoniosa. <\/font><\/p>\n<p style=\"margin: 0cm 0cm 0pt\" class=\"MsoNormal\"><font size=\"2\" face=\"Verdana\">La festa di quest\u2019anno \u00e8 strutturato in due momenti: il Triduo preparativo scandito dalla preghiera del S. Rosario e dalla S. Messa e poi la Celebrazione vera e propria della Festa la quale quest\u2019anno si concluder\u00e0 con il momento conviviale di tutta la comunit\u00e0 dopo la S. Messa conclusiva delle ore 19.00.<\/font><\/p>\n<p style=\"margin: 0cm 0cm 0pt\" class=\"MsoNormal\"><font size=\"2\" face=\"Verdana\">Siete tutti, parrocchiani e non, calorosamente invitati a partecipare a questa nostra gioia. <\/font><\/p>\n<p><font size=\"2\" face=\"Verdana\"> <\/font><\/p>\n<p><strong><font size=\"2\"><font face=\"Verdana\">Don L\u00e9onard Kamanzi<\/font><\/font><\/strong><font size=\"2\" face=\"Verdana\"> <\/font><\/p>\n<p><strong><font size=\"2\"><font face=\"Verdana\">PROGRAMMA<\/font><\/font><\/strong><font size=\"2\" face=\"Verdana\"> <\/font><\/p>\n<p><strong><u><font size=\"2\"><font face=\"Verdana\">I. TRIDUO<\/font><\/font><\/u><\/strong><font size=\"2\" face=\"Verdana\"> <\/font><\/p>\n<p><strong><font size=\"2\"><font face=\"Verdana\">LUNED\u00cc 3<\/font><\/font><\/strong><\/p>\n<p style=\"margin: 0cm 0cm 0pt\" class=\"MsoNormal\"><font size=\"2\" face=\"Verdana\">17.00-19.00: Confessioni<\/font><\/p>\n<p style=\"margin: 0cm 0cm 0pt\" class=\"MsoNormal\"><font size=\"2\" face=\"Verdana\">18.15:<span>          <\/span>Rosario meditato a cura della Comunit\u00e0 Mariana O.P.<\/font><\/p>\n<p style=\"margin: 0cm 0cm 0pt\" class=\"MsoNormal\"><font size=\"2\" face=\"Verdana\">19.00:<span>          <\/span>S. MESSA a cura della Comunit\u00e0 Mariana O.P.<\/font><\/p>\n<p style=\"margin: 0cm 0cm 0pt\" class=\"MsoNormal\"><span><font size=\"2\" face=\"Verdana\">         <\/font><\/span><\/p>\n<p><strong><font size=\"2\"><font face=\"Verdana\">MARTED\u00cc 4<\/font><\/font><\/strong><\/p>\n<p style=\"margin: 0cm 0cm 0pt\" class=\"MsoNormal\"><font size=\"2\" face=\"Verdana\">17.00-19.00: Confessioni<\/font><\/p>\n<p style=\"margin: 0cm 0cm 0pt\" class=\"MsoNormal\"><font size=\"2\" face=\"Verdana\">18.15: <span>         <\/span>Rosario meditato a cura del Coro Polifonico.<\/font><\/p>\n<p style=\"margin: 0cm 0cm 0pt\" class=\"MsoNormal\"><font size=\"2\" face=\"Verdana\">19.00:<span>          <\/span>S. MESSA a cura del Coro Polifonico.<\/font><\/p>\n<p><font size=\"2\" face=\"Verdana\"> <\/font><\/p>\n<p><strong><font size=\"2\"><font face=\"Verdana\">MERCOLED\u00cc 5<\/font><\/font><\/strong><\/p>\n<p style=\"margin: 0cm 0cm 0pt\" class=\"MsoNormal\"><font size=\"2\" face=\"Verdana\">17.00-19.00: Confessioni<\/font><\/p>\n<p style=\"margin: 0cm 0cm 0pt\" class=\"MsoNormal\"><font size=\"2\" face=\"Verdana\">18.00:<span>          <\/span>Inizio preghiera personale e preparazione al rinnovo cons. alla Madonna.<\/font><\/p>\n<p style=\"margin: 0cm 0cm 0pt\" class=\"MsoNormal\"><font size=\"2\" face=\"Verdana\">18.15: <span>         <\/span>Rosario meditato a cura del Coro di \u201cMaria Stella del Cammino\u201d.<\/font><\/p>\n<p style=\"margin: 0cm 0cm 0pt\" class=\"MsoNormal\"><font size=\"2\" face=\"Verdana\">19.00: <span>         <\/span>S. MESSA a cura del Coro di \u201cMaria Stella del Cammino\u201d.<\/font><\/p>\n<p style=\"margin: 0cm 0cm 0pt\" class=\"MsoNormal\"><font size=\"2\" face=\"Verdana\">21.30-23.30: VEGLIA DI PREGHIERA con la presenza della Statua della Madonna di Fatima alla vigilia del Rinnovo della Consacrazione ed della Festa della Parrocchia.<\/font><\/p>\n<p><font size=\"2\" face=\"Verdana\"> <\/font><\/p>\n<p><font size=\"2\" face=\"Verdana\"> <\/font><\/p>\n<p><strong><u><font size=\"2\"><font face=\"Verdana\">II. FESTIVIT\u00c0 <\/font><\/font><\/u><\/strong><font size=\"2\" face=\"Verdana\"> <\/font><\/p>\n<p><strong><font size=\"2\"><font face=\"Verdana\">GIOVED\u00cc 6<\/font><\/font><\/strong><strong><font size=\"2\"><font face=\"Verdana\">FESTA SOLENNE DELLA PARROCCHIA SS. SALVATORE<\/font><\/font><\/strong><strong><font size=\"2\"><font face=\"Verdana\">Primo anniversario della consacrazione alla Madonna di Fatima<\/font><\/font><\/strong><font size=\"2\" face=\"Verdana\"> <\/font><\/p>\n<p style=\"margin: 0cm 0cm 0pt\" class=\"MsoNormal\"><font size=\"2\" face=\"Verdana\">9.30:<span>            <\/span>S. Messa e Ora media e Esposizione del SS. Sacramento.<\/font><\/p>\n<p style=\"margin: 0cm 0cm 0pt\" class=\"MsoNormal\"><font size=\"2\" face=\"Verdana\">9.30-13.00<span>    <\/span>Adorazione personale e di gruppi a cura di:<\/font><\/p>\n<p style=\"margin: 0cm 0cm 0pt\" class=\"MsoNormal\"><font size=\"2\" face=\"Verdana\">GRUPPO TALITA KUM (ore 10.00-11.00)<\/font><\/p>\n<p style=\"margin: 0cm 0cm 0pt\" class=\"MsoNormal\"><font size=\"2\" face=\"Verdana\">I DUE CORI<span>  <\/span>(ore 11.00-12.00)<\/font><\/p>\n<p style=\"margin: 0cm 0cm 0pt\" class=\"MsoNormal\"><font size=\"2\" face=\"Verdana\">CONFRATERNITA S. ANNA E MORTI (ore 12.00-13.00)<\/font><\/p>\n<p style=\"margin: 0cm 0cm 0pt\" class=\"MsoNormal\"><font size=\"2\" face=\"Verdana\">ADORAZIONE SILENZIOSA (ore 13.00-15.00)<\/font><\/p>\n<p style=\"margin: 0cm 0cm 0pt\" class=\"MsoNormal\"><font size=\"2\" face=\"Verdana\">AZIONE CATTOLICA (ore 15.00-16.00)<\/font><\/p>\n<p style=\"margin: 0cm 0cm 0pt\" class=\"MsoNormal\"><font size=\"2\" face=\"Verdana\">CATECHISTI (ore 16.00-17.00)<\/font><\/p>\n<p style=\"margin: 0cm 0cm 0pt\" class=\"MsoNormal\"><font size=\"2\" face=\"Verdana\">CONFRATERNITA ANNUNZIATA (ore 17.00-18.00).<\/font><\/p>\n<p><font size=\"2\" face=\"Verdana\"> <\/font><\/p>\n<p style=\"margin: 0cm 0cm 0pt\" class=\"MsoNormal\"><font size=\"2\" face=\"Verdana\">17.00-19.00: CONFESSIONI<\/font><\/p>\n<p style=\"margin: 0cm 0cm 0pt\" class=\"MsoNormal\"><font size=\"2\" face=\"Verdana\">18.00: Rosario Meditato a cura di FRA EMMANUEL E AMICI.<\/font><\/p>\n<p style=\"margin: 0cm 0cm 0pt\" class=\"MsoNormal\"><font size=\"2\" face=\"Verdana\">19.00: S. Messa solenne concelebrata da tutti i Sacerdoti della Citt\u00e0.<\/font><\/p>\n<p style=\"margin: 0cm 0cm 0pt\" class=\"MsoNormal\"><font size=\"2\" face=\"Verdana\">21.00: MOMENTO CONVIVIALE ORGANIZZATA DALLA PARROCCHIA E APERTO A TUTTI I <\/font><\/p>\n<p style=\"margin: 0cm 0cm 0pt\" class=\"MsoNormal\"><font size=\"2\" face=\"Verdana\">FEDELI DELLA CITT\u00c0<\/font><\/p>\n<p><font size=\"2\" face=\"Verdana\"> <\/font><\/p>\n<p><font size=\"2\" face=\"Verdana\"> <\/font><\/p>\n<p><font size=\"2\" face=\"Verdana\"> <\/font><\/p>\n<p><span><font size=\"2\"><font face=\"Verdana\">Per la buona riuscita della Festa, chi vuole pu\u00f2 contribuire (secondo le proprie possibilit\u00e0) preparando qualcosa da condividere con gli altri. Tutto \u00e8 bene accetto.<\/font><\/font><\/span><font size=\"2\" face=\"Verdana\"> <\/font><\/p>\n<p><strong><em><span><font size=\"2\"><font face=\"Verdana\">Per informazioni contattare il Gruppo Organizzativo: <\/font><\/font><\/span><\/em><\/strong><span style=\"line-height: 115%; font-family: Verdana; font-size: 10pt\">CARMELA BONUOMO: 339.8762399<\/span><span style=\"line-height: 115%; font-family: Verdana; font-size: 10pt\">CATERINA PICCINNO: 349.0694927<\/span><span style=\"line-height: 115%; font-family: Verdana; font-size: 10pt\">TERESA CONTE: 320.04408056<\/span><\/p>\n","protected":false},"excerpt":{"rendered":"<p>Festa Titolare della Parrocchia del SS. SalvatoreL\u2019appuntamento spirituale della comunit\u00e0 delicetano Cari fedeli, anche quest\u2019anno la nostra Parrocchia celebrer\u00e0 gioved\u00ec 6 agosto la Festa titolare \u201cSS. Salvatore\u201d. Essa non \u00e8 una qualsiasi celebrazione ma un momento di immergerci come Comunit\u00e0 nel mistero della Presenza di Cristo in mezzo a noi. Un momento di lode, di [&hellip;]<\/p>\n","protected":false},"author":29,"featured_media":0,"comment_status":"open","ping_status":"open","sticky":false,"template":"","format":"standard","meta":[],"categories":[7],"tags":[],"_links":{"self":[{"href":"http:\/\/www.prolocodeliceto.it\/zeroweb\/index.php?rest_route=\/wp\/v2\/posts\/897"}],"collection":[{"href":"http:\/\/www.prolocodeliceto.it\/zeroweb\/index.php?rest_route=\/wp\/v2\/posts"}],"about":[{"href":"http:\/\/www.prolocodeliceto.it\/zeroweb\/index.php?rest_route=\/wp\/v2\/types\/post"}],"author":[{"embeddable":true,"href":"http:\/\/www.prolocodeliceto.it\/zeroweb\/index.php?rest_route=\/wp\/v2\/users\/29"}],"replies":[{"embeddable":true,"href":"http:\/\/www.prolocodeliceto.it\/zeroweb\/index.php?rest_route=%2Fwp%2Fv2%2Fcomments&post=897"}],"version-history":[{"count":0,"href":"http:\/\/www.prolocodeliceto.it\/zeroweb\/index.php?rest_route=\/wp\/v2\/posts\/897\/revisions"}],"wp:attachment":[{"href":"http:\/\/www.prolocodeliceto.it\/zeroweb\/index.php?rest_route=%2Fwp%2Fv2%2Fmedia&parent=897"}],"wp:term":[{"taxonomy":"category","embeddable":true,"href":"http:\/\/www.prolocodeliceto.it\/zeroweb\/index.php?rest_route=%2Fwp%2Fv2%2Fcategories&post=897"},{"taxonomy":"post_tag","embeddable":true,"href":"http:\/\/www.prolocodeliceto.it\/zeroweb\/index.php?rest_route=%2Fwp%2Fv2%2Ftags&post=897"}],"curies":[{"name":"wp","href":"https:\/\/api.w.org\/{rel}","templated":true}]}}