{"id":8937,"date":"2013-09-17T22:16:54","date_gmt":"2013-09-17T21:16:54","guid":{"rendered":"http:\/\/www.prolocodeliceto.it\/zeroweb\/?p=8937"},"modified":"2013-09-17T22:16:54","modified_gmt":"2013-09-17T21:16:54","slug":"il-futuro-appartiene-alle-citta-belle","status":"publish","type":"post","link":"http:\/\/www.prolocodeliceto.it\/zeroweb\/?p=8937","title":{"rendered":"IL FUTURO APPARTIENE ALLE CITTA&#8217; BELLE"},"content":{"rendered":"<p align=\"center\"><strong><span style=\"text-decoration: underline;\"><a href=\"http:\/\/www.prolocodeliceto.it\/zeroweb\/wp-content\/uploads\/Carta-Intestata-_-BS-_-ACT.jpg\"><img decoding=\"async\" loading=\"lazy\" class=\"aligncenter size-full wp-image-8938\" title=\"Carta Intestata _ BS _ ACT\" src=\"http:\/\/www.prolocodeliceto.it\/zeroweb\/wp-content\/uploads\/Carta-Intestata-_-BS-_-ACT.jpg\" alt=\"\" width=\"889\" height=\"155\" srcset=\"http:\/\/www.prolocodeliceto.it\/zeroweb\/wp-content\/uploads\/Carta-Intestata-_-BS-_-ACT.jpg 889w, http:\/\/www.prolocodeliceto.it\/zeroweb\/wp-content\/uploads\/Carta-Intestata-_-BS-_-ACT-300x52.jpg 300w\" sizes=\"(max-width: 889px) 100vw, 889px\" \/><\/a><\/span><\/strong><\/p>\n<p align=\"center\"><strong><span style=\"text-decoration: underline;\">COMUNICATO STAMPA<\/span><\/strong><\/p>\n<p align=\"center\"><strong>\u201cIl futuro appartiene alle citt\u00e0 belle\u201d. Se ne discute a Troia con Giuliano Volpe<\/strong><\/p>\n<p align=\"center\"><strong>Sabato 21 Settembre alle 19.00 il Magnifico Rettore dell\u2019Universit\u00e0 di Foggia presenta il suo ultimo volume \u201cLe vie maestre\u201d: un\u2019occasione di confronto anche sul futuro dei beni culturali, del paesaggio e dei borghi storici dei Monti Dauni<\/strong><strong><\/strong><\/p>\n<p align=\"center\"><em>\u00a0<\/em><\/p>\n<p align=\"center\"><em>Difesa del territorio contro la cementificazione ma anche impegno per la trasparenza e contro la corruzione, per l\u2019universit\u00e0 e la scuola pubbliche, per la partecipazione civile e democratica dei cittadini, per una nuova classe dirigente: queste le tematiche al centro del dibattito.<\/em><\/p>\n<p align=\"center\"><em>\u00a0<\/em><\/p>\n<h6><span style=\"font-family: Trebuchet MS, sans-serif; font-size: medium;\">TROIA \u2013\u00a0 Ci sono battaglie di impegno civile, sociale e culturale dalle quali non ci si pu\u00f2 esimere, qualunque sia il ruolo si occupa nella societ\u00e0. Giuliano Volpe, in questi anni da Rettore dell&#8217;Universit\u00e0 di Foggia, ha avuto il coraggio, la competenza e l&#8217;autorevolezza per condurre molte di queste battaglie: da quelle in difesa del territorio a quelle per la trasparenza e contro i clientelismi e la corruzione, da quelle per l&#8217;universit\u00e0 pubblica e la ricerca a quelle per riqualificazione degli spazi pubblici, in difesa del patrimonio culturale e della bellezza. <\/span><\/h6>\n<h6>Un pezzo importante di questo impegno \u00e8 raccontato nell\u2019ultimo libro di Giuliano Volpe, &#8220;Le Vie Maestre&#8221;, che sar\u00e0 presentato a Troia Sabato 21 Settembre alle ore 19.00 in piazza Cattedrale. &#8220;Il futuro appartiene alle citt\u00e0 belle&#8221; \u00e8 il titolo di uno dei capitoli ed \u00e8 uno dei temi chiave del libro ed \u00e8 anche il tema sul quale, insieme a Giuliano Volpe, si confronteranno il sindaco di Troia, Edoardo Beccia, il giornalista di Affaritaliani.it Antonio V. Gelormini (tra gli ideatori del progetto \u201cDaunia Vetus\u201d) e il coordinatore di A.c.t! Monti Dauni, Giuseppe Beccia<span style=\"font-family: Trebuchet MS, sans-serif; font-size: medium;\">. Una occasione, insomma, per discutere anche del futuro della Capitanata e dei Monti Dauni, del patrimonio culturale e del paesaggio di queste terre, del futuro dei suoi centri storici. <\/span><\/h6>\n<h6>L\u2019iniziativa avr\u00e0 luogo nello \u201cSpazio pubblico per la Creativit\u00e0 Giovanile\/Ufficio Turistico\u201d in Piazza Cattedrale, ovvero lo spazio animato e rilanciato in questi anni dal lavoro di A.c.t! Monti Dauni \u2013 Associazione Culturale &amp; Turistica grazie anche ai programmi Principi Attivi e Bollenti Spiriti della Regione Puglia. Il dibattito \u00e8 una delle ultime iniziative del progetto &#8220;Insieme si pu\u00f2&#8221; di\u00a0A.c.t! Monti Dauni e non \u00e8 un caso che il lungo progetto di A.c.t! si avvii alla conclusione proprio con una iniziativa su questa tematica. Se abbiamo scelto di impegnarci per la promozione del territorio e del suo patrimonio, \u00e8 stato proprio a partire da questa convinzione: il futuro appartiene alle citt\u00e0 belle. E la bellezza va preservata e difesa, insieme.<\/h6>\n<h6><\/h6>\n<h6>Per info: <a href=\"tel:347%2F2668932\">347\/2668932<\/a><\/h6>\n<h6><a href=\"mailto:turismo.montidauni@gmail.com\">turismo.montidauni@gmail.com<\/a><\/h6>\n<h6><a href=\"http:\/\/www.pugliadeiborghi.it\/\">www.pugliadeiborghi.it<\/a>\u00a0\u00a0\u00a0\u00a0\u00a0\u00a0\u00a0\u00a0\u00a0\u00a0\u00a0\u00a0\u00a0\u00a0\u00a0\u00a0\u00a0\u00a0\u00a0\u00a0\u00a0\u00a0\u00a0\u00a0\u00a0\u00a0\u00a0\u00a0\u00a0\u00a0\u00a0\u00a0\u00a0\u00a0\u00a0\u00a0\u00a0\u00a0\u00a0\u00a0\u00a0\u00a0\u00a0\u00a0\u00a0\u00a0\u00a0\u00a0\u00a0\u00a0\u00a0\u00a0\u00a0\u00a0\u00a0\u00a0\u00a0\u00a0\u00a0\u00a0\u00a0\u00a0\u00a0\u00a0\u00a0\u00a0\u00a0\u00a0\u00a0\u00a0\u00a0\u00a0\u00a0\u00a0\u00a0\u00a0\u00a0 A.c.t! Monti Dauni<\/h6>\n<h6>Associazione Culturale &amp; Turistica<\/h6>\n","protected":false},"excerpt":{"rendered":"<p>COMUNICATO STAMPA \u201cIl futuro appartiene alle citt\u00e0 belle\u201d. Se ne discute a Troia con Giuliano Volpe Sabato 21 Settembre alle 19.00 il Magnifico Rettore dell\u2019Universit\u00e0 di Foggia presenta il suo ultimo volume \u201cLe vie maestre\u201d: un\u2019occasione di confronto anche sul futuro dei beni culturali, del paesaggio e dei borghi storici dei Monti Dauni \u00a0 Difesa [&hellip;]<\/p>\n","protected":false},"author":29,"featured_media":8938,"comment_status":"open","ping_status":"open","sticky":false,"template":"","format":"standard","meta":[],"categories":[7],"tags":[],"_links":{"self":[{"href":"http:\/\/www.prolocodeliceto.it\/zeroweb\/index.php?rest_route=\/wp\/v2\/posts\/8937"}],"collection":[{"href":"http:\/\/www.prolocodeliceto.it\/zeroweb\/index.php?rest_route=\/wp\/v2\/posts"}],"about":[{"href":"http:\/\/www.prolocodeliceto.it\/zeroweb\/index.php?rest_route=\/wp\/v2\/types\/post"}],"author":[{"embeddable":true,"href":"http:\/\/www.prolocodeliceto.it\/zeroweb\/index.php?rest_route=\/wp\/v2\/users\/29"}],"replies":[{"embeddable":true,"href":"http:\/\/www.prolocodeliceto.it\/zeroweb\/index.php?rest_route=%2Fwp%2Fv2%2Fcomments&post=8937"}],"version-history":[{"count":2,"href":"http:\/\/www.prolocodeliceto.it\/zeroweb\/index.php?rest_route=\/wp\/v2\/posts\/8937\/revisions"}],"predecessor-version":[{"id":8940,"href":"http:\/\/www.prolocodeliceto.it\/zeroweb\/index.php?rest_route=\/wp\/v2\/posts\/8937\/revisions\/8940"}],"wp:featuredmedia":[{"embeddable":true,"href":"http:\/\/www.prolocodeliceto.it\/zeroweb\/index.php?rest_route=\/wp\/v2\/media\/8938"}],"wp:attachment":[{"href":"http:\/\/www.prolocodeliceto.it\/zeroweb\/index.php?rest_route=%2Fwp%2Fv2%2Fmedia&parent=8937"}],"wp:term":[{"taxonomy":"category","embeddable":true,"href":"http:\/\/www.prolocodeliceto.it\/zeroweb\/index.php?rest_route=%2Fwp%2Fv2%2Fcategories&post=8937"},{"taxonomy":"post_tag","embeddable":true,"href":"http:\/\/www.prolocodeliceto.it\/zeroweb\/index.php?rest_route=%2Fwp%2Fv2%2Ftags&post=8937"}],"curies":[{"name":"wp","href":"https:\/\/api.w.org\/{rel}","templated":true}]}}