{"id":8920,"date":"2013-09-12T22:24:16","date_gmt":"2013-09-12T21:24:16","guid":{"rendered":"http:\/\/www.prolocodeliceto.it\/zeroweb\/?p=8920"},"modified":"2013-09-12T22:36:56","modified_gmt":"2013-09-12T21:36:56","slug":"comunicato-stampa-tribunale-di-lucera","status":"publish","type":"post","link":"http:\/\/www.prolocodeliceto.it\/zeroweb\/?p=8920","title":{"rendered":"COMUNICATO STAMPA, TRIBUNALE DI LUCERA"},"content":{"rendered":"<div>\n<p><a href=\"http:\/\/www.prolocodeliceto.it\/zeroweb\/wp-content\/uploads\/is28.jpg\"><img decoding=\"async\" loading=\"lazy\" class=\"aligncenter size-full wp-image-8923\" title=\"is\" src=\"http:\/\/www.prolocodeliceto.it\/zeroweb\/wp-content\/uploads\/is28.jpg\" alt=\"\" width=\"341\" height=\"238\" srcset=\"http:\/\/www.prolocodeliceto.it\/zeroweb\/wp-content\/uploads\/is28.jpg 341w, http:\/\/www.prolocodeliceto.it\/zeroweb\/wp-content\/uploads\/is28-300x209.jpg 300w\" sizes=\"(max-width: 341px) 100vw, 341px\" \/><\/a><\/p>\n<p>Egregio Redattore e Direttore,<\/p>\n<p>confermo che nonostante l\u2019odierna disponibilit\u00e0 mostrata dal ministro ai Parlamentari del nostro territorio e di quelli degli <strong>OTTO <\/strong>da salvare, comunico che nostre le azioni di protesta continuano.<\/p>\n<p>Domani il Consiglio Comunale di Lucera, dalle ore 08.00 del mattino, \u00e8 convocato sulle scale del Tribunale di Lucera.<\/p>\n<p>Le manifestazioni continueranno con sit-in ed altre iniziative a cura dei sindacati ed in particolare della Cgil di Lucera delle scuole superiori e di altre associazioni.<\/p>\n<p>Il Consiglio Comunale \u00e8 stato convocato in via d&#8217;urgenza e continuer\u00e0, ove non dovesse esaurirsi in giornata, anche nei giorni successivi, ovvero sabato, domenica, luned\u00ec ecc.<\/p>\n<p>&nbsp;<\/p>\n<p>Grato per l\u2019attenzione prestata, porgo molte cordialit\u00e0.<\/p>\n<\/div>\n<div>Raffaele Preziuso<\/div>\n<div><\/div>\n<p>&#8212;<\/p>\n<div><em><span style=\"color: #ff0000;\"><strong>Comitato per la Difesa della Legalit\u00e0 in Capitanata (C.D.L.C.)<\/strong><\/span><\/em><\/div>\n<div>Sede: Sala degli Avvocati presso il Tribunale di Lucera<\/div>\n<div>Contatti:<\/div>\n<div>Presidente: Avv. Raffaele Preziuso &#8211; Lucera &#8211; 3356642063<\/div>\n<div>V. Presidente: Avv. Sabatino Del Priore &#8211; Cagnano Varano &#8211;<\/div>\n<div>Segretario: Avv. Antonio Santacroce &#8211; Lucera &#8211;<\/div>\n<div>Pubb. Rel.: Avv. Pasquale Caso &#8211; Lucera &#8211;<\/div>\n","protected":false},"excerpt":{"rendered":"<p>Egregio Redattore e Direttore, confermo che nonostante l\u2019odierna disponibilit\u00e0 mostrata dal ministro ai Parlamentari del nostro territorio e di quelli degli OTTO da salvare, comunico che nostre le azioni di protesta continuano. Domani il Consiglio Comunale di Lucera, dalle ore 08.00 del mattino, \u00e8 convocato sulle scale del Tribunale di Lucera. Le manifestazioni continueranno con [&hellip;]<\/p>\n","protected":false},"author":29,"featured_media":8923,"comment_status":"open","ping_status":"open","sticky":false,"template":"","format":"standard","meta":[],"categories":[7],"tags":[],"_links":{"self":[{"href":"http:\/\/www.prolocodeliceto.it\/zeroweb\/index.php?rest_route=\/wp\/v2\/posts\/8920"}],"collection":[{"href":"http:\/\/www.prolocodeliceto.it\/zeroweb\/index.php?rest_route=\/wp\/v2\/posts"}],"about":[{"href":"http:\/\/www.prolocodeliceto.it\/zeroweb\/index.php?rest_route=\/wp\/v2\/types\/post"}],"author":[{"embeddable":true,"href":"http:\/\/www.prolocodeliceto.it\/zeroweb\/index.php?rest_route=\/wp\/v2\/users\/29"}],"replies":[{"embeddable":true,"href":"http:\/\/www.prolocodeliceto.it\/zeroweb\/index.php?rest_route=%2Fwp%2Fv2%2Fcomments&post=8920"}],"version-history":[{"count":4,"href":"http:\/\/www.prolocodeliceto.it\/zeroweb\/index.php?rest_route=\/wp\/v2\/posts\/8920\/revisions"}],"predecessor-version":[{"id":8922,"href":"http:\/\/www.prolocodeliceto.it\/zeroweb\/index.php?rest_route=\/wp\/v2\/posts\/8920\/revisions\/8922"}],"wp:featuredmedia":[{"embeddable":true,"href":"http:\/\/www.prolocodeliceto.it\/zeroweb\/index.php?rest_route=\/wp\/v2\/media\/8923"}],"wp:attachment":[{"href":"http:\/\/www.prolocodeliceto.it\/zeroweb\/index.php?rest_route=%2Fwp%2Fv2%2Fmedia&parent=8920"}],"wp:term":[{"taxonomy":"category","embeddable":true,"href":"http:\/\/www.prolocodeliceto.it\/zeroweb\/index.php?rest_route=%2Fwp%2Fv2%2Fcategories&post=8920"},{"taxonomy":"post_tag","embeddable":true,"href":"http:\/\/www.prolocodeliceto.it\/zeroweb\/index.php?rest_route=%2Fwp%2Fv2%2Ftags&post=8920"}],"curies":[{"name":"wp","href":"https:\/\/api.w.org\/{rel}","templated":true}]}}