{"id":8854,"date":"2013-09-07T14:03:18","date_gmt":"2013-09-07T13:03:18","guid":{"rendered":"http:\/\/www.prolocodeliceto.it\/zeroweb\/?p=8854"},"modified":"2013-09-07T14:03:18","modified_gmt":"2013-09-07T13:03:18","slug":"geografia-giudiziaria","status":"publish","type":"post","link":"http:\/\/www.prolocodeliceto.it\/zeroweb\/?p=8854","title":{"rendered":"GEOGRAFIA GIUDIZIARIA&#8230;"},"content":{"rendered":"<p><strong><\/strong><\/p>\n<p><strong><a href=\"http:\/\/www.prolocodeliceto.it\/zeroweb\/wp-content\/uploads\/is26.jpg\"><img decoding=\"async\" loading=\"lazy\" class=\"aligncenter size-full wp-image-8855\" title=\"is\" src=\"http:\/\/www.prolocodeliceto.it\/zeroweb\/wp-content\/uploads\/is26.jpg\" alt=\"\" width=\"411\" height=\"290\" srcset=\"http:\/\/www.prolocodeliceto.it\/zeroweb\/wp-content\/uploads\/is26.jpg 411w, http:\/\/www.prolocodeliceto.it\/zeroweb\/wp-content\/uploads\/is26-300x211.jpg 300w\" sizes=\"(max-width: 411px) 100vw, 411px\" \/><\/a><\/strong><\/p>\n<p><strong>5.9.2013. Geografia Giudiziaria: autorizzato smaltimento<\/strong><\/p>\n<p><strong>arretrato civile in 8 sedi.<\/strong><\/p>\n<p><strong>IRRICEVIBILE!<\/strong><\/p>\n<p><strong>Il Comitato dei Sei da salvare chiede risolutamente che prevalga il senso di responsabilit\u00e0,<\/strong><\/p>\n<p><strong>coerenza e rispetto della legge.<\/strong><\/p>\n<p><strong>Ci\u00f2 che interessa alla cittadinanza \u00e8 l&#8217;efficienza e l&#8217;accessibilit\u00e0 vera alla giustizia.<\/strong><\/p>\n<p><strong>Il Parlamento ha indicato alla Ministra ed al Governo, in ossequio alla legge delega, la<\/strong><\/p>\n<p><strong>necessit\u00e0 di mantenere <\/strong><strong><em>in toto <\/em><\/strong><strong>alcuni uffici giudiziari ovvero: Bassano del Grappa, Chiavari,<\/strong><\/p>\n<p><strong>Lucera, Pinerolo, Rossano, Tolmezzo.<\/strong><\/p>\n<p><strong>Questo \u00e8 ci\u00f2 che deve essere fatto.<\/strong><\/p>\n<p><strong>Tutto il resto \u00e8 fumo senza sostanza, che mira unicamente a lasciare oneri sul territorio senza<\/strong><\/p>\n<p><strong>alcuna contropartita di servizi. Uno specchietto per allodole.<\/strong><\/p>\n<p><strong>La soluzione adottata (che pare peraltro <\/strong><strong><em>extra ordinem<\/em><\/strong><strong>) null\u2019altro \u00e8 che la trasformazione dei<\/strong><\/p>\n<p><strong>nostri Tribunali in un costoso guscio vuoto che dovr\u00e0 occuparsi, senza effettive risorse (di<\/strong><\/p>\n<p><strong>magistrati e personale amministrativo), unicamente dell&#8217;<\/strong><strong><em>arretrato <\/em><\/strong><strong>che l&#8217;accorpante disdegna.<\/strong><\/p>\n<p><strong>Ci\u00f2 con tempi prevedibilmente biblici, che si aggiungono ai cumulati ritardi indotti dalla<\/strong><\/p>\n<p><strong>riforma.<\/strong><\/p>\n<p><strong>Viceversa &#8220;<\/strong><strong><em>il nuovo<\/em><\/strong><strong>&#8221; finir\u00e0 nell&#8217;ingorgo degli accorpanti, gi\u00e0 asfittici.<\/strong><\/p>\n<p><strong>Il tutto con buona pace dell&#8217;efficienza e del risparmio, del rispetto del Parlamento e,<\/strong><\/p>\n<p><strong>soprattutto, dei diritti fondamentali dei cittadini.<\/strong><\/p>\n<p><strong>Il Parlamento \u00e8 necessariamente chiamato a pretendere dal Governo il<\/strong><\/p>\n<p><strong>correttivo che preveda il salvataggio dei summenzionati Tribunali -pena la<\/strong><\/p>\n<p><strong>sfiducia al Ministro di Giustizia ed al Governo- nonch\u00e9 a calendarizzare<\/strong><\/p>\n<p><strong>immediatamente al Senato ed alla Camera la votazione del disegno di legge<\/strong><\/p>\n<p><strong>inerente la proroga dell\u2019entrata in efficacia della riforma.<\/strong><\/p>\n<p><strong>In difetto: Giustizia e Democrazia <\/strong><strong><em>requiescant in pace<\/em><\/strong><strong>.<\/strong><\/p>\n<p><strong><\/strong><\/p>\n<div><em><span style=\"color: #ff0000;\"><strong>Comitato per la Difesa della Legalit\u00e0 in Capitanata (C.D.L.C.)<\/strong><\/span><\/em><\/div>\n<div>Sede: Sala degli Avvocati presso il Tribunale di Lucera<\/div>\n<div>Contatti:<\/div>\n<div>Presidente: Avv. Raffaele Preziuso &#8211; Lucera &#8211; 3356642063<\/div>\n<div>V. Presidente: Avv. Sabatino Del Priore &#8211; Cagnano Varano &#8211;<\/div>\n<div>Segretario: Avv. Antonio Santacroce &#8211; Lucera &#8211;<\/div>\n<div>Pubb. Rel.: Avv. Pasquale Caso &#8211; Lucera<\/div>\n","protected":false},"excerpt":{"rendered":"<p>5.9.2013. Geografia Giudiziaria: autorizzato smaltimento arretrato civile in 8 sedi. IRRICEVIBILE! Il Comitato dei Sei da salvare chiede risolutamente che prevalga il senso di responsabilit\u00e0, coerenza e rispetto della legge. Ci\u00f2 che interessa alla cittadinanza \u00e8 l&#8217;efficienza e l&#8217;accessibilit\u00e0 vera alla giustizia. Il Parlamento ha indicato alla Ministra ed al Governo, in ossequio alla legge [&hellip;]<\/p>\n","protected":false},"author":29,"featured_media":8855,"comment_status":"open","ping_status":"open","sticky":false,"template":"","format":"standard","meta":[],"categories":[7],"tags":[],"_links":{"self":[{"href":"http:\/\/www.prolocodeliceto.it\/zeroweb\/index.php?rest_route=\/wp\/v2\/posts\/8854"}],"collection":[{"href":"http:\/\/www.prolocodeliceto.it\/zeroweb\/index.php?rest_route=\/wp\/v2\/posts"}],"about":[{"href":"http:\/\/www.prolocodeliceto.it\/zeroweb\/index.php?rest_route=\/wp\/v2\/types\/post"}],"author":[{"embeddable":true,"href":"http:\/\/www.prolocodeliceto.it\/zeroweb\/index.php?rest_route=\/wp\/v2\/users\/29"}],"replies":[{"embeddable":true,"href":"http:\/\/www.prolocodeliceto.it\/zeroweb\/index.php?rest_route=%2Fwp%2Fv2%2Fcomments&post=8854"}],"version-history":[{"count":1,"href":"http:\/\/www.prolocodeliceto.it\/zeroweb\/index.php?rest_route=\/wp\/v2\/posts\/8854\/revisions"}],"predecessor-version":[{"id":8856,"href":"http:\/\/www.prolocodeliceto.it\/zeroweb\/index.php?rest_route=\/wp\/v2\/posts\/8854\/revisions\/8856"}],"wp:featuredmedia":[{"embeddable":true,"href":"http:\/\/www.prolocodeliceto.it\/zeroweb\/index.php?rest_route=\/wp\/v2\/media\/8855"}],"wp:attachment":[{"href":"http:\/\/www.prolocodeliceto.it\/zeroweb\/index.php?rest_route=%2Fwp%2Fv2%2Fmedia&parent=8854"}],"wp:term":[{"taxonomy":"category","embeddable":true,"href":"http:\/\/www.prolocodeliceto.it\/zeroweb\/index.php?rest_route=%2Fwp%2Fv2%2Fcategories&post=8854"},{"taxonomy":"post_tag","embeddable":true,"href":"http:\/\/www.prolocodeliceto.it\/zeroweb\/index.php?rest_route=%2Fwp%2Fv2%2Ftags&post=8854"}],"curies":[{"name":"wp","href":"https:\/\/api.w.org\/{rel}","templated":true}]}}