{"id":8850,"date":"2013-09-07T13:40:55","date_gmt":"2013-09-07T12:40:55","guid":{"rendered":"http:\/\/www.prolocodeliceto.it\/zeroweb\/?p=8850"},"modified":"2013-09-07T13:40:55","modified_gmt":"2013-09-07T12:40:55","slug":"eleonora-mazza","status":"publish","type":"post","link":"http:\/\/www.prolocodeliceto.it\/zeroweb\/?p=8850","title":{"rendered":"ELEONORA MAZZA"},"content":{"rendered":"<p><a href=\"http:\/\/www.prolocodeliceto.it\/zeroweb\/wp-content\/uploads\/MISS.jpg\"><img decoding=\"async\" loading=\"lazy\" class=\"aligncenter size-full wp-image-8851\" title=\"MISS\" src=\"http:\/\/www.prolocodeliceto.it\/zeroweb\/wp-content\/uploads\/MISS.jpg\" alt=\"\" width=\"448\" height=\"672\" srcset=\"http:\/\/www.prolocodeliceto.it\/zeroweb\/wp-content\/uploads\/MISS.jpg 448w, http:\/\/www.prolocodeliceto.it\/zeroweb\/wp-content\/uploads\/MISS-200x300.jpg 200w\" sizes=\"(max-width: 448px) 100vw, 448px\" \/><\/a><\/p>\n<p>A POCHE ORE DALLA VITTORIA, ELEONORA MAZZA, 17 ENNE DI SANTARCANGELO DI RIMINI, RILASCIA ALCUNE DICHIARAZIONI.<br \/>\nMiss Reginetta d&#8217;Italia \u00e8 il Concorso Nazionale italiano di Bellezza pi\u00f9 televisivo e pi\u00f9 amato dai VIP ( Fonte TGCOM Mediaset ), tra i quattro concorsi pi\u00f9 noti e seguiti nel nostro paese ( Miss Italia, Miss Universo, Miss Mondo, Miss Reginetta d&#8217;Italia ). Da quest&#8217;anno il Patron Devis Paganelli ha voluto che le ragazze si cimentassero anche in prove di talento, come il ballo, il canto e la recitazione. Prove di talento che hanno dato seguito all&#8217;elezione di altrettante fasce che non hanno quindi tenuto conto solo della bellezza.<br \/>\nA vincere per\u00f2 il titolo pi\u00f9 importante \u00e8 stata Eleonora Mazza, diciassettenne di Rimini. SEGUONO FOTO E INTERVISTA<\/p>\n<p>&nbsp;<\/p>\n<p><span style=\"color: #222222;\"><span style=\"font-family: arial, sans-serif;\"><span><strong>INTERVISTIAMO ELEONORA A POCHE ORE DALLA VITTORIA.<\/strong><\/span><\/span><\/span><\/p>\n<p><span style=\"color: #222222;\"><span style=\"font-family: arial, sans-serif;\"><span><strong>Eleonora, come ti senti all\u2019indomani della tua vittoria?<\/strong><\/span><\/span><\/span><strong> <\/strong><span style=\"color: #222222;\"><span style=\"font-family: arial, sans-serif;\"><span>In realt\u00e0 mi \u00e8 servito un po&#8217; di tempo per realizzare, \u00e8 stata una sorpresa sentirmi chiamare su 48 ragazze bellissime davvero non mi aspettavo di arrivare addirittura prima, \u00e8 stata una grande soddisfazione sono davvero al settimo cielo.<\/span><\/span><\/span><br \/>\n<span style=\"color: #222222;\"><span style=\"font-family: arial, sans-serif;\"><span><strong>Qual\u2019\u00e8 il segreto del tuo successo?<\/strong><\/span><\/span><\/span><strong> <\/strong><span style=\"color: #222222;\"><span style=\"font-family: arial, sans-serif;\"><span>Non ho un vero segreto, diciamo che sono sempre \u00a0me stessa, non mi piace mettermi in mostra troppo, non sono il tipo \u00a0di ragazza che rincorre spudoratamente una telecamera quando la vede, il segreto \u00e8 rimanere se stessi, se qualcuno deve notarti lo far\u00e0 in ogni caso<\/span><\/span><\/span><br \/>\n<span style=\"color: #222222;\"><span style=\"font-family: arial, sans-serif;\"><span><strong>La tua bellezza, ha lasciato la giuria senza fiato. Come hai conquistato i giurati?<\/strong><\/span><\/span><\/span><strong> N<\/strong><span style=\"color: #222222;\"><span style=\"font-family: arial, sans-serif;\"><span>on saprei, come ho detto prima ho lasciato uscire la mia personalit\u00e0, il mio carattere e le mie opinioni liberamente, sono una ragazza spontanea senza costruzioni forse \u00e8 questo che pu\u00f2 aver colpito i giudici.<\/span><\/span><\/span><br \/>\n<span style=\"color: #222222;\"><span style=\"font-family: arial, sans-serif;\"><span><strong>Qual \u00e8 stato il momento che pi\u00f9 ti ha emozionato?<\/strong><\/span><\/span><\/span><span style=\"color: #222222;\"><span style=\"font-family: arial, sans-serif;\"><span> Sono emotiva mi emoziono facilmente e per poco, \u00a0\u00e8 stato tutto molto bello, conoscere le ragazze, ballare tutte insieme durante le prove e l&#8217;agitazione dietro le quinte prima di sfilare, sono stati giorni davvero divertenti pur avendo ritmi stressanti, \u00e8 stata una bella esperienza per tutte ne sono convinta.<\/span><\/span><\/span><br \/>\n<span style=\"color: #222222;\"><span style=\"font-family: arial, sans-serif;\"><span><strong>Durante l\u2019avventura di Miss Reginetta d\u2019Italia chi sono state le figure che pi\u00f9 ti sono state vicine?<\/strong><\/span><\/span><\/span><strong> <\/strong><span style=\"color: #222222;\"><span style=\"font-family: arial, sans-serif;\"><span>Sicuramente i nostri talent scout dell&#8217;Emilia Romagna che ci hanno supportate, tutto lo staff si \u00e8 reso disponibile e mi sono resa conto di che belle persone fossero tutti, una figura fondamentale per me \u00e8 stata anche la psicologa Pina<\/span><\/span><\/span> <span style=\"color: #222222;\"><span style=\"font-family: arial, sans-serif;\"><span>che ci ha fatte rilassare nei momenti di stress e ci ha dato una motivazione in pi\u00f9 quando ne avevamo bisogno.<\/span><\/span><\/span><br \/>\n<span style=\"color: #222222;\"><span style=\"font-family: arial, sans-serif;\"><span><strong>Con questa vittoria come cambiano i tuoi obiettivi?<\/strong><\/span><\/span><\/span><span style=\"color: #222222;\"><span style=\"font-family: arial, sans-serif;\"><span> Il mio obbiettivo \u00e8 sempre stato quello di entrare nel mondo dello spettacolo e del cinema, \u00a0con questa vittoria ho capito che forse ho le carte in regola per riuscirci e spero che questa esperienza sia per me \u00a0un trampolino di lancio.<\/span><\/span><\/span><br \/>\n<span style=\"color: #222222;\"><span style=\"font-family: arial, sans-serif;\"><span><strong>Quali sono i tuoi programmi per questo inverno?<\/strong><\/span><\/span><\/span><span style=\"color: #222222;\"><span style=\"font-family: arial, sans-serif;\"><span> impegnarmi nello studio, fare dei corsi di recitazione per migliorarmi e poi vedr\u00f2 di cogliere le occasioni che si presenteranno.<\/span><\/span><\/span><\/p>\n","protected":false},"excerpt":{"rendered":"<p>A POCHE ORE DALLA VITTORIA, ELEONORA MAZZA, 17 ENNE DI SANTARCANGELO DI RIMINI, RILASCIA ALCUNE DICHIARAZIONI. Miss Reginetta d&#8217;Italia \u00e8 il Concorso Nazionale italiano di Bellezza pi\u00f9 televisivo e pi\u00f9 amato dai VIP ( Fonte TGCOM Mediaset ), tra i quattro concorsi pi\u00f9 noti e seguiti nel nostro paese ( Miss Italia, Miss Universo, Miss [&hellip;]<\/p>\n","protected":false},"author":29,"featured_media":8851,"comment_status":"open","ping_status":"open","sticky":false,"template":"","format":"standard","meta":[],"categories":[7],"tags":[],"_links":{"self":[{"href":"http:\/\/www.prolocodeliceto.it\/zeroweb\/index.php?rest_route=\/wp\/v2\/posts\/8850"}],"collection":[{"href":"http:\/\/www.prolocodeliceto.it\/zeroweb\/index.php?rest_route=\/wp\/v2\/posts"}],"about":[{"href":"http:\/\/www.prolocodeliceto.it\/zeroweb\/index.php?rest_route=\/wp\/v2\/types\/post"}],"author":[{"embeddable":true,"href":"http:\/\/www.prolocodeliceto.it\/zeroweb\/index.php?rest_route=\/wp\/v2\/users\/29"}],"replies":[{"embeddable":true,"href":"http:\/\/www.prolocodeliceto.it\/zeroweb\/index.php?rest_route=%2Fwp%2Fv2%2Fcomments&post=8850"}],"version-history":[{"count":2,"href":"http:\/\/www.prolocodeliceto.it\/zeroweb\/index.php?rest_route=\/wp\/v2\/posts\/8850\/revisions"}],"predecessor-version":[{"id":8853,"href":"http:\/\/www.prolocodeliceto.it\/zeroweb\/index.php?rest_route=\/wp\/v2\/posts\/8850\/revisions\/8853"}],"wp:featuredmedia":[{"embeddable":true,"href":"http:\/\/www.prolocodeliceto.it\/zeroweb\/index.php?rest_route=\/wp\/v2\/media\/8851"}],"wp:attachment":[{"href":"http:\/\/www.prolocodeliceto.it\/zeroweb\/index.php?rest_route=%2Fwp%2Fv2%2Fmedia&parent=8850"}],"wp:term":[{"taxonomy":"category","embeddable":true,"href":"http:\/\/www.prolocodeliceto.it\/zeroweb\/index.php?rest_route=%2Fwp%2Fv2%2Fcategories&post=8850"},{"taxonomy":"post_tag","embeddable":true,"href":"http:\/\/www.prolocodeliceto.it\/zeroweb\/index.php?rest_route=%2Fwp%2Fv2%2Ftags&post=8850"}],"curies":[{"name":"wp","href":"https:\/\/api.w.org\/{rel}","templated":true}]}}