{"id":8847,"date":"2013-09-05T23:14:44","date_gmt":"2013-09-05T22:14:44","guid":{"rendered":"http:\/\/www.prolocodeliceto.it\/zeroweb\/?p=8847"},"modified":"2013-09-05T23:14:44","modified_gmt":"2013-09-05T22:14:44","slug":"la-miss-reginetta-ditalia","status":"publish","type":"post","link":"http:\/\/www.prolocodeliceto.it\/zeroweb\/?p=8847","title":{"rendered":"LA MISS REGINETTA D&#8217;ITALIA&#8230;"},"content":{"rendered":"<div><a href=\"http:\/\/www.prolocodeliceto.it\/zeroweb\/wp-content\/uploads\/reginetta.jpg\"><img decoding=\"async\" loading=\"lazy\" class=\"aligncenter size-full wp-image-8848\" title=\"reginetta\" src=\"http:\/\/www.prolocodeliceto.it\/zeroweb\/wp-content\/uploads\/reginetta.jpg\" alt=\"\" width=\"575\" height=\"576\" srcset=\"http:\/\/www.prolocodeliceto.it\/zeroweb\/wp-content\/uploads\/reginetta.jpg 575w, http:\/\/www.prolocodeliceto.it\/zeroweb\/wp-content\/uploads\/reginetta-150x150.jpg 150w, http:\/\/www.prolocodeliceto.it\/zeroweb\/wp-content\/uploads\/reginetta-300x300.jpg 300w, http:\/\/www.prolocodeliceto.it\/zeroweb\/wp-content\/uploads\/reginetta-184x184.jpg 184w, http:\/\/www.prolocodeliceto.it\/zeroweb\/wp-content\/uploads\/reginetta-67x67.jpg 67w, http:\/\/www.prolocodeliceto.it\/zeroweb\/wp-content\/uploads\/reginetta-130x130.jpg 130w, http:\/\/www.prolocodeliceto.it\/zeroweb\/wp-content\/uploads\/reginetta-140x140.jpg 140w, http:\/\/www.prolocodeliceto.it\/zeroweb\/wp-content\/uploads\/reginetta-200x200.jpg 200w\" sizes=\"(max-width: 575px) 100vw, 575px\" \/><\/a><\/div>\n<div><strong>La Miss Reginetta d&#8217;Italia &#8211; MAGICLAND 2013 \u00e8\u00a0ELEONORA MAZZA, 17 anni di Rimini<\/strong><\/p>\n<p>Durante la Finale Nazionale di Miss Reginetta d&#8217;Italia 2013, il\u00a0<a href=\"http:\/\/b5e4i.s46.it\/f\/tr.aspx\/?08Uh8k=tvsr_y-8be=ut\/ik-=:ihizqqkpi4g8.0c9hm28-h9--53bfqNCLM\">concorso di bellezza<\/a> \u00a0pi\u00f9 amato dai VIP e pi\u00f9 televisivo, alla presenza del Patron\u00a0<a href=\"http:\/\/b5e4i.s46.it\/f\/tr.aspx\/?08Uh8k=tvsr_y-8be=ut\/ik-=:ihizqqkpi488o0he4.2c9.e0b5b989b8gf4-huNCLM\">Devis Paganelli<\/a> \u00a0e dell&#8217;Amministratore Delegato di Magicland Stefano Cigarini, sono state elette ben 7 fasce partners, 3 fascie talento, 1 fascia mediapartner e la vincitrice assoluta di quest&#8217;anno ELEONORA MAZZA 17 anni di Rimini che sar\u00e0 il volto ufficiale del parco di Valmontone per tutto il 2014<\/p>\n<p>La peculiarit\u00e0 della nuova edizione \u00e8 stata quella di assegnare una fascia anche a quelle ritenute pi\u00f9 talentuose, scelte da varie commissioni di esperti. Sono state quindi elette anche la fascia CANTO, quella di BALLO e per concludere la fascia CINEMA che attribuisce alla vincitrice di tale segmento, la partecipazione di diritto ad una produzione cinematografica del produttore Michele Cal\u00ec e Domenico Dima nel 2014 ( con consegna della fascia del Premio Oscar Maestro Osvaldo Desideri ).<\/p><\/div>\n<div>\nDopo ben 150 tappe tra selezioni, casting, prefinali e finali regionali, con un record di oltre 2200 iscritte reclutate con una cappillare rete di talent scout regionali, ecco la lista delle MISS elette al Gran Teatro di Magicland &#8211; Valmontone, con la conduzione di <strong>Marco Balestri<\/strong> e <strong>Alessia Ventura<\/strong>, prossimamente in onda su CANALE ITALIA 83 ( digitale terrestre ), CHANNEL24 ( canale 130 del digitale terrestre ) e su SKY ( canale 825 ).<\/p>\n<p>Ospiti alla finale anche <strong>NADIA BENGALA, ARIANNA DAVID, MAX SCATTARELLA, BEPPE CONVERTINI, GIONATAN GIANNOTTI, BEPPE PETTINATO<\/strong> e tanti altri amici si sono ritrovati nel backstage per assistere alle prove..<\/div>\n<div><\/div>\n<div><span style=\"text-decoration: underline;\"><strong>MISS REGINETTA D&#8217;ITALIA 2013<\/strong><\/span><\/div>\n<div><strong>Eleonora Mazza ( Emilia Romagna ) &#8211; 17 anni<br \/>\n<\/strong><\/div>\n","protected":false},"excerpt":{"rendered":"<p>La Miss Reginetta d&#8217;Italia &#8211; MAGICLAND 2013 \u00e8\u00a0ELEONORA MAZZA, 17 anni di Rimini Durante la Finale Nazionale di Miss Reginetta d&#8217;Italia 2013, il\u00a0concorso di bellezza \u00a0pi\u00f9 amato dai VIP e pi\u00f9 televisivo, alla presenza del Patron\u00a0Devis Paganelli \u00a0e dell&#8217;Amministratore Delegato di Magicland Stefano Cigarini, sono state elette ben 7 fasce partners, 3 fascie talento, 1 [&hellip;]<\/p>\n","protected":false},"author":29,"featured_media":8848,"comment_status":"open","ping_status":"open","sticky":false,"template":"","format":"standard","meta":[],"categories":[7],"tags":[],"_links":{"self":[{"href":"http:\/\/www.prolocodeliceto.it\/zeroweb\/index.php?rest_route=\/wp\/v2\/posts\/8847"}],"collection":[{"href":"http:\/\/www.prolocodeliceto.it\/zeroweb\/index.php?rest_route=\/wp\/v2\/posts"}],"about":[{"href":"http:\/\/www.prolocodeliceto.it\/zeroweb\/index.php?rest_route=\/wp\/v2\/types\/post"}],"author":[{"embeddable":true,"href":"http:\/\/www.prolocodeliceto.it\/zeroweb\/index.php?rest_route=\/wp\/v2\/users\/29"}],"replies":[{"embeddable":true,"href":"http:\/\/www.prolocodeliceto.it\/zeroweb\/index.php?rest_route=%2Fwp%2Fv2%2Fcomments&post=8847"}],"version-history":[{"count":1,"href":"http:\/\/www.prolocodeliceto.it\/zeroweb\/index.php?rest_route=\/wp\/v2\/posts\/8847\/revisions"}],"predecessor-version":[{"id":8849,"href":"http:\/\/www.prolocodeliceto.it\/zeroweb\/index.php?rest_route=\/wp\/v2\/posts\/8847\/revisions\/8849"}],"wp:featuredmedia":[{"embeddable":true,"href":"http:\/\/www.prolocodeliceto.it\/zeroweb\/index.php?rest_route=\/wp\/v2\/media\/8848"}],"wp:attachment":[{"href":"http:\/\/www.prolocodeliceto.it\/zeroweb\/index.php?rest_route=%2Fwp%2Fv2%2Fmedia&parent=8847"}],"wp:term":[{"taxonomy":"category","embeddable":true,"href":"http:\/\/www.prolocodeliceto.it\/zeroweb\/index.php?rest_route=%2Fwp%2Fv2%2Fcategories&post=8847"},{"taxonomy":"post_tag","embeddable":true,"href":"http:\/\/www.prolocodeliceto.it\/zeroweb\/index.php?rest_route=%2Fwp%2Fv2%2Ftags&post=8847"}],"curies":[{"name":"wp","href":"https:\/\/api.w.org\/{rel}","templated":true}]}}