{"id":8783,"date":"2013-08-29T16:17:19","date_gmt":"2013-08-29T15:17:19","guid":{"rendered":"http:\/\/www.prolocodeliceto.it\/zeroweb\/?p=8783"},"modified":"2013-08-30T10:43:57","modified_gmt":"2013-08-30T09:43:57","slug":"movidaunia-2013","status":"publish","type":"post","link":"http:\/\/www.prolocodeliceto.it\/zeroweb\/?p=8783","title":{"rendered":"MOVIDAUNIA 2013&#8230;"},"content":{"rendered":"<p style=\"text-align: center;\" align=\"center\"><strong><span style=\"font-size: 14pt; font-family: 'Calibri','sans-serif';\">COMUNICATO STAMPA<\/span><\/strong><\/p>\n<p style=\"text-align: center;\" align=\"center\"><strong><span style=\"font-size: 22pt; font-family: 'Calibri','sans-serif';\">\u00a0<\/span><\/strong><\/p>\n<p style=\"text-align: center;\" align=\"center\"><strong><span style=\"font-size: 14pt; font-family: 'Calibri','sans-serif';\">MOVIDAUNIA 2013: TUTTO PRONTO PER LA NOTTE BIANCA A STORNARA<\/span><\/strong><\/p>\n<p style=\"text-align: center;\" align=\"center\"><em><span style=\"font-size: 11pt; font-family: 'Calibri','sans-serif';\">Dopo Manfredonia, Orsara di Puglia e Lucera Movidaunia far\u00e0 tappa a Stornara per il Woodstorn Festival<\/span><\/em><\/p>\n<p style=\"text-align: justify;\"><span style=\"font-size: 11pt; font-family: 'Calibri','sans-serif';\"><br \/>\n<\/span><\/p>\n<p style=\"text-align: justify;\"><strong><span style=\"font-size: 11pt; font-family: 'Calibri','sans-serif';\">Stornara<\/span><\/strong><span style=\"font-size: 11pt; font-family: 'Calibri','sans-serif';\">, <strong>ore 21<\/strong>, <strong>venerd\u00ec 30 agosto<\/strong>: la <strong>Notte Bianca<\/strong> \u00e8 servita. Il centro cittadino del piccolo paese dauno diverr\u00e0 per una notte un <em>dj contest<\/em> <span>\u00a0<\/span><strong>rap<\/strong>, <strong>raggae<\/strong> e <strong>hip hop<\/strong> con artisti nazionali e internazionali di prestigio. <\/span><\/p>\n<p style=\"text-align: justify;\"><strong><span style=\"font-size: 11pt; font-family: 'Calibri','sans-serif';\">Clementino<\/span><\/strong><span style=\"font-size: 11pt; font-family: 'Calibri','sans-serif';\"> &amp; Tayone, <strong>ENSI<\/strong>, Dee no, Big Smo, Dj Cordella, Tavola 28, Zakalicious &amp; Big Homer, Pmk, Mad Dopa, Pseudofonia &#8220;El Perigroso con sus Campesinos&#8221;, Deadly hunta, Dj Fato, Pushman, Coquette Band, Bigsmo, Fuche P&#8217;Arroste, Dj Jstk, Ruah, Contardi Pop Quartet, Crossroads Rock, Dj Kalashnikov: sono questi alcuni dei protagonisti della Notte Bianca <em>made in Stornara<\/em>.<\/span><\/p>\n<p style=\"text-align: justify;\"><span style=\"font-size: 11pt; font-family: 'Calibri','sans-serif';\">Concerti, spettacoli e sagre, come quella della <strong>birra e porchetta<\/strong> e del <strong>pesce<\/strong>, animeranno il paese fino all\u2019alba del giorno dopo. Si parte alle <strong>ore 21<\/strong> in <strong>piazza Giacomo Matteotti<\/strong> con l\u2019esibizione di Sas\u00e0 Spasiano dello Zelig Cabaret, del gruppo rock dei Saturalanx e la degustazione della pasta Granoro. Dalle <strong>ore 22 alle 5<\/strong> la movida si sposter\u00e0 in <strong>piazza della Repubblica <\/strong>per il <strong>Project Area Festival<\/strong>.<\/span><\/p>\n<p style=\"text-align: justify;\"><span style=\"font-size: 11pt; font-family: 'Calibri','sans-serif';\">Altri eventi si terranno in contemporanea presso l\u2019ex campo sportivo, dalle <strong>ore 22<\/strong> con la <strong>Sagra della Birra e Porchetta<\/strong>, la torre dei Gesuiti, dalle <strong>ore 21<\/strong> con <strong>Stornart<\/strong>, via Marconi, dalle <strong>ore 22<\/strong> con la <strong>Sagra del Pesce<\/strong>, in largo Regina Margherita, con <strong>live music<\/strong> dalle <strong>ore 22<\/strong> e fino alle <strong>ore 6<\/strong> quando sar\u00e0 servita la \u201c<strong>colazione pazza\u201d. <\/strong>Dalle <strong>ore 20 alle 22<\/strong> gli artisti di strada <strong>Ziganamama<\/strong> daranno vita ad uno spettacolo itinerante con tanto di mangiafuochi.<\/span><\/p>\n<p style=\"text-align: justify;\"><strong><span style=\"font-size: 11pt; font-family: 'Calibri','sans-serif';\">Roberta de Matthaeis<\/span><\/strong><span style=\"font-size: 11pt; font-family: 'Calibri','sans-serif';\"> porter\u00e0 la Notte Bianca di Stornara in diretta su <strong>Radionorba<\/strong>.<\/span><\/p>\n<p style=\"text-align: justify;\"><strong><span style=\"font-size: 11pt; font-family: 'Calibri','sans-serif';\">MoviDaunia 2013<\/span><\/strong><span style=\"font-size: 11pt; font-family: 'Calibri','sans-serif';\">, l\u2019innovativo progetto che vuole esaltare la <strong>movida della Daunia<\/strong> attraverso un <strong>programma itinerante<\/strong> di eventi estivi di piazza, ha il fine di sensibilizzare i cittadini <strong>all\u2019uso corretto e responsabile dell\u2019automobile<\/strong>, promuovendo l\u2019<strong>uso dei mezzi pubblici<\/strong>.<\/span><\/p>\n<p style=\"text-align: justify;\"><strong><span style=\"font-size: 11pt; font-family: 'Calibri','sans-serif';\">MoviDaunia<\/span><\/strong><span style=\"font-size: 11pt; font-family: 'Calibri','sans-serif';\"> (<a href=\"http:\/\/movidaunia.blobspot.it\">movidaunia.blobspot.it<\/a>) \u00e8 <\/span><span><span style=\"font-size: 11pt; font-family: 'Calibri','sans-serif';\">un progetto <strong>FoggiaEvents<\/strong>, il nuovo blog \u201ccontenitore\u201d di eventi e manifestazioni di Capitanata, creato e gestito dalla <strong>Sportservizitalia<\/strong>; le fotografie degli eventi sono a cura di <strong>Ivano Bottaccio<\/strong>.<\/span><\/span><\/p>\n<p style=\"text-align: justify;\"><span style=\"font-size: 11pt; font-family: 'Calibri','sans-serif';\">\u00a0<\/span><\/p>\n<p><span style=\"font-size: 11pt; font-family: 'Calibri','sans-serif';\">\u00a0<\/span><\/p>\n<p><strong><span style=\"font-size: 11pt; font-family: 'Calibri','sans-serif';\">UFFICIO STAMPA<\/span><\/strong><\/p>\n<p><strong><span style=\"font-size: 11pt; font-family: 'Calibri','sans-serif';\">GIORGIO VENTRICELLI<\/span><\/strong><\/p>\n<p><span style=\"font-size: 11pt; font-family: 'Calibri','sans-serif';\">349.2605176<\/span><\/p>\n<p><span style=\"font-size: 11pt; font-family: 'Calibri','sans-serif';\"><a href=\"http:\/\/movidaunia.blogspot.it\">movidaunia.blogspot.it<\/a> <\/span><\/p>\n","protected":false},"excerpt":{"rendered":"<p>COMUNICATO STAMPA \u00a0 MOVIDAUNIA 2013: TUTTO PRONTO PER LA NOTTE BIANCA A STORNARA Dopo Manfredonia, Orsara di Puglia e Lucera Movidaunia far\u00e0 tappa a Stornara per il Woodstorn Festival Stornara, ore 21, venerd\u00ec 30 agosto: la Notte Bianca \u00e8 servita. Il centro cittadino del piccolo paese dauno diverr\u00e0 per una notte un dj contest \u00a0rap, [&hellip;]<\/p>\n","protected":false},"author":29,"featured_media":7121,"comment_status":"open","ping_status":"open","sticky":false,"template":"","format":"standard","meta":[],"categories":[7],"tags":[],"_links":{"self":[{"href":"http:\/\/www.prolocodeliceto.it\/zeroweb\/index.php?rest_route=\/wp\/v2\/posts\/8783"}],"collection":[{"href":"http:\/\/www.prolocodeliceto.it\/zeroweb\/index.php?rest_route=\/wp\/v2\/posts"}],"about":[{"href":"http:\/\/www.prolocodeliceto.it\/zeroweb\/index.php?rest_route=\/wp\/v2\/types\/post"}],"author":[{"embeddable":true,"href":"http:\/\/www.prolocodeliceto.it\/zeroweb\/index.php?rest_route=\/wp\/v2\/users\/29"}],"replies":[{"embeddable":true,"href":"http:\/\/www.prolocodeliceto.it\/zeroweb\/index.php?rest_route=%2Fwp%2Fv2%2Fcomments&post=8783"}],"version-history":[{"count":2,"href":"http:\/\/www.prolocodeliceto.it\/zeroweb\/index.php?rest_route=\/wp\/v2\/posts\/8783\/revisions"}],"predecessor-version":[{"id":8786,"href":"http:\/\/www.prolocodeliceto.it\/zeroweb\/index.php?rest_route=\/wp\/v2\/posts\/8783\/revisions\/8786"}],"wp:featuredmedia":[{"embeddable":true,"href":"http:\/\/www.prolocodeliceto.it\/zeroweb\/index.php?rest_route=\/wp\/v2\/media\/7121"}],"wp:attachment":[{"href":"http:\/\/www.prolocodeliceto.it\/zeroweb\/index.php?rest_route=%2Fwp%2Fv2%2Fmedia&parent=8783"}],"wp:term":[{"taxonomy":"category","embeddable":true,"href":"http:\/\/www.prolocodeliceto.it\/zeroweb\/index.php?rest_route=%2Fwp%2Fv2%2Fcategories&post=8783"},{"taxonomy":"post_tag","embeddable":true,"href":"http:\/\/www.prolocodeliceto.it\/zeroweb\/index.php?rest_route=%2Fwp%2Fv2%2Ftags&post=8783"}],"curies":[{"name":"wp","href":"https:\/\/api.w.org\/{rel}","templated":true}]}}