{"id":8632,"date":"2013-08-05T21:11:34","date_gmt":"2013-08-05T20:11:34","guid":{"rendered":"http:\/\/www.prolocodeliceto.it\/zeroweb\/?p=8632"},"modified":"2013-08-07T14:16:14","modified_gmt":"2013-08-07T13:16:14","slug":"comitato-sei-da-salvare","status":"publish","type":"post","link":"http:\/\/www.prolocodeliceto.it\/zeroweb\/?p=8632","title":{"rendered":"COMITATO &#8220;SEI DA SALVARE&#8221;&#8230;"},"content":{"rendered":"<p align=\"center\"><a href=\"http:\/\/www.prolocodeliceto.it\/zeroweb\/wp-content\/uploads\/is25.jpg\"><img decoding=\"async\" loading=\"lazy\" class=\"aligncenter size-full wp-image-8636\" title=\"is\" src=\"http:\/\/www.prolocodeliceto.it\/zeroweb\/wp-content\/uploads\/is25.jpg\" alt=\"\" width=\"409\" height=\"282\" srcset=\"http:\/\/www.prolocodeliceto.it\/zeroweb\/wp-content\/uploads\/is25.jpg 409w, http:\/\/www.prolocodeliceto.it\/zeroweb\/wp-content\/uploads\/is25-300x206.jpg 300w\" sizes=\"(max-width: 409px) 100vw, 409px\" \/><\/a><\/p>\n<p align=\"center\">COMUNICATO STAMPA<\/p>\n<p><!--?xml:namespace prefix = \"o\" ns = \"urn:schemas-microsoft-com:office:office\" \/--><\/p>\n<p>Nell\u2019Aula della Prima Commissione Affari Costituzionali del Senato della Repubblica in Roma, ieri 6 agosto 2013, il Super-Comitato dei SEI DA SALVARE ha incontrato i Parlamentari di riferimento dei rispettivi territori circondariali.<\/p>\n<p>Alla presenza dei rappresentanti degli Ordini Forensi e dei Comitati locali dei SEI Fori che si stanno battendo per la loro eliminazione dell\u2019elenco dei Tribunali soppressi dal d.lgs.155\/2012 \u2013 presenti per Lucera gli Avv.ti Agnusdei e Orsitto (per l\u2019Ordine Forense), Preziuso e Del Priore per il Comitato per la Difesa della Legalit\u00e0 in Capitanata), il Sindaco P. Dotoli (per il Comune di Lucera) \u2013 tutti i gruppi parlamentari dell\u2019attuale maggioranza di governo, ampiamente rappresentati da oltre 20 fra Senatori e Deputati, hanno espresso il serio intento di porre ancora in essere ogni possibile azione parlamentare e politica finalizzata alla salvezza dei Tribunali cos\u00ec come individuati nei diversi e ben noti precedenti atti parlamentari, ritenendo un gravissimo errore materiale quello perpetrato in tal modo dal precedente Governo Monti.<\/p>\n<p>Del nostro territorio abbiamo avuto la presenza operosa degli On.li I. Scalfarotto (PD) e L. Di Gioia (PSI) e del Sen. L. Tarquinio (PDL).<\/p>\n<p>Si \u00e8 acceso un ampio dibattito, durato oltre due ore abbondanti, con vivaci e puntuali interventi, in particolare quelli dei Presidenti del nostro Comitato e dell\u2019Ordine degli Avvocati.<\/p>\n<p>Si \u00e8 dovuti prendere atto che l\u2019attuale situazione vede da un lato il Disegno Di Legge (ddl) di proroga tout court, appena approvato in Commissione Giustizia al Senato, che dovr\u00e0 essere assolutamente calendarizzato a breve per il necessario passaggio in aula per la sua definitiva approvazione; dall\u2019altro lato la necessit\u00e0 di incidere in maniera determinante sul Ministro Cancellieri, perch\u00e9 emetta entro brevissimo tempo l\u2019auspicato Decreto Correttivo (dell\u2019indicato errore).<\/p>\n<p>Quest\u2019ultimo, si \u00e8 avuto modo di evidenziare, \u00e8 stato a sua volta gi\u00e0 inserito espressamente nel programma elettorale del PD (forza di maggioranza governativa) ed ora fatto proprio anche da tutte le forze politiche ieri presenti all\u2019incontro.<\/p>\n<p>All\u2019esito del dibattito, quindi, su proposta del nostro Foro e del nostro Comitato (fatta propria da tutti i presenti) \u00e8 stata preparata e sottoscritta una espressa istanza, rivolta al Presidente del Consiglio dei Ministri On.le E. Letta, in uno al Segretario Naz.le del PD, On.le Epifani, affinch\u00e9 nel pi\u00f9 breve tempo possibile si possa giungere alla emissione da parte del Governo del richiamato Decreto Correttivo relativo ai Sei Tribunali (cui si \u00e8 aggiunto ora Alba) e della Sezione Distaccata di Rodi Garganico .<\/p>\n<p>Questa istanza, sottoscritta quindi non solo dai rappresentanti dei Fori e dei Comitati dei SEI DA SALVARE, ma da tutti i parlamentari presenti, sar\u00e0 presentata immediatamente a mani dei due eminenti destinatari, dall\u2019On.le Ivan Scalfarotto, che se ne \u00e8 assunto l\u2019onere, e sar\u00e0 illustrata proprio nella Direzione del PD prevista per gioved\u00ec 8 c.m., alla quale parteciper\u00e0 lo stesso Primo Ministro Letta.<\/p>\n<p>Del pari i rappresentanti del PDL (in particolare il Sen. Minzolini), del PD (On.le Scalfarotto ed altri) e di S.C. (Scelta Civica \u2013 On.le Rabbino) hanno assunto formale impegno a richiedere ai rispettivi Capigruppo di Camera e Senato di sottoscrivere un unitario atto di indirizzo politico che inviti il Ministro Cancellieri ad emettere nel pi\u00f9 breve tempo possibile (anche nel corso del prossimo Consiglio dei Ministri) il Decreto Correttivo che salvi la posizione dei &amp;-8 Tribunali erroneamente soppressi, fra cui ovviamente Lucera.<\/p>\n<p>Infine tutti i parlamentari presenti si sono impegnati ad incidere sui propri Capigruppo e Presidenti di Commissione a far calendarizzare immediatamente il ddl approvato in Commissione Giustizia del Senato \u2013 che comunque non potr\u00e0 andare in aula prima del 3 settembre p.v.<\/p>\n<p>Ora si resta in attesa di poter verificare positivamente l\u2019impegno assunto ed assicurato dai Parlamentari ieri incontrati a Roma, di cui in calce l\u2019elenco particolareggiato.<\/p>\n<p>In allegato anche l\u2019istanza cos\u00ec come sottoscritta ed inviata a Presidente Letta.<\/p>\n<p>SENATORI:<br \/>\nTarquinio PDL<br \/>\nBuemi PD<br \/>\nLumia PD<br \/>\nFilippin PD<br \/>\nMalan PDL<br \/>\nVattuone PD<br \/>\nCirena PDL<br \/>\nDemonte PD<br \/>\nZanoni PD<br \/>\nMinzolini PDL<br \/>\nOliviero Scelta Civica<br \/>\nManassero PD<br \/>\nDirindin PD<\/p>\n<p>DEPUTATI:<br \/>\nScalfarotto PD<br \/>\nDi Gioia PSI<br \/>\nBossio PD<br \/>\nCovello PD<br \/>\nMagorno PD<br \/>\nPassoni PD &#8211; anche su delega del Sottosegretario Minniti<br \/>\nRabbino Scelta Civica<\/p>\n<div><em><span style=\"color: #ff0000;\"><strong>Comitato per la Difesa della Legalit\u00e0 in Capitanata (C.D.L.C.)<\/strong><\/span><\/em><\/div>\n<div>Sede: Sala degli Avvocati presso il Tribunale di Lucera<\/div>\n<div>Contatti:<\/div>\n<div>Presidente: Avv. Raffaele Preziuso &#8211; Lucera &#8211; 3356642063<\/div>\n<div>V. Presidente: Avv. Sabatino Del Priore &#8211; Cagnano Varano &#8211;<\/div>\n<div>Segretario: Avv. Antonio Santacroce &#8211; Lucera &#8211;<\/div>\n<div>Pubb. Rel.: Avv. Pasquale Caso &#8211; Lucera &#8211;<\/div>\n<p>&nbsp;<\/p>\n","protected":false},"excerpt":{"rendered":"<p>COMUNICATO STAMPA Nell\u2019Aula della Prima Commissione Affari Costituzionali del Senato della Repubblica in Roma, ieri 6 agosto 2013, il Super-Comitato dei SEI DA SALVARE ha incontrato i Parlamentari di riferimento dei rispettivi territori circondariali. Alla presenza dei rappresentanti degli Ordini Forensi e dei Comitati locali dei SEI Fori che si stanno battendo per la loro [&hellip;]<\/p>\n","protected":false},"author":29,"featured_media":8636,"comment_status":"open","ping_status":"open","sticky":false,"template":"","format":"standard","meta":[],"categories":[7],"tags":[],"_links":{"self":[{"href":"http:\/\/www.prolocodeliceto.it\/zeroweb\/index.php?rest_route=\/wp\/v2\/posts\/8632"}],"collection":[{"href":"http:\/\/www.prolocodeliceto.it\/zeroweb\/index.php?rest_route=\/wp\/v2\/posts"}],"about":[{"href":"http:\/\/www.prolocodeliceto.it\/zeroweb\/index.php?rest_route=\/wp\/v2\/types\/post"}],"author":[{"embeddable":true,"href":"http:\/\/www.prolocodeliceto.it\/zeroweb\/index.php?rest_route=\/wp\/v2\/users\/29"}],"replies":[{"embeddable":true,"href":"http:\/\/www.prolocodeliceto.it\/zeroweb\/index.php?rest_route=%2Fwp%2Fv2%2Fcomments&post=8632"}],"version-history":[{"count":4,"href":"http:\/\/www.prolocodeliceto.it\/zeroweb\/index.php?rest_route=\/wp\/v2\/posts\/8632\/revisions"}],"predecessor-version":[{"id":8634,"href":"http:\/\/www.prolocodeliceto.it\/zeroweb\/index.php?rest_route=\/wp\/v2\/posts\/8632\/revisions\/8634"}],"wp:featuredmedia":[{"embeddable":true,"href":"http:\/\/www.prolocodeliceto.it\/zeroweb\/index.php?rest_route=\/wp\/v2\/media\/8636"}],"wp:attachment":[{"href":"http:\/\/www.prolocodeliceto.it\/zeroweb\/index.php?rest_route=%2Fwp%2Fv2%2Fmedia&parent=8632"}],"wp:term":[{"taxonomy":"category","embeddable":true,"href":"http:\/\/www.prolocodeliceto.it\/zeroweb\/index.php?rest_route=%2Fwp%2Fv2%2Fcategories&post=8632"},{"taxonomy":"post_tag","embeddable":true,"href":"http:\/\/www.prolocodeliceto.it\/zeroweb\/index.php?rest_route=%2Fwp%2Fv2%2Ftags&post=8632"}],"curies":[{"name":"wp","href":"https:\/\/api.w.org\/{rel}","templated":true}]}}