{"id":856,"date":"2009-07-13T21:19:43","date_gmt":"2009-07-13T20:19:43","guid":{"rendered":"http:\/\/www.prolocodeliceto.it\/zeroweb\/?p=856"},"modified":"2009-07-15T12:01:33","modified_gmt":"2009-07-15T11:01:33","slug":"tutti-presenti","status":"publish","type":"post","link":"http:\/\/www.prolocodeliceto.it\/zeroweb\/?p=856","title":{"rendered":"TUTTI  PRESENTI"},"content":{"rendered":"<p><strong><span style=\"font-size: 14pt\"><font face=\"Verdana\">Tutti presenti<\/font><\/span><\/strong><strong><span><font size=\"2\"><font face=\"Verdana\">Il libro ricordo dell\u2019Istituto Comprensivo di Deliceto<\/font><\/font><\/span><\/strong><font size=\"2\" face=\"Verdana\"> <\/font><\/p>\n<p style=\"margin: 0cm 0cm 0pt\" class=\"MsoNormal\"><font size=\"2\" face=\"Verdana\">Il periodo scolastico e soprattutto quello legato alla Scuola Primaria (vecchia scuola Elementare) \u00e8 per tutti il miglior ricordo della propria infanzia, \u00e8 il primo momento di aggregazione sociale, di valutazione sia da parte degli insegnanti sia e soprattutto da parte dei propri compagni di scuola ed \u00e8 proprio in questi anni che nascono le prime amicizie e i primi amori.<\/font><\/p>\n<p style=\"margin: 0cm 0cm 0pt\" class=\"MsoNormal\"><font size=\"2\" face=\"Verdana\">In passato, per ricordare questi anni, all\u2019ultimo anno di scuola, il fotografo immortalava tutti con una bella istantanea ricordo, dove, tutti agghindati, si mettevano in fila per una foto che avrebbe raccontato i volti ma non le storie. E\u2019 da questa piccola considerazione che nasce il libro \u201cTutti presenti\u201d, <strong>ideato dalla Maestra Marina Salvati<\/strong> con la collaborazione di tutto il corpo docenti e la direzione della scuola dove viene dato spazio non solo alle foto ma alle considerazioni degli alunni e delle maestre.<\/font><\/p>\n<p style=\"margin: 0cm 0cm 0pt\" class=\"MsoNormal\"><font size=\"2\" face=\"Verdana\">Il libro, finanziato dalle famiglie, rientra in una complessa serie di iniziative attuate dal corpo docenti atte a dare un nuovo volto all\u2019Istituto che deve essere, non solo un luogo di crescita scolastica e civile, ma anche un laboratorio di idee per insegnare ai ragazzi a creare dal nulla iniziative e strumenti a vario titolo.<\/font><\/p>\n<p style=\"margin: 0cm 0cm 0pt\" class=\"MsoNormal\"><font size=\"2\" face=\"Verdana\">All\u2019interno del libro, dedicato esclusivamente alle classi V, vi sono le foto di gruppo, le foto dei ragazzi divisi per sezioni e delle maestre, ma soprattutto vi sono le <strong>considerazioni e le aspirazioni di vita personali<\/strong>, le valutazioni fatte dai compagni di scuola e dalle maestre per testimoniare nel tempo non solo il volto ma anche il comportamento di ogni singola persona e sar\u00e0 bello vedere chi con caparbiet\u00e0 e ostinazione avr\u00e0 attenuto i propri obiettivi e chi invece avr\u00e0 dovuto cambiarle proprie idee e i propri comportamenti.<\/font><\/p>\n<p style=\"margin: 0cm 0cm 0pt\" class=\"MsoNormal\"><font size=\"2\" face=\"Verdana\">\u00ab<em>Un libro importante per ricordare un momento unico della propria vita \u2013 <\/em>afferma la maestra Salvati, ideatrice del progetto \u2013 <em>che \u00e8 il culmine di un lavoro intenso durato 5 anni, portato avanti con dedizione e passione da parte degli alunni e del corpo docenti<\/em>\u00bb.<\/font><\/p>\n<p style=\"margin: 0cm 0cm 0pt\" class=\"MsoNormal\"><font size=\"2\" face=\"Verdana\">Oltre al libro \u00e8 stato realizzato anche un DVD ricordo di tutte le iniziative attuate nel corso di questi intensi 5 anni.<\/font><\/p>\n<p style=\"margin: 0cm 0cm 0pt\" class=\"MsoNormal\"><font size=\"2\"><font face=\"Verdana\">Sia il libro che il DVD hanno ottenuto consensi univoci da parte di tutti e ci si augura che, anche nei prossimi anni, si possa continuare su questa strada intrapresa per la crescita culturale e sociale degli alunni.<span>  <\/span><span> <\/span><span>  <\/span><span>   <\/span><span>  <\/span><\/font><\/font><\/p>\n","protected":false},"excerpt":{"rendered":"<p>Tutti presentiIl libro ricordo dell\u2019Istituto Comprensivo di Deliceto Il periodo scolastico e soprattutto quello legato alla Scuola Primaria (vecchia scuola Elementare) \u00e8 per tutti il miglior ricordo della propria infanzia, \u00e8 il primo momento di aggregazione sociale, di valutazione sia da parte degli insegnanti sia e soprattutto da parte dei propri compagni di scuola ed [&hellip;]<\/p>\n","protected":false},"author":29,"featured_media":0,"comment_status":"open","ping_status":"open","sticky":false,"template":"","format":"standard","meta":[],"categories":[7],"tags":[],"_links":{"self":[{"href":"http:\/\/www.prolocodeliceto.it\/zeroweb\/index.php?rest_route=\/wp\/v2\/posts\/856"}],"collection":[{"href":"http:\/\/www.prolocodeliceto.it\/zeroweb\/index.php?rest_route=\/wp\/v2\/posts"}],"about":[{"href":"http:\/\/www.prolocodeliceto.it\/zeroweb\/index.php?rest_route=\/wp\/v2\/types\/post"}],"author":[{"embeddable":true,"href":"http:\/\/www.prolocodeliceto.it\/zeroweb\/index.php?rest_route=\/wp\/v2\/users\/29"}],"replies":[{"embeddable":true,"href":"http:\/\/www.prolocodeliceto.it\/zeroweb\/index.php?rest_route=%2Fwp%2Fv2%2Fcomments&post=856"}],"version-history":[{"count":0,"href":"http:\/\/www.prolocodeliceto.it\/zeroweb\/index.php?rest_route=\/wp\/v2\/posts\/856\/revisions"}],"wp:attachment":[{"href":"http:\/\/www.prolocodeliceto.it\/zeroweb\/index.php?rest_route=%2Fwp%2Fv2%2Fmedia&parent=856"}],"wp:term":[{"taxonomy":"category","embeddable":true,"href":"http:\/\/www.prolocodeliceto.it\/zeroweb\/index.php?rest_route=%2Fwp%2Fv2%2Fcategories&post=856"},{"taxonomy":"post_tag","embeddable":true,"href":"http:\/\/www.prolocodeliceto.it\/zeroweb\/index.php?rest_route=%2Fwp%2Fv2%2Ftags&post=856"}],"curies":[{"name":"wp","href":"https:\/\/api.w.org\/{rel}","templated":true}]}}