{"id":843,"date":"2009-07-06T21:05:02","date_gmt":"2009-07-06T20:05:02","guid":{"rendered":"http:\/\/www.prolocodeliceto.it\/zeroweb\/?p=843"},"modified":"2009-07-13T21:25:15","modified_gmt":"2009-07-13T20:25:15","slug":"deliceto-partecipa-al-mosaico-dei-sapori","status":"publish","type":"post","link":"http:\/\/www.prolocodeliceto.it\/zeroweb\/?p=843","title":{"rendered":"DELICETO partecipa al &#8220;Mosaico dei Sapori&#8221;"},"content":{"rendered":"<p>L&#8217;Associazione Turistica Pro-Loco in collaborazione con il Comune di Deliceto, partecipa alla manifestazione &#8220;Mosaico dei Sapori&#8221; in programma dal 06-al 17 Luglio presso l&#8217;Abbazia di Pulsano Monte Sant&#8217;Angelo. L&#8217;organizzazione promossa dalla  Pro-Loco di M. Sant&#8217;Angelo in collaborazione con la Comunit\u00e0 Monastica dell&#8217;Abbazia, propongono l&#8217;iniziativa che si intreccia con lo stage di restauro della carta e dei lapidei, organizzato dall&#8217;Accademia Albertina di Belle Arti di Torino in collaborazione con l&#8217;Universit\u00e0 di Istanbul. I Comuni, le Pro-Loco e le aziende agro-alimentari coinvolte faranno conoscere le proprie tipicit\u00e0 attraverso l&#8217;operato degli studenti dell&#8217;Istituto Alberghiero di S. Giovanni Rotondo, che saranno guidati per l&#8217;occasione da chef professionisti dell&#8217;Associazione cuochi della Capitanata e del Gargano. La manifestazione, sponsorizzata da EATALY, il pi\u00f9 grande marchio che porta le tipicit\u00e0 italiane nel mondo, fornir\u00e0 un&#8217;occasione per mettere in luce la ricca potenzialit\u00e0 gastronomica e il legame di questa con la cultura del nostro Paese. Alla manifestazione. oltre a Deliceto hanno aderito le Pro-Loco e i Comuni di: Mattinata, Monte S. Angelo, Cannole LE, Carpino, S.Giovanni Rotondo, Ruvo di Puglia BA, Orsara, Bovino e Torino. Il piatto tipico delicetano &#8220;Pizzelle e talli&#8221;- Lampascioni patate e salsiccia in padella oltre al caciocavallo locale sar\u00e0 presentato Domenica 12 Luglio.<\/p>\n","protected":false},"excerpt":{"rendered":"<p>L&#8217;Associazione Turistica Pro-Loco in collaborazione con il Comune di Deliceto, partecipa alla manifestazione &#8220;Mosaico dei Sapori&#8221; in programma dal 06-al 17 Luglio presso l&#8217;Abbazia di Pulsano Monte Sant&#8217;Angelo. L&#8217;organizzazione promossa dalla Pro-Loco di M. Sant&#8217;Angelo in collaborazione con la Comunit\u00e0 Monastica dell&#8217;Abbazia, propongono l&#8217;iniziativa che si intreccia con lo stage di restauro della carta e [&hellip;]<\/p>\n","protected":false},"author":29,"featured_media":0,"comment_status":"open","ping_status":"open","sticky":false,"template":"","format":"standard","meta":[],"categories":[7],"tags":[],"_links":{"self":[{"href":"http:\/\/www.prolocodeliceto.it\/zeroweb\/index.php?rest_route=\/wp\/v2\/posts\/843"}],"collection":[{"href":"http:\/\/www.prolocodeliceto.it\/zeroweb\/index.php?rest_route=\/wp\/v2\/posts"}],"about":[{"href":"http:\/\/www.prolocodeliceto.it\/zeroweb\/index.php?rest_route=\/wp\/v2\/types\/post"}],"author":[{"embeddable":true,"href":"http:\/\/www.prolocodeliceto.it\/zeroweb\/index.php?rest_route=\/wp\/v2\/users\/29"}],"replies":[{"embeddable":true,"href":"http:\/\/www.prolocodeliceto.it\/zeroweb\/index.php?rest_route=%2Fwp%2Fv2%2Fcomments&post=843"}],"version-history":[{"count":0,"href":"http:\/\/www.prolocodeliceto.it\/zeroweb\/index.php?rest_route=\/wp\/v2\/posts\/843\/revisions"}],"wp:attachment":[{"href":"http:\/\/www.prolocodeliceto.it\/zeroweb\/index.php?rest_route=%2Fwp%2Fv2%2Fmedia&parent=843"}],"wp:term":[{"taxonomy":"category","embeddable":true,"href":"http:\/\/www.prolocodeliceto.it\/zeroweb\/index.php?rest_route=%2Fwp%2Fv2%2Fcategories&post=843"},{"taxonomy":"post_tag","embeddable":true,"href":"http:\/\/www.prolocodeliceto.it\/zeroweb\/index.php?rest_route=%2Fwp%2Fv2%2Ftags&post=843"}],"curies":[{"name":"wp","href":"https:\/\/api.w.org\/{rel}","templated":true}]}}