{"id":842,"date":"2009-06-27T06:40:35","date_gmt":"2009-06-27T05:40:35","guid":{"rendered":"http:\/\/www.prolocodeliceto.it\/zeroweb\/?p=842"},"modified":"2009-07-13T21:41:41","modified_gmt":"2009-07-13T20:41:41","slug":"comunicato-stampa-gal-meridaunia","status":"publish","type":"post","link":"http:\/\/www.prolocodeliceto.it\/zeroweb\/?p=842","title":{"rendered":"Comunicato Stampa GAL Meridaunia"},"content":{"rendered":"<p><strong><span style=\"font-family: Garamond\">COMUNICATO STAMPA<\/span><\/strong><strong><span style=\"font-family: Garamond\">Convegno sulla creazione d\u2019impresa: l\u2019interesse dei Monti Dauni<\/span><\/strong><span style=\"font-family: Garamond\"> <\/span><span style=\"font-family: Garamond\"><span style=\"font-family: Garamond\">Ha visto una grande partecipazione di pubblico il convegno informativo dal titolo \u201cFacciamo impresa\u201d, tenutosi lo scorso 2 luglio a Lucera, presso il Teatro Garibaldi e organizzato e promosso dal Gal Meridaunia.<\/span><span style=\"font-family: Garamond\">L\u2019incontro ha voluto presentare il recente avviso regionale di agevolazione allo \u201c<strong>start up\u201d<\/strong> delle microimprese da parte di soggetti svantaggiati (donne, giovani, disoccupati, lavoratori in procinto di perdere il posto, cassaintegrati) residenti nella Regione Puglia, ma, in generale, ha proposto una panoramica sulle leggi di finanza agevolata attualmente disponibili di cui possono beneficiare coloro che intendono avviare nuove attivit\u00e0 imprenditoriali. Presenti al tavolo dei relatori, <strong>Alberto Casoria<\/strong>,<span>  <\/span>presidente del Gal Meridaunia, <strong>Pasquale Dotoli<\/strong>, neo Sindaco della Citt\u00e0 di Lucera, in una delle sue prime uscite pubbliche, <strong>Andrea Vernalone<\/strong>, dirigente di Puglia Sviluppo ed esperto di finanza agevolata ed <strong>Antonella Caggese<\/strong> che ha moderato l\u2019incontro.<\/span><span style=\"font-family: Garamond\">Il Presidente Casoria, nel suo intervento di saluto, ha sottolineato l\u2019importanza del Comune di Lucera quale \u201cporta dei Monti Dauni\u201d e motore propulsore dello sviluppo dell\u2019intera area e la disponibilit\u00e0 del Gal Meridaunia ad avviare collaborazioni e progettualit\u00e0 con la nuova amministrazione lucerina.. Inoltre, \u00e8 stato ricordato lo sforzo che lo stesso Gal da anni compie per lo sviluppo delle attivit\u00e0 imprenditoriali del territorio attraverso lo sportello di \u201cCreazione d\u2019impresa\u201d attivo da oltre 10 anni presso la sede del Gal a Bovino che offre attivit\u00e0 di orientamento, consulenza ed assistenza progettuale ai soggetti residenti nei 30 Comuni dell\u2019area Gal per le opportunit\u00e0 di creazione d\u2019impresa.<\/span><span style=\"font-family: Garamond\">Dopo la dettagliata presentazione della Legge sullo Start Up alle microimprese illustrata dal dott. Vernaleone, \u00e8 stata data la<span>  <\/span>parola ai presenti in sala che hanno richiesto chiarimenti su alcuni punti, avanzato le loro richieste specifiche e manifestato, nei loro interventi, perplessit\u00e0 rispetto ad alcuni vincoli dell\u2019agevolazione presentata.<\/span><span style=\"font-family: Garamond\">A chiusura del convegno, poi, il Sindaco Dotoli, si \u00e8 congratulato con il Gal Meridaunia per la promozione di queste iniziative di informazione e animazione a vantaggio dei territori dei Monti Dauni ed ha pubblicamente espresso la sua disponibilit\u00e0 a creare un rapporto proficuo e costante con l\u2019agenzia di sviluppo dei Monti Dauni e a pensare insieme alla possibilit\u00e0 di attivare un ufficio del Gal Meridaunia sul territorio di Lucera, a servizio della comunit\u00e0 locale lucerina e dei Comuni dell\u2019area settentrionale dei Monti Dauni.<\/span><font face=\"Times New Roman\"> <\/font><\/span><span style=\"font-family: Garamond\"><span style=\"font-family: Garamond\">Antonella Caggese<\/span><span style=\"font-family: Garamond\">Ufficio Comunicazione<\/span><span style=\"font-family: Garamond\">Gal Meridaunia<\/span><span style=\"font-family: Garamond\">Loc. Tiro a Segno<\/span><span style=\"font-family: Garamond\">71023 Bovino (Fg)<\/span><span style=\"font-family: Garamond\" lang=\"EN-GB\">Tel. 0881.966557 \u2013 912007<\/span><span style=\"font-family: Garamond\" lang=\"EN-GB\">Fax. 0881.912921<\/span><span style=\"font-family: Garamond\" lang=\"EN-GB\">a.caggese@meridaunia.it<\/span><span style=\"font-family: Garamond\"><a href=\"http:\/\/www.meridaunia.it\/\"><span lang=\"EN-GB\">www.meridaunia.it<\/span><\/a><\/span><span style=\"font-family: Garamond\" lang=\"EN-GB\"> \u2013 <\/span><span style=\"font-family: Garamond\"><a href=\"http:\/\/www.montidauni.it\/\"><span lang=\"EN-GB\">www.montidauni.it<\/span><\/a><\/span><span lang=\"EN-GB\"><\/span><\/span><\/p>\n","protected":false},"excerpt":{"rendered":"<p>COMUNICATO STAMPAConvegno sulla creazione d\u2019impresa: l\u2019interesse dei Monti Dauni Ha visto una grande partecipazione di pubblico il convegno informativo dal titolo \u201cFacciamo impresa\u201d, tenutosi lo scorso 2 luglio a Lucera, presso il Teatro Garibaldi e organizzato e promosso dal Gal Meridaunia.L\u2019incontro ha voluto presentare il recente avviso regionale di agevolazione allo \u201cstart up\u201d delle microimprese [&hellip;]<\/p>\n","protected":false},"author":29,"featured_media":0,"comment_status":"open","ping_status":"open","sticky":false,"template":"","format":"standard","meta":[],"categories":[7],"tags":[],"_links":{"self":[{"href":"http:\/\/www.prolocodeliceto.it\/zeroweb\/index.php?rest_route=\/wp\/v2\/posts\/842"}],"collection":[{"href":"http:\/\/www.prolocodeliceto.it\/zeroweb\/index.php?rest_route=\/wp\/v2\/posts"}],"about":[{"href":"http:\/\/www.prolocodeliceto.it\/zeroweb\/index.php?rest_route=\/wp\/v2\/types\/post"}],"author":[{"embeddable":true,"href":"http:\/\/www.prolocodeliceto.it\/zeroweb\/index.php?rest_route=\/wp\/v2\/users\/29"}],"replies":[{"embeddable":true,"href":"http:\/\/www.prolocodeliceto.it\/zeroweb\/index.php?rest_route=%2Fwp%2Fv2%2Fcomments&post=842"}],"version-history":[{"count":0,"href":"http:\/\/www.prolocodeliceto.it\/zeroweb\/index.php?rest_route=\/wp\/v2\/posts\/842\/revisions"}],"wp:attachment":[{"href":"http:\/\/www.prolocodeliceto.it\/zeroweb\/index.php?rest_route=%2Fwp%2Fv2%2Fmedia&parent=842"}],"wp:term":[{"taxonomy":"category","embeddable":true,"href":"http:\/\/www.prolocodeliceto.it\/zeroweb\/index.php?rest_route=%2Fwp%2Fv2%2Fcategories&post=842"},{"taxonomy":"post_tag","embeddable":true,"href":"http:\/\/www.prolocodeliceto.it\/zeroweb\/index.php?rest_route=%2Fwp%2Fv2%2Ftags&post=842"}],"curies":[{"name":"wp","href":"https:\/\/api.w.org\/{rel}","templated":true}]}}