{"id":8362,"date":"2013-06-06T22:10:46","date_gmt":"2013-06-06T21:10:46","guid":{"rendered":"http:\/\/www.prolocodeliceto.it\/zeroweb\/?p=8362"},"modified":"2013-06-06T22:15:05","modified_gmt":"2013-06-06T21:15:05","slug":"comunicato-5","status":"publish","type":"post","link":"http:\/\/www.prolocodeliceto.it\/zeroweb\/?p=8362","title":{"rendered":"COMUNICATO"},"content":{"rendered":"<p align=\"center\"><strong><a href=\"http:\/\/www.prolocodeliceto.it\/zeroweb\/wp-content\/uploads\/is20.jpg\"><img decoding=\"async\" loading=\"lazy\" class=\"aligncenter size-full wp-image-8365\" title=\"is\" src=\"http:\/\/www.prolocodeliceto.it\/zeroweb\/wp-content\/uploads\/is20.jpg\" alt=\"\" width=\"391\" height=\"260\" srcset=\"http:\/\/www.prolocodeliceto.it\/zeroweb\/wp-content\/uploads\/is20.jpg 391w, http:\/\/www.prolocodeliceto.it\/zeroweb\/wp-content\/uploads\/is20-300x199.jpg 300w, http:\/\/www.prolocodeliceto.it\/zeroweb\/wp-content\/uploads\/is20-140x94.jpg 140w\" sizes=\"(max-width: 391px) 100vw, 391px\" \/><\/a><\/strong><\/p>\n<p align=\"center\"><strong>COMUNICATO<\/strong><\/p>\n<p align=\"center\"><strong><em>IL SISTEMA FACEBOOK DELLA FONDAZIONE ARCHEOLOGICA CANOSINA ONLUS<\/em><\/strong><\/p>\n<p align=\"center\"><strong><em>STRUMENTO DI DIFFUSIONE AL SERVIZIO DELLA CULTURA<\/em><\/strong><\/p>\n<p align=\"center\"><strong><em>\u00a0<\/em><\/strong><\/p>\n<p>\u00a0\u00a0 Nella quotidianit\u00e0 di molti di noi, soggiogata dai ritmi frenetici di una societ\u00e0 in continua evoluzione, i social network rappresentano lo strumento di comunicazione veloce ed immediata, tramite il quale conoscere e restare informati sul Mondo circostante. Facebook e Twitter, sono divenuti non solo uno strumento di conoscenza, ma anche una occasione di comunicazione che, a volte, riunifica distanze e situazioni, normalmente difficili da colmare.<\/p>\n<p>La Fondazione Archeologica Canosina Onlus, dal 13 aprile 2013, ha avviato un esperimento di <em>comunicazione veloce<\/em> e immediata, basata sul costante e continuo aggiornamento delle iniziative e delle manifestazioni culturali della Citt\u00e0, riguardanti la Tutela e la Valorizzazione del Bene Culturale, secondo quanto stabilito nel Contratto di Servizi con il Comune di Canosa e il Protocollo d\u2019Intesa col Ministero per la gestione dei servizi nelle aree archeologiche.<\/p>\n<p>Lo scopo,\u00a0 \u00e8 quello di far avvicinare al Bene Culturale, non soltanto le numerose persone che gi\u00e0 seguono le iniziative culturali della FAC, ma anche tutti i Soci che non risiedono in Canosa e tutti coloro che desiderano condividere l\u2019amore per la Cultura e la partecipazione attiva per la salvaguardia di un immenso patrimonio, lasciatoci in eredit\u00e0 dalla Storia.<\/p>\n<p>Il programma di <em>comunicazione veloce<\/em> ha, inoltre, lo scopo di fornire a tutti la possibilit\u00e0 di concepire e proporre un disegno costruttivo che, sempre in accordo con le Istituzioni preposte, possa far crescere l\u2019interesse turistico nazionale ed estero e, di riflesso, le possibilit\u00e0 occupazionali di una cittadina dell\u2019entroterra italiano che soffre di mali arretrati; questi ultimi sono concausa di un ritardo e \u2013 di riflesso \u2013 di sforzi collettivi titanici, per avviare una poderosa macchina a diesel, tuttavia in corso di accensione.<\/p>\n<p>Il programma di comunicazione veloce, eredita la gi\u00e0 importante operazione di diffusione on line condotta dal sito <a href=\"http:\/\/www.canusium.it\/\">www.canusium.it<\/a>, ovviamente basilare a chi desideri conoscere le priorit\u00e0 culturali della Citt\u00e0 e al sito ufficiale del Comune di Canosa di Puglia, <a href=\"http:\/\/www.comune.canosa.bt.it\/\">www.comune.canosa.bt.it<\/a>, alla messa in rete della Collezione Municipale di Palazzo Iliceto al sito <a href=\"http:\/\/www.canosa.cchnet.it\/\">www.canosa.cchnet.it<\/a> e a tutti i siti a sfondo culturale (<a href=\"http:\/\/www.canosaweb.it\/\">www.canosaweb.it<\/a>, <a href=\"http:\/\/www.ilovecanosa.it\/\">www.ilovecanosa.it<\/a>).<\/p>\n<p>Il portale Facebook di cui stiamo parlando, \u00e8 rintracciabile come Fondazione Archeologica Canosa Onlus (rispettando le maiuscole) ed \u00e8 stato affidato a Michela Cianti, formatasi in <em>Scienze della Formazione<\/em>, con particolare attenzione alla <em>Comunicazione e alle Varie Diversit\u00e0<\/em>. Attualmente sono attivi forum liberi, riguardanti le necessit\u00e0 turistiche della citt\u00e0, le iniziative promuovibili, gli interventi e le promozioni degli eventi, oltre che una serie &#8211; costantemente aggiornata \u2013 di curiosit\u00e0 e piccole preziosit\u00e0 sul patrimonio archeologico.<\/p>\n<p>Il sito, ha riservato un incremento dell\u201980% delle presenze nelle ultime settimane, imponendosi come il primo portale, seguito da migliaia di persone e con un alto indice di gradimento. L\u2019invito \u00e8 quello di visionare e di cliccare sul gradimento della pagina, perch\u00e9 di riflesso si pu\u00f2 collaborare insieme per migliorare i servizi della FAC e sentirsi vicini alla Cultura della Citt\u00e0<\/p>\n<p>Canosa \u00e8 una realt\u00e0 complessa, fatta di priorit\u00e0 che non \u00e8 facile coniugare tutte insieme. Tuttavia possiamo fare qualcosa, anche solo rendendoci disponibili a farla, collaborando con le Istituzioni preposte e sentendoci parte di essa; tutto ci\u00f2 non distinguendo ci\u00f2 che siamo da ci\u00f2 che facciamo.<\/p>\n<p>Siamo tutti parte di una stessa medaglia e in fondo, sentirsi fieri della propria matrice culturale, non dev\u2019essere secondario a tante altre cose, ma \u00e8 il segno di distinzione che ci rende consapevoli di ci\u00f2 che Siamo e, di riflesso, ci\u00f2 che potremo divenire.<\/p>\n<p>Contattateci sul profilo Facebook <strong>Fondazione Archeologica Canosina Onlus<\/strong><\/p>\n<p>&nbsp;<\/p>\n<p>&nbsp;<\/p>\n<p align=\"center\"><em>Canosa \u2026. dove vivere la Storia<\/em><\/p>\n<p align=\"center\"><em>\u00e8 una esperienza collettiva!<\/em><\/p>\n<p align=\"center\"><em>\u00a0<\/em><\/p>\n<p align=\"right\"><strong>\u00a0<\/strong><\/p>\n<p align=\"right\"><strong>Sandro Giuseppe Sardella<\/strong><\/p>\n<p align=\"right\">Archeologo \u2013 Responsabile Pubbliche Relazioni della<\/p>\n<p align=\"right\">Fondazione Archeologica Canosina Onlus<\/p>\n","protected":false},"excerpt":{"rendered":"<p>COMUNICATO IL SISTEMA FACEBOOK DELLA FONDAZIONE ARCHEOLOGICA CANOSINA ONLUS STRUMENTO DI DIFFUSIONE AL SERVIZIO DELLA CULTURA \u00a0 \u00a0\u00a0 Nella quotidianit\u00e0 di molti di noi, soggiogata dai ritmi frenetici di una societ\u00e0 in continua evoluzione, i social network rappresentano lo strumento di comunicazione veloce ed immediata, tramite il quale conoscere e restare informati sul Mondo circostante. [&hellip;]<\/p>\n","protected":false},"author":29,"featured_media":8365,"comment_status":"open","ping_status":"open","sticky":false,"template":"","format":"standard","meta":[],"categories":[7],"tags":[],"_links":{"self":[{"href":"http:\/\/www.prolocodeliceto.it\/zeroweb\/index.php?rest_route=\/wp\/v2\/posts\/8362"}],"collection":[{"href":"http:\/\/www.prolocodeliceto.it\/zeroweb\/index.php?rest_route=\/wp\/v2\/posts"}],"about":[{"href":"http:\/\/www.prolocodeliceto.it\/zeroweb\/index.php?rest_route=\/wp\/v2\/types\/post"}],"author":[{"embeddable":true,"href":"http:\/\/www.prolocodeliceto.it\/zeroweb\/index.php?rest_route=\/wp\/v2\/users\/29"}],"replies":[{"embeddable":true,"href":"http:\/\/www.prolocodeliceto.it\/zeroweb\/index.php?rest_route=%2Fwp%2Fv2%2Fcomments&post=8362"}],"version-history":[{"count":3,"href":"http:\/\/www.prolocodeliceto.it\/zeroweb\/index.php?rest_route=\/wp\/v2\/posts\/8362\/revisions"}],"predecessor-version":[{"id":8364,"href":"http:\/\/www.prolocodeliceto.it\/zeroweb\/index.php?rest_route=\/wp\/v2\/posts\/8362\/revisions\/8364"}],"wp:featuredmedia":[{"embeddable":true,"href":"http:\/\/www.prolocodeliceto.it\/zeroweb\/index.php?rest_route=\/wp\/v2\/media\/8365"}],"wp:attachment":[{"href":"http:\/\/www.prolocodeliceto.it\/zeroweb\/index.php?rest_route=%2Fwp%2Fv2%2Fmedia&parent=8362"}],"wp:term":[{"taxonomy":"category","embeddable":true,"href":"http:\/\/www.prolocodeliceto.it\/zeroweb\/index.php?rest_route=%2Fwp%2Fv2%2Fcategories&post=8362"},{"taxonomy":"post_tag","embeddable":true,"href":"http:\/\/www.prolocodeliceto.it\/zeroweb\/index.php?rest_route=%2Fwp%2Fv2%2Ftags&post=8362"}],"curies":[{"name":"wp","href":"https:\/\/api.w.org\/{rel}","templated":true}]}}