{"id":8359,"date":"2013-06-06T14:21:15","date_gmt":"2013-06-06T13:21:15","guid":{"rendered":"http:\/\/www.prolocodeliceto.it\/zeroweb\/?p=8359"},"modified":"2013-06-06T14:21:16","modified_gmt":"2013-06-06T13:21:16","slug":"press-tour-sui-monti-dauni","status":"publish","type":"post","link":"http:\/\/www.prolocodeliceto.it\/zeroweb\/?p=8359","title":{"rendered":"PRESS TOUR SUI MONTI DAUNI"},"content":{"rendered":"<p align=\"center\"><strong><a href=\"http:\/\/www.prolocodeliceto.it\/zeroweb\/wp-content\/uploads\/image004.jpg\"><img decoding=\"async\" loading=\"lazy\" class=\"aligncenter size-full wp-image-8360\" title=\"image004\" src=\"http:\/\/www.prolocodeliceto.it\/zeroweb\/wp-content\/uploads\/image004.jpg\" alt=\"\" width=\"656\" height=\"100\" srcset=\"http:\/\/www.prolocodeliceto.it\/zeroweb\/wp-content\/uploads\/image004.jpg 656w, http:\/\/www.prolocodeliceto.it\/zeroweb\/wp-content\/uploads\/image004-300x45.jpg 300w\" sizes=\"(max-width: 656px) 100vw, 656px\" \/><\/a><\/strong><\/p>\n<p align=\"center\"><strong>Press Tour sui Monti Dauni con il GAL Meridaunia<\/strong><\/p>\n<p align=\"center\"><strong><em>Dieci tra giornalisti ed operatori turistici di testate e tour operator di tutta Italia.<\/em><\/strong><\/p>\n<p align=\"center\"><strong>\u00a0<\/strong><\/p>\n<p>BOVINO (Fg) \u2013 Otto giornalisti esperti del settore turistico ed enogastronomico e due tra i pi\u00f9 importanti tour operator internazionali, dal 6 al 9 giugno prossimi saranno ospiti del GAL Meridaunia per il primo Press Tour \u201c<strong>Alla scoperta dei Monti Dauni della Puglia<\/strong>\u201d. Obiettivo principale: conoscere i Monti Dauni attraverso le sue bellezze e sperimentare l\u2019accoglienza di questi territori. Accompagnati dal personale di \u00a0Meridaunia, visiteranno borghi, musei, chiese, palazzi storici, siti archeologici, castelli e ristoranti tipici, alla scoperta di uno degli angoli pi\u00f9 belli e suggestivi di Puglia.\u00a0 Il viaggio inizia venerd\u00ec 7 giugno da <strong>Ascoli Satriano<\/strong> dove \u00e8 prevista un\u2019escursione guidata al\u00a0 Parco archeologico dei Dauni e alla Villa Romana di Faragola, e prosegue alla volta di <strong>Orsara di Puglia<\/strong> (Citt\u00e0 Slow e Bandiera Arancione Touring Club) per la visita all\u2019Abbazia di San Michele e pranzo tipico presso il ristorante di Peppe Zullo, all\u2019interno dell\u2019 orto biologico. Nel pomeriggio, trasferimento a <strong>Troia<\/strong> per conoscere la Cattedrale romanico-pugliese con il suo originale rosone e il Museo del Tesoro che conserva 3 dei 33 exultet presenti ancora oggi nel mondo. La serata di venerd\u00ec 7 giugno \u00e8 tutta dedicata al borgo antico di <strong>Bovino <\/strong>(comune inserito nella lista de \u201cI Borghi pi\u00f9 Belli d\u2019Italia\u201d) con visita serale al Castello Ducale e alla Cattedrale in stile romanico-pugliese. Il giorno successivo, i giornalisti saranno accompagnati a <strong>Lucera<\/strong>, una delle citt\u00e0 d\u2019arte pi\u00f9 interessanti della Puglia. Nella citt\u00e0 sveva \u00e8 prevista la visita al Museo, alla Cattedrale, all\u2019Anfiteatro e le corti dei palazzi del centro storico. Nel pomeriggio trasferimento a <strong>Pietramontecorvino<\/strong> (\u201cI Borghi pi\u00f9 Belli d\u2019Italia e Bandiera Arancione) dove \u00e8 prevista una visita guidata al Castello, alla Torre normanna e al caratteristico borgo che ospita l\u2019unico ristorante didattico della Puglia settentrionale. Il tour si concluder\u00e0 a<strong> Deliceto<\/strong> con la visita serale al Castello normanno ed un aperitivo al Convento di Sant\u2019Antonio. Gli Educational Tour rappresentano un innovativo canale di comunicazione diretta tra gli operatori realmente interessati all\u2019acquisto di pacchetti turistici per i Monti Dauni . Uno strumento gi\u00e0 collaudato nella nuova concezione del turismo pugliese.\u00a0 Agli operatori dell\u2019informazione, invece, consentono di esplorare fino in fondo il territorio per poterne veicolare al meglio l\u2019anima e la cultura, cos\u00ec da accattivare direttamente l\u2019interesse del lettore e potenziale turista.<\/p>\n<p>Sui Monti Dauni arrivano testate giornalistiche importanti come Bellitalia, Partiamo, In Viaggio, La nuova Ecologia, il Tempo Viaggi, Turismo all\u2019Aria aperta, Viaggi e Mondi, Nuovi Turismi.<\/p>\n<p>&nbsp;<\/p>\n<p>Antonella Caggese<\/p>\n<p>Ufficio Comunicazione<\/p>\n","protected":false},"excerpt":{"rendered":"<p>Press Tour sui Monti Dauni con il GAL Meridaunia Dieci tra giornalisti ed operatori turistici di testate e tour operator di tutta Italia. \u00a0 BOVINO (Fg) \u2013 Otto giornalisti esperti del settore turistico ed enogastronomico e due tra i pi\u00f9 importanti tour operator internazionali, dal 6 al 9 giugno prossimi saranno ospiti del GAL Meridaunia [&hellip;]<\/p>\n","protected":false},"author":29,"featured_media":8360,"comment_status":"open","ping_status":"open","sticky":false,"template":"","format":"standard","meta":[],"categories":[7],"tags":[],"_links":{"self":[{"href":"http:\/\/www.prolocodeliceto.it\/zeroweb\/index.php?rest_route=\/wp\/v2\/posts\/8359"}],"collection":[{"href":"http:\/\/www.prolocodeliceto.it\/zeroweb\/index.php?rest_route=\/wp\/v2\/posts"}],"about":[{"href":"http:\/\/www.prolocodeliceto.it\/zeroweb\/index.php?rest_route=\/wp\/v2\/types\/post"}],"author":[{"embeddable":true,"href":"http:\/\/www.prolocodeliceto.it\/zeroweb\/index.php?rest_route=\/wp\/v2\/users\/29"}],"replies":[{"embeddable":true,"href":"http:\/\/www.prolocodeliceto.it\/zeroweb\/index.php?rest_route=%2Fwp%2Fv2%2Fcomments&post=8359"}],"version-history":[{"count":1,"href":"http:\/\/www.prolocodeliceto.it\/zeroweb\/index.php?rest_route=\/wp\/v2\/posts\/8359\/revisions"}],"predecessor-version":[{"id":8361,"href":"http:\/\/www.prolocodeliceto.it\/zeroweb\/index.php?rest_route=\/wp\/v2\/posts\/8359\/revisions\/8361"}],"wp:featuredmedia":[{"embeddable":true,"href":"http:\/\/www.prolocodeliceto.it\/zeroweb\/index.php?rest_route=\/wp\/v2\/media\/8360"}],"wp:attachment":[{"href":"http:\/\/www.prolocodeliceto.it\/zeroweb\/index.php?rest_route=%2Fwp%2Fv2%2Fmedia&parent=8359"}],"wp:term":[{"taxonomy":"category","embeddable":true,"href":"http:\/\/www.prolocodeliceto.it\/zeroweb\/index.php?rest_route=%2Fwp%2Fv2%2Fcategories&post=8359"},{"taxonomy":"post_tag","embeddable":true,"href":"http:\/\/www.prolocodeliceto.it\/zeroweb\/index.php?rest_route=%2Fwp%2Fv2%2Ftags&post=8359"}],"curies":[{"name":"wp","href":"https:\/\/api.w.org\/{rel}","templated":true}]}}