{"id":8346,"date":"2013-06-03T14:14:43","date_gmt":"2013-06-03T13:14:43","guid":{"rendered":"http:\/\/www.prolocodeliceto.it\/zeroweb\/?p=8346"},"modified":"2013-06-03T14:14:43","modified_gmt":"2013-06-03T13:14:43","slug":"comunicato-stampa-84","status":"publish","type":"post","link":"http:\/\/www.prolocodeliceto.it\/zeroweb\/?p=8346","title":{"rendered":"COMUNICATO STAMPA"},"content":{"rendered":"<p><strong><a href=\"http:\/\/www.prolocodeliceto.it\/zeroweb\/wp-content\/uploads\/image1.jpg\"><img decoding=\"async\" loading=\"lazy\" class=\"aligncenter size-full wp-image-8347\" title=\"image\" src=\"http:\/\/www.prolocodeliceto.it\/zeroweb\/wp-content\/uploads\/image1.jpg\" alt=\"\" width=\"535\" height=\"293\" srcset=\"http:\/\/www.prolocodeliceto.it\/zeroweb\/wp-content\/uploads\/image1.jpg 535w, http:\/\/www.prolocodeliceto.it\/zeroweb\/wp-content\/uploads\/image1-300x164.jpg 300w\" sizes=\"(max-width: 535px) 100vw, 535px\" \/><\/a><\/strong><\/p>\n<p><strong>COMUNICATO STAMPA<\/strong><\/p>\n<p><strong>TITOLO<\/strong>:\u00a0 RICCARDO DE ANTONIS \u201c<em>A LUCE ARTIFICIALE<\/em>\u201d<\/p>\n<p>Fotografie di spettacoli di Pina Busch, Mem\u00e8 Perlini e\u00a0 Magazzini criminali<\/p>\n<p><strong>A CURA DI<\/strong>: <em>ENRICO PULSONI E PIERFRANCESCO GIANNANGELI <\/em><\/p>\n<p><strong>ORGANIZZAZIONE<\/strong>:<strong> <\/strong>Accademia di Belle Arti di Macerata, Societ\u00e0 Filarmonica Drammatica di Macerata e Art Club Studio<\/p>\n<p><strong>LUOGO<\/strong>: \u00a0<strong>Societ\u00e0 Filarmonica Drammatica di Macerata<\/strong> <strong>via Antonio Gramsci 30<\/strong><\/p>\n<p><strong>DATA<\/strong>:\u00a0 Gioved\u00ec 6 giugno alle ore 18.00<\/p>\n<p>L\u2019Accademia di Belle Arti di Macerata, la Societ\u00e0 Filarmonica Drammatica di Macerata e l\u2019Art Club Studio presentano il prossimo gioved\u00ec 6 giugno alle ore 18.00 la prima delle quattro mostre di fotografie di importanti spettacoli teatrali,\u00a0 realizzate da Riccardo De Antonis\u00a0 tra gli settanta e gli anni ottanta.<\/p>\n<p>Pina Bausch, con due notissimi spettacoli <strong>Caf\u00e8 Muller<\/strong> e <strong>1980, <\/strong>Mem\u00e8 Perlini con <strong>Eliogabalo<\/strong> e Magazzini criminali con il loro <strong>Crollo nervoso <\/strong>sono i primi protagonisti di questa rassegna, che intende fare un punto sulle esperienze teatrali di allora e quanto resta di quella esperienza.<\/p>\n<p>All&#8217;inaugurazione sar\u00e0\u00a0 presente l\u2019autore Riccardo De Antonis, che introdurr\u00e0 con i curatori Enrico Pulsoni e Pierfrancesco Giannangeli \u00a0la mostra negli spazi espositivi della Societ\u00e0 Filarmonico Drammatica di Macerata in via Antonio Gramsci 30, gioved\u00ec 6 giugno alle ore 18.00.<\/p>\n<p><em>RICCARDO DE ANTONIS <\/em><em>(1952). All&#8217;inizio degli anni Settanta prende ad occuparsi di fotografia professionale, collaborando nello studio con il padre Pasquale(un nome della fotografia del novecento). Nel 1977 gli viene affidato l&#8217;incarico della documentazione fotografica dei beni demoantropologici del Museo Nazionale delle Tradizioni Popolari. Tra la fine degli anni Settanta e i primi anni Ottanta realizza alcuni reportage all&#8217;estero, in particolare in Nepal, Marocco, Turchia, Iran e Afghanistan. Tra gli anni settanta e gli ottanta ha documentato numerossimi spettacoli teatrali. In qualit\u00e0 di curatore dell&#8217;archivio del padre, ha organizzato numerose mostre e pubblicazioni su questi materiali, che si aggiungono alle pubblicazioni sul suo personale lavoro e a quelle fatte per progetti di varie mostre e ricerche , tra le pi\u00f9 recenti per la citt\u00e0 di Teramo, sulle fotografie astratte (testo di Diego Mormorio), Luce fisicit\u00e0 e spazio del teatro ed Titivillus,Riccardo De Antonis \u201cPortrait\u201d il formalismo della verit\u00e0 Monserrato arte roma,Dal 1996 \u00e8 docente di fotografia presso l&#8217;Istituto &#8220;Quasar&#8221; di Roma per i corsi di Fotografia, Graphic Design, Multimedia e Hipergraphic.<\/em><\/p>\n<p>&nbsp;<\/p>\n<p><strong>NOTE SU PINA BAUSCH, MEME\u2019 PERLINI E MAGAZZINI CRIMINALI<\/strong><\/p>\n<p><strong>Philippine Bausch detta Pina<\/strong> (1940 \u20132009) \u00e8 stata una coreografa e ballerina tedesca.<\/p>\n<p>Tra le pi\u00f9 importanti e note coreografe mondiali, la Bausch ha diretto dal 1973 il Tanztheater Wuppertal Pina Bausch, con sede a Wuppertal, in Germania. Il suo nome \u00e8 legato al termine Tanztheater (teatro-danza), adottato negli anni &#8217;70 da alcuni coreografi tedeschi &#8211; tra cui la stessa Bausch &#8211; per indicare un preciso progetto artistico che intende differenziarsi dal balletto e dalla danza moderna, che include elementi recitativi, come l&#8217;uso del gesto teatrale e della parola, con precise finalit\u00e0 drammaturgiche. Nel \u00a01973 fonda il Tanztheater Wuppertal Pina Bausch, cambiando nome al gi\u00e0 esistente corpo di ballo di Wuppertal. I suoi spettacoli riscuotono fin da principio un indiscusso successo, accumulando riconoscimenti in tutto il mondo. I primi lavori sono ispirati a capolavori artistici, letterari e teatrali, come ad esempio Le sacre du printemps del 1975. Con Caf\u00e9 M\u00fcller (1978), uno dei suoi spettacoli pi\u00f9 celebri, composto sulle musiche di Henry Purcell, si assiste ad una svolta decisiva nello stile e nei contenuti. Mentre le prime opere sono animate da una dura critica alla societ\u00e0 consumistica e ai suoi valori, le opere pi\u00f9 mature approfondiscono sia il contrasto uomo-societ\u00e0, sia la visione intima della coreografa e dei suoi danzatori, che sono chiamati direttamente ad esprimere le proprie personali interpretazioni dei sentimenti. Infatti essi non ricoprono solamente il ruolo di danzatori, ma anche quello di attori e di autori dell&#8217;opera. Un altro elemento di novit\u00e0 \u00e8 costituito dall&#8217;interazione tra i danzatori e la molteplicit\u00e0 di materiali scenici di derivazione strettamente teatrale &#8211; come le sedie del Caf\u00e9 M\u00fcller &#8211; che la Bausch inserisce nelle sue composizioni. Da citare anche il legame interpersonale che seppe sempre intracciare coi suoi allievi, basato su un rapporto di reciproco rispetto e di affetto mai gridato ma profondissimo. Lo si evince anche dall&#8217;intenso film-documentario Pina dedicatole da Wim Wenders nel 2011 e presentato al 61\u00b0 Festival di Berlino.Riconoscimenti [modifica]La Biennale Teatro di Venezia, diretta da Franco Quadri, nel 1985 alla Fenice dedica una retrospettiva agli spettacoli di Pina Bausch e del suo Tanztheater.Tra i numerosi premi vinti dalla Bausch per la sua attivit\u00e0 con il corpo di ballo del Tanztheater Wuppertal Pina Bausch sono da ricordare: il Premio Ubu nel 1983 per il miglior spettacolo straniero; un secondo Premio Ubu assegnato nel 1990 e un terzo nel 1997. Nel 1999 le viene attribuito il Premio Europa per il Teatro e la laurea honoris causa in arti performative dall&#8217;Universit\u00e0 di Bologna. Nel 2003, a Parigi, viene nominata Cavaliere dell&#8217;ordine nazionale della Legion d&#8217;onore, mentre nel 2006, a Londra, le viene conferito il Laurence Olivier Award e viene nominata direttrice onoraria dell&#8217;Accademia Nazionale di Danza di Roma<\/p>\n<p><strong>I Magazzini Criminali<\/strong> furono una compagnia teatrale di Firenze della postavanguardia italiana. Il gruppo cambi\u00f2 nome tre volte: Prima Il Carrozzone (1972), poi Magazzini Criminali e in seguito semplicemente I Magazzini. Oggi parte del gruppo lavora con la Compagnia Lombardi-Tiezzi.<\/p>\n<p>Il Carrozzone\u00a0 Il nucleo artistico originario era formato da Federico Tiezzi (regista), Marion d&#8217;Amburgo (attrice) e Sandro Lombardi (attore), che furono il perno per le varie reincarnazioni della compagnia. La compagnia in questo periodo fu premiata per due anni consecutivi (1978, 1979), come miglior gruppo di teatro sperimentale con il Premio Ubu.Magazzini Criminali\u00a0 Il loro primo spettacolo come Magazzini Criminali dal titolo Crollo Nervoso gli diede subito un lungo tour europeo, portandoli al conseguimento di un Premio Ubu come miglior scenografia.<\/p>\n<p>Tra il 17 ed il 20 luglio 1981 si svolge a Bologna il festival ELECTRA1 &#8211; Festival per i fantasmi del futuro, al quale partecipano con un concerto assieme a musicisti come Bauhaus, DNA, Brian Eno, Peter Gordon, i Chrome, The Lounge Lizards, i N.O.I.A., i Gaznevada, i Band-Aid ed i Rats[1].Nel 1984 gli fu assegnato il Premio Ubu come miglior spettacolo dell&#8217; anno per Genet a Tangeri<\/p>\n<p><strong>Amelio &#8220;Mem\u00e8&#8221; Perlini<\/strong> (1947) \u00e8 un attore, regista, sceneggiatore, drammaturgo e scenografo italiano, attivo in cinema, teatro e televisione.Nato in una famiglia di girovaghi proprietari di giostre da luna park che battevano la Bassa padana (origini che si rifletteranno sulla sua formazione artistica), sostenitore del surrealismo e dell&#8217;arte concettuale, \u00e8 considerato fra gli esponenti pi\u00f9 rappresentativi dell&#8217;avanguardia teatrale italiana di scuola romana]Come appassionato di pittura ha avuto, in ambito teatrale, esperienze di scenografia. Ha studiato all&#8217;Accademia di Belle Arti iniziando a Roma l&#8217;attivit\u00e0 professionale proprio come illustratore e, poi, scenografo al Teatro dei Folli.Amico ed allievo di Lindsay Kemp, attore debuttante in teatro con Giancarlo Nanni, \u00e8 stato poi co-fondatore nel 1973 del Teatro La Maschera. La sua prima regia teatrale ha riguardato la pi\u00e8ce Pirandello chi?. Tra gli altri suoi lavori figura anche La lupa (adattamento teatrale dalla novella di Giovanni Verga, rappresentato nel 1992).<\/p>\n<p>&nbsp;<\/p>\n<p>&nbsp;<\/p>\n<p>&nbsp;<\/p>\n<p>&nbsp;<\/p>\n","protected":false},"excerpt":{"rendered":"<p>COMUNICATO STAMPA TITOLO:\u00a0 RICCARDO DE ANTONIS \u201cA LUCE ARTIFICIALE\u201d Fotografie di spettacoli di Pina Busch, Mem\u00e8 Perlini e\u00a0 Magazzini criminali A CURA DI: ENRICO PULSONI E PIERFRANCESCO GIANNANGELI ORGANIZZAZIONE: Accademia di Belle Arti di Macerata, Societ\u00e0 Filarmonica Drammatica di Macerata e Art Club Studio LUOGO: \u00a0Societ\u00e0 Filarmonica Drammatica di Macerata via Antonio Gramsci 30 DATA:\u00a0 [&hellip;]<\/p>\n","protected":false},"author":29,"featured_media":8347,"comment_status":"open","ping_status":"open","sticky":false,"template":"","format":"standard","meta":[],"categories":[7],"tags":[],"_links":{"self":[{"href":"http:\/\/www.prolocodeliceto.it\/zeroweb\/index.php?rest_route=\/wp\/v2\/posts\/8346"}],"collection":[{"href":"http:\/\/www.prolocodeliceto.it\/zeroweb\/index.php?rest_route=\/wp\/v2\/posts"}],"about":[{"href":"http:\/\/www.prolocodeliceto.it\/zeroweb\/index.php?rest_route=\/wp\/v2\/types\/post"}],"author":[{"embeddable":true,"href":"http:\/\/www.prolocodeliceto.it\/zeroweb\/index.php?rest_route=\/wp\/v2\/users\/29"}],"replies":[{"embeddable":true,"href":"http:\/\/www.prolocodeliceto.it\/zeroweb\/index.php?rest_route=%2Fwp%2Fv2%2Fcomments&post=8346"}],"version-history":[{"count":1,"href":"http:\/\/www.prolocodeliceto.it\/zeroweb\/index.php?rest_route=\/wp\/v2\/posts\/8346\/revisions"}],"predecessor-version":[{"id":8348,"href":"http:\/\/www.prolocodeliceto.it\/zeroweb\/index.php?rest_route=\/wp\/v2\/posts\/8346\/revisions\/8348"}],"wp:featuredmedia":[{"embeddable":true,"href":"http:\/\/www.prolocodeliceto.it\/zeroweb\/index.php?rest_route=\/wp\/v2\/media\/8347"}],"wp:attachment":[{"href":"http:\/\/www.prolocodeliceto.it\/zeroweb\/index.php?rest_route=%2Fwp%2Fv2%2Fmedia&parent=8346"}],"wp:term":[{"taxonomy":"category","embeddable":true,"href":"http:\/\/www.prolocodeliceto.it\/zeroweb\/index.php?rest_route=%2Fwp%2Fv2%2Fcategories&post=8346"},{"taxonomy":"post_tag","embeddable":true,"href":"http:\/\/www.prolocodeliceto.it\/zeroweb\/index.php?rest_route=%2Fwp%2Fv2%2Ftags&post=8346"}],"curies":[{"name":"wp","href":"https:\/\/api.w.org\/{rel}","templated":true}]}}