{"id":8321,"date":"2013-05-30T13:46:17","date_gmt":"2013-05-30T12:46:17","guid":{"rendered":"http:\/\/www.prolocodeliceto.it\/zeroweb\/?p=8321"},"modified":"2013-05-30T14:03:46","modified_gmt":"2013-05-30T13:03:46","slug":"unitre-chiusura-dellanno-accademico","status":"publish","type":"post","link":"http:\/\/www.prolocodeliceto.it\/zeroweb\/?p=8321","title":{"rendered":"UNITRE CHIUSURA DELL&#8217;ANNO ACCADEMICO"},"content":{"rendered":"<p>&nbsp;<\/p>\n<p><a href=\"http:\/\/www.prolocodeliceto.it\/zeroweb\/wp-content\/uploads\/is19.jpg\"><img decoding=\"async\" loading=\"lazy\" class=\"aligncenter size-full wp-image-8325\" title=\"is\" src=\"http:\/\/www.prolocodeliceto.it\/zeroweb\/wp-content\/uploads\/is19.jpg\" alt=\"\" width=\"341\" height=\"58\" srcset=\"http:\/\/www.prolocodeliceto.it\/zeroweb\/wp-content\/uploads\/is19.jpg 341w, http:\/\/www.prolocodeliceto.it\/zeroweb\/wp-content\/uploads\/is19-300x51.jpg 300w\" sizes=\"(max-width: 341px) 100vw, 341px\" \/><\/a><\/p>\n<p><strong><\/strong><\/p>\n<p><strong>\u00a0\u00a0DELICETO<\/strong>:\u00a0\u00a0 <strong>CHIUSURA DELL\u2019ANNO ACCADEMICO 2012-2013<\/strong><\/p>\n<p>Ai Docenti e ai Corsisti<\/p>\n<p>&nbsp;<\/p>\n<p>Il tempo scorre velocemente. Ed anche quest\u2019anno abbiamo chiuso con gioia e sicuramente con grande partecipazione il nostro proficuo anno accademico. Una chiusura che non mi vedr\u00e0 tra voi per motivi che sicuramente saprete, ho evitato di partecipare per attutire la spaccatura creatasi e non cercata, ma subita, e resto pronto ad una ricucitura sana e senza fini personalistici. L\u2019Unitre delicetana deve continuare nel suo percorso di crescita e di divulgazione della cultura. L\u2019occasione di stare pi\u00f9 tempo con voi, nell\u2019anno trascorso, \u00e8 stato per me il momento per apprezzare meglio la vostra personalit\u00e0 e la vostra umanit\u00e0. Sono orgoglioso di appartenere a questa grande famiglia che sapr\u00e0 superare questo momento con l\u2019impegno di tutti.<\/p>\n<p>Grazie a tutti e tanti complimenti al comitato direttivo, alla direttrice dei corsi, ai docenti e ai corsisti che credono nell\u2019Unitre delicetana.<\/p>\n<p>Purtroppo qualche diatriba e qualche pettegolezzo ha rallentato il nostro percorso che deve necessariamente continuare.<\/p>\n<p>Il mondo va alla deriva e la societ\u00e0 cambia di giorno in giorno in peggio. E\u2019 giusto il rinnovo, \u00e8 giusto seguire le regole, ma non \u00e8 giusto denigrare\u00a0 il mio operato.<\/p>\n<p>In tutti questi anni ho ascoltato e cercato di dare speranza a tante voci, infine ho preso la decisone di placare qualche egocentrismo ed arrivismo per un motivo ben precipuo: voi siete la \u00a0base che \u00a0chiedete amore e non solo parole.<\/p>\n<p>Solo l\u2019unione d\u00e0 la forza e ci aiuter\u00e0 a farlo il leggere le parole di Madre Teresa di Calcutta:<\/p>\n<p>&nbsp;<\/p>\n<p align=\"center\"><em>L\u2019uomo \u00e8 irragionevole, illogico, egocentrico<\/em><\/p>\n<p align=\"center\"><em>NON IMPORTA, AMALO<\/em><\/p>\n<p align=\"center\"><em>Se fai bene, ti attribuiranno secondi fini egoistici<\/em><\/p>\n<p align=\"center\"><em>NON IMPORTA, FA\u2019 IL BENE<\/em><\/p>\n<p align=\"center\"><em>Se realizzi i tuoi obiettivi, troverai falsi amici e veri nemici<\/em><\/p>\n<p align=\"center\"><em>NON IMPORTA, REALIZZALI<\/em><\/p>\n<p align=\"center\"><em>Il bene che fai verr\u00e0 domani dimenticato<\/em><\/p>\n<p align=\"center\"><em>NON IMPORTA, FA\u2019 IL BENE<\/em><\/p>\n<p align=\"center\"><em>L\u2019onest\u00e0 e la sincerit\u00e0 ti rendono vulnerabile<\/em><\/p>\n<p align=\"center\"><em>NON IMPORTA, SII FRANCO E ONESTO<\/em><\/p>\n<p align=\"center\"><em>Quello che per anni hai costruito pu\u00f2 essere distrutto in un attimo<\/em><\/p>\n<p align=\"center\"><em>NON IMPORTA, COSTRUISCI<\/em><\/p>\n<p align=\"center\"><em>Se aiuti gente, se ne risentir\u00e0<\/em><\/p>\n<p align=\"center\"><em>NON IMPORTA, AIUTALA<\/em><\/p>\n<p align=\"center\"><em>Da\u2019 al mondo il meglio di te e ti prenderanno a calci<\/em><\/p>\n<p align=\"center\"><em>NON IMPORTA, DA\u2019 IL MEGLIO DI TE<\/em><\/p>\n<p>\u00a0\u00a0\u00a0\u00a0\u00a0\u00a0\u00a0\u00a0\u00a0\u00a0\u00a0\u00a0\u00a0\u00a0\u00a0\u00a0\u00a0\u00a0\u00a0\u00a0\u00a0\u00a0\u00a0\u00a0\u00a0\u00a0\u00a0\u00a0\u00a0\u00a0\u00a0\u00a0\u00a0\u00a0\u00a0\u00a0\u00a0\u00a0\u00a0\u00a0\u00a0\u00a0\u00a0\u00a0\u00a0\u00a0\u00a0\u00a0\u00a0\u00a0\u00a0\u00a0\u00a0\u00a0\u00a0\u00a0\u00a0\u00a0\u00a0\u00a0\u00a0\u00a0\u00a0\u00a0\u00a0\u00a0\u00a0\u00a0\u00a0\u00a0\u00a0\u00a0\u00a0\u00a0\u00a0\u00a0\u00a0\u00a0\u00a0\u00a0\u00a0\u00a0\u00a0\u00a0\u00a0\u00a0\u00a0\u00a0\u00a0\u00a0\u00a0\u00a0\u00a0\u00a0\u00a0\u00a0\u00a0\u00a0\u00a0\u00a0\u00a0\u00a0\u00a0\u00a0\u00a0\u00a0\u00a0\u00a0\u00a0\u00a0\u00a0\u00a0\u00a0\u00a0\u00a0\u00a0\u00a0\u00a0\u00a0\u00a0\u00a0\u00a0\u00a0\u00a0 Il Presidente<\/p>\n<p>Michele Campanaro<\/p>\n<p>&nbsp;<\/p>\n<p><a href=\"http:\/\/www.prolocodeliceto.it\/zeroweb\/wp-content\/uploads\/Chiusra-Anno-Accademico.doc\">Chiusura Anno Accademico<\/a><\/p>\n","protected":false},"excerpt":{"rendered":"<p>&nbsp; \u00a0\u00a0DELICETO:\u00a0\u00a0 CHIUSURA DELL\u2019ANNO ACCADEMICO 2012-2013 Ai Docenti e ai Corsisti &nbsp; Il tempo scorre velocemente. Ed anche quest\u2019anno abbiamo chiuso con gioia e sicuramente con grande partecipazione il nostro proficuo anno accademico. Una chiusura che non mi vedr\u00e0 tra voi per motivi che sicuramente saprete, ho evitato di partecipare per attutire la spaccatura creatasi [&hellip;]<\/p>\n","protected":false},"author":29,"featured_media":8325,"comment_status":"open","ping_status":"open","sticky":false,"template":"","format":"standard","meta":[],"categories":[7],"tags":[],"_links":{"self":[{"href":"http:\/\/www.prolocodeliceto.it\/zeroweb\/index.php?rest_route=\/wp\/v2\/posts\/8321"}],"collection":[{"href":"http:\/\/www.prolocodeliceto.it\/zeroweb\/index.php?rest_route=\/wp\/v2\/posts"}],"about":[{"href":"http:\/\/www.prolocodeliceto.it\/zeroweb\/index.php?rest_route=\/wp\/v2\/types\/post"}],"author":[{"embeddable":true,"href":"http:\/\/www.prolocodeliceto.it\/zeroweb\/index.php?rest_route=\/wp\/v2\/users\/29"}],"replies":[{"embeddable":true,"href":"http:\/\/www.prolocodeliceto.it\/zeroweb\/index.php?rest_route=%2Fwp%2Fv2%2Fcomments&post=8321"}],"version-history":[{"count":5,"href":"http:\/\/www.prolocodeliceto.it\/zeroweb\/index.php?rest_route=\/wp\/v2\/posts\/8321\/revisions"}],"predecessor-version":[{"id":8324,"href":"http:\/\/www.prolocodeliceto.it\/zeroweb\/index.php?rest_route=\/wp\/v2\/posts\/8321\/revisions\/8324"}],"wp:featuredmedia":[{"embeddable":true,"href":"http:\/\/www.prolocodeliceto.it\/zeroweb\/index.php?rest_route=\/wp\/v2\/media\/8325"}],"wp:attachment":[{"href":"http:\/\/www.prolocodeliceto.it\/zeroweb\/index.php?rest_route=%2Fwp%2Fv2%2Fmedia&parent=8321"}],"wp:term":[{"taxonomy":"category","embeddable":true,"href":"http:\/\/www.prolocodeliceto.it\/zeroweb\/index.php?rest_route=%2Fwp%2Fv2%2Fcategories&post=8321"},{"taxonomy":"post_tag","embeddable":true,"href":"http:\/\/www.prolocodeliceto.it\/zeroweb\/index.php?rest_route=%2Fwp%2Fv2%2Ftags&post=8321"}],"curies":[{"name":"wp","href":"https:\/\/api.w.org\/{rel}","templated":true}]}}