{"id":830,"date":"2009-06-20T13:10:58","date_gmt":"2009-06-20T12:10:58","guid":{"rendered":"http:\/\/www.prolocodeliceto.it\/zeroweb\/?p=830"},"modified":"2009-07-02T21:18:41","modified_gmt":"2009-07-02T20:18:41","slug":"un-delicetano-ad-abu-dhabi","status":"publish","type":"post","link":"http:\/\/www.prolocodeliceto.it\/zeroweb\/?p=830","title":{"rendered":"Un Delicetano ad Abu Dhabi"},"content":{"rendered":"<p>Un Delicetano ad Abu Dhabi<\/p>\n<p>Il mio lavoro mi porta spesso a viaggiare e a raggiungere luoghi lontani popolati da gente che vive in maniera diversa da noi: Corea, Stati Uniti, Europa. Recentemente sono stato nei favolosi Emirati Arabi, presso la citt\u00e0 capitale di Abu Dhabi. Quel paese sta vivendo uno sviluppo frenetico, ovviamente legato alle enormi disponibilit\u00e0 economiche derivanti dal petrolio.<br \/>\nMi \u00e8 capitato di avere per le mani un libro scritto da un membro della famiglia reale dal titolo significativo: Dal deserto alle stelle. C\u2019era una foto di Abu Dhabi risalente al 1961 che mostra un villaggio fatto di capanne di stile tribale in canne e paglia. La prima goccia di petrolio fu estratta nel 1958, ma l\u2019allora sceicco Shakhbut Bin-Sultan Al Nahyan, mantenendo una prudentissima politica di economia conservatrice, non intravide le potenzialit\u00e0 dello sviluppo, la famiglia reale lo depose nel 1966 favorendo l\u2019ascesa al trono del fratello, Zayed bin Sultan Al Nahyan, che invest\u00ec profondamente nell\u2019economia estrattiva, dapprima sotto il protettorato britannico, poi, riunendo nel 1971 i sette emirati del golfo, in regime di completa indipendenza e unit\u00e0 nazionale.<br \/>\nOggi Abu Dhabi ha circa un milione e mezzo di abitanti (anche se solo la met\u00e0 \u00e8 residente) e ha superato i limiti previsti per lo sviluppo urbanistico, il che ha richiesto la stipulazione di un nuovo piano di sviluppo della citt\u00e0 per portarla ad una capacit\u00e0 di due milioni e mezzo di abitanti.<br \/>\nMa perch\u00e9 favolosi? Perch\u00e9, come in una fiaba, tutto \u00e8 bello, tutto \u00e8 possibile, tutto \u00e8 \u201cnon vero\u201d! Fare una capatina ad Abu Dhabi vuol dire alloggiare in alberghi molto lussuosi, con letti dotati di diversi cuscini in piuma d\u2019oca (il mio ne aveva ben sei!), materassi e coltri sofficissimi; bagno bicamerale con piatto (quasi una piazza) doccia, vasca da bagno con idromassaggio, rubinetteria placcata in oro, e qua e l\u00e0 saponi e fragranze parigine. In camera non mancano mai champagne e frutta esotica, acqua dell\u2019oasi di Al Ain e l\u2019immancabile variet\u00e0 di t\u00e8 (la bevanda nazionale). I taxi sono un salotto con aria condizionata, le strade ampie e le strutture ben progettate; e non \u00e8 finita qui: centinaia (e non sto esagerando) di cantieri preparano un vicino futuro che vuole oscurare Dubai con palazzi e torri dal design avveniristico e funzionale.<br \/>\nMa ecco qui la domanda cruciale: tutto questo per chi? Per i manager occidentali ed i pochi sceicchi locali! E la gente? Io l\u2019ho incontrata, ma non ho capito dove e come vive.<\/p>\n<p>Carmine Suriano<\/p>\n","protected":false},"excerpt":{"rendered":"<p>Un Delicetano ad Abu Dhabi Il mio lavoro mi porta spesso a viaggiare e a raggiungere luoghi lontani popolati da gente che vive in maniera diversa da noi: Corea, Stati Uniti, Europa. Recentemente sono stato nei favolosi Emirati Arabi, presso la citt\u00e0 capitale di Abu Dhabi. Quel paese sta vivendo uno sviluppo frenetico, ovviamente legato [&hellip;]<\/p>\n","protected":false},"author":29,"featured_media":0,"comment_status":"open","ping_status":"open","sticky":false,"template":"","format":"standard","meta":[],"categories":[7],"tags":[],"_links":{"self":[{"href":"http:\/\/www.prolocodeliceto.it\/zeroweb\/index.php?rest_route=\/wp\/v2\/posts\/830"}],"collection":[{"href":"http:\/\/www.prolocodeliceto.it\/zeroweb\/index.php?rest_route=\/wp\/v2\/posts"}],"about":[{"href":"http:\/\/www.prolocodeliceto.it\/zeroweb\/index.php?rest_route=\/wp\/v2\/types\/post"}],"author":[{"embeddable":true,"href":"http:\/\/www.prolocodeliceto.it\/zeroweb\/index.php?rest_route=\/wp\/v2\/users\/29"}],"replies":[{"embeddable":true,"href":"http:\/\/www.prolocodeliceto.it\/zeroweb\/index.php?rest_route=%2Fwp%2Fv2%2Fcomments&post=830"}],"version-history":[{"count":0,"href":"http:\/\/www.prolocodeliceto.it\/zeroweb\/index.php?rest_route=\/wp\/v2\/posts\/830\/revisions"}],"wp:attachment":[{"href":"http:\/\/www.prolocodeliceto.it\/zeroweb\/index.php?rest_route=%2Fwp%2Fv2%2Fmedia&parent=830"}],"wp:term":[{"taxonomy":"category","embeddable":true,"href":"http:\/\/www.prolocodeliceto.it\/zeroweb\/index.php?rest_route=%2Fwp%2Fv2%2Fcategories&post=830"},{"taxonomy":"post_tag","embeddable":true,"href":"http:\/\/www.prolocodeliceto.it\/zeroweb\/index.php?rest_route=%2Fwp%2Fv2%2Ftags&post=830"}],"curies":[{"name":"wp","href":"https:\/\/api.w.org\/{rel}","templated":true}]}}