{"id":82,"date":"2008-03-01T09:11:40","date_gmt":"2008-03-01T07:11:40","guid":{"rendered":"http:\/\/www.prolocodeliceto.it\/zeroweb\/?p=82"},"modified":"2008-03-01T09:11:40","modified_gmt":"2008-03-01T07:11:40","slug":"museo-etnografico","status":"publish","type":"post","link":"http:\/\/www.prolocodeliceto.it\/zeroweb\/?p=82","title":{"rendered":"Museo Etnografico"},"content":{"rendered":"<p>La Pro Loco Deliceto raccoglie materiale della civilt\u00e0 contadina per il costituente museo etnografico.<\/p>\n<p>Chiunque \u00e8 interessato pu\u00f2 contattare la Pro Loco.<\/p>\n","protected":false},"excerpt":{"rendered":"<p>La Pro Loco Deliceto raccoglie materiale della civilt\u00e0 contadina per il costituente museo etnografico. Chiunque \u00e8 interessato pu\u00f2 contattare la Pro Loco.<\/p>\n","protected":false},"author":2,"featured_media":0,"comment_status":"open","ping_status":"open","sticky":false,"template":"","format":"standard","meta":[],"categories":[12],"tags":[],"_links":{"self":[{"href":"http:\/\/www.prolocodeliceto.it\/zeroweb\/index.php?rest_route=\/wp\/v2\/posts\/82"}],"collection":[{"href":"http:\/\/www.prolocodeliceto.it\/zeroweb\/index.php?rest_route=\/wp\/v2\/posts"}],"about":[{"href":"http:\/\/www.prolocodeliceto.it\/zeroweb\/index.php?rest_route=\/wp\/v2\/types\/post"}],"author":[{"embeddable":true,"href":"http:\/\/www.prolocodeliceto.it\/zeroweb\/index.php?rest_route=\/wp\/v2\/users\/2"}],"replies":[{"embeddable":true,"href":"http:\/\/www.prolocodeliceto.it\/zeroweb\/index.php?rest_route=%2Fwp%2Fv2%2Fcomments&post=82"}],"version-history":[{"count":0,"href":"http:\/\/www.prolocodeliceto.it\/zeroweb\/index.php?rest_route=\/wp\/v2\/posts\/82\/revisions"}],"wp:attachment":[{"href":"http:\/\/www.prolocodeliceto.it\/zeroweb\/index.php?rest_route=%2Fwp%2Fv2%2Fmedia&parent=82"}],"wp:term":[{"taxonomy":"category","embeddable":true,"href":"http:\/\/www.prolocodeliceto.it\/zeroweb\/index.php?rest_route=%2Fwp%2Fv2%2Fcategories&post=82"},{"taxonomy":"post_tag","embeddable":true,"href":"http:\/\/www.prolocodeliceto.it\/zeroweb\/index.php?rest_route=%2Fwp%2Fv2%2Ftags&post=82"}],"curies":[{"name":"wp","href":"https:\/\/api.w.org\/{rel}","templated":true}]}}