{"id":8114,"date":"2013-04-23T08:00:25","date_gmt":"2013-04-23T07:00:25","guid":{"rendered":"http:\/\/www.prolocodeliceto.it\/zeroweb\/?p=8114"},"modified":"2013-05-02T22:04:50","modified_gmt":"2013-05-02T21:04:50","slug":"comunicato-2","status":"publish","type":"post","link":"http:\/\/www.prolocodeliceto.it\/zeroweb\/?p=8114","title":{"rendered":"COMUNICATO"},"content":{"rendered":"<p align=\"center\"><a href=\"http:\/\/www.prolocodeliceto.it\/zeroweb\/wp-content\/uploads\/is4.jpg\"><img decoding=\"async\" loading=\"lazy\" class=\"aligncenter size-full wp-image-8115\" title=\"is\" src=\"http:\/\/www.prolocodeliceto.it\/zeroweb\/wp-content\/uploads\/is4.jpg\" alt=\"\" width=\"414\" height=\"412\" srcset=\"http:\/\/www.prolocodeliceto.it\/zeroweb\/wp-content\/uploads\/is4.jpg 414w, http:\/\/www.prolocodeliceto.it\/zeroweb\/wp-content\/uploads\/is4-150x150.jpg 150w, http:\/\/www.prolocodeliceto.it\/zeroweb\/wp-content\/uploads\/is4-300x298.jpg 300w, http:\/\/www.prolocodeliceto.it\/zeroweb\/wp-content\/uploads\/is4-184x184.jpg 184w, http:\/\/www.prolocodeliceto.it\/zeroweb\/wp-content\/uploads\/is4-67x67.jpg 67w, http:\/\/www.prolocodeliceto.it\/zeroweb\/wp-content\/uploads\/is4-130x130.jpg 130w, http:\/\/www.prolocodeliceto.it\/zeroweb\/wp-content\/uploads\/is4-140x140.jpg 140w, http:\/\/www.prolocodeliceto.it\/zeroweb\/wp-content\/uploads\/is4-200x200.jpg 200w\" sizes=\"(max-width: 414px) 100vw, 414px\" \/><\/a><\/p>\n<p align=\"center\">COMUNICATO<\/p>\n<p align=\"center\"><em>Le iniziative del 25 aprile tra soddisfazioni e lievi riflessioni<\/em><\/p>\n<p align=\"center\"><em>\u00a0<\/em><\/p>\n<p>Un 25 aprile splendido, quello che \u00e8 appena trascorso da poche ore!<\/p>\n<p>Sar\u00e0 stato merito del tempo, del chiarore di un cielo inimitabile o dei profumi di fresie e ginestre, che ormai da qualche settimana, dominano incontrastati nell\u2019aria di Canosa.<\/p>\n<p>Uno scorcio \u2026 una visione, gli splendidi paesaggi immortalati da De Nittis, voli di nuvole zuccherose che sormontavano i policromi riflessi delle case antiche di Canosa sul borgo e nel Corso San Sabino.<\/p>\n<p>Perdonate la digressione poetica, ma questo \u00e8 ci\u00f2 che hanno vissuto le centinaia di persone che hanno scelto di festeggiare la Liberazione d\u2019Italia a Canosa. Iniziative? Poche e semplici, tuttavia funzionali.<\/p>\n<p>I musei (Palazzo Iliceto e Palazzo Sinesi) con i loro tesori, non sembravano semplici cattedrali nel deserto ma scrigni da scoprire, ricchi di interrogativi e scorci che a distanza di anni continuano ad affascinare, con i riflessi della pittura rosa delle anfore, dei miti dionisiaci nelle figure, dei culti orfici nelle forme.<\/p>\n<p>La Civilt\u00e0 Dauna che si dispiega nelle spirali di semplici linee geometriche, mentre dalle teche partono riflessi che pi\u00f9 di una macchina fotografica ha voluto immortalare.<\/p>\n<p>La cupola riscoperta della Cattedrale di San Sabino, con il suo misticismo concentrico, invitava a riflettere sulla profondit\u00e0 del primo cristianesimo, con uno sguardo sempre pi\u00f9 profondo verso un oriente oggi irriconoscibile.<\/p>\n<p>Il Battistero, svettante su un prato fiorito, sembrava posarsi sulle delicate spighe, quasi a simbolo di un\u2019ancestrale armonia. E\u2019 questo quello che il visitatore ha pi\u00f9 volte riferito. Un senso di armonia, bello a sentirsi e a vedersi.<\/p>\n<p>San Leucio, con i suoi capitelli dai volti decisi e le colonne tra gli ulivi secolari. Persone che decidono di passeggiare tra i viottoli tufacei, tra piante silenziose, tra persone a cavallo.<\/p>\n<p>Peccato che in pochi abbiano visto gli Ipogei Lagrasta. Si addita contro la mancanza dei cartelli turistici, che comunque hanno portato tutti alle altre destinazioni!. Tutto \u00e8 migliorabile \u2026 con un sorriso in pi\u00f9 e un buon piatto di cucina di tutti i ristoratori della Citt\u00e0, veri esperti della tradizione culinaria. Tra fave fresche e pane fragrante, un buon goccio di Nero di Troia, in ricordo della visita di Ungaretti.<\/p>\n<p>Solo che le case non sono pi\u00f9 semplici bussolotti bianchi dai tetti di terracotta \u2026 e ancora oggi molti visitatori, scoprono questa terra meravigliosa e i suoi sapori, inscindibilmente fusi con la cultura archeologica e paesaggistica. Peccato il dover rispondere sull\u2019interrogativo di un Museo Nazionale, ma siamo fiduciosi nelle Istituzioni preposte, sapendo che non rimarranno insensibili alle richieste di un mutato orgoglio locale, che chiede di essere rappresentato per quello che \u00e8 e quello che potrebbe diventare.<\/p>\n<p>Consola e arricchisce il sentirsi dire che i Palazzi adibiti ad esposizioni e Musei, siano dei veri e inaspettati gioielli, ripagando tutti della dedizione quotidiana e del lavoro speso per renderli tali.<\/p>\n<p>Un grazie a tutti coloro che hanno scelto Canosa per ricordare la Liberazione. Un grazie a coloro che l\u2019hanno riempita di fiori e di sapori, cos\u00ec che quando la giornata \u00e8 finita abbiamo avvertito quel senso di soddisfazione che vale molto pi\u00f9 di tante altre cose.<\/p>\n<p align=\"center\"><em>Canosa di Puglia \u2013 Dove vivere la Storia \u00e8 sempre una emozione diversa!<\/em><\/p>\n<p align=\"center\"><em>\u00a0<\/em><\/p>\n<p align=\"right\"><em>Sandro Giuseppe Sardella<\/em><\/p>\n","protected":false},"excerpt":{"rendered":"<p>COMUNICATO Le iniziative del 25 aprile tra soddisfazioni e lievi riflessioni \u00a0 Un 25 aprile splendido, quello che \u00e8 appena trascorso da poche ore! Sar\u00e0 stato merito del tempo, del chiarore di un cielo inimitabile o dei profumi di fresie e ginestre, che ormai da qualche settimana, dominano incontrastati nell\u2019aria di Canosa. Uno scorcio \u2026 [&hellip;]<\/p>\n","protected":false},"author":29,"featured_media":8115,"comment_status":"open","ping_status":"open","sticky":false,"template":"","format":"standard","meta":[],"categories":[7],"tags":[],"_links":{"self":[{"href":"http:\/\/www.prolocodeliceto.it\/zeroweb\/index.php?rest_route=\/wp\/v2\/posts\/8114"}],"collection":[{"href":"http:\/\/www.prolocodeliceto.it\/zeroweb\/index.php?rest_route=\/wp\/v2\/posts"}],"about":[{"href":"http:\/\/www.prolocodeliceto.it\/zeroweb\/index.php?rest_route=\/wp\/v2\/types\/post"}],"author":[{"embeddable":true,"href":"http:\/\/www.prolocodeliceto.it\/zeroweb\/index.php?rest_route=\/wp\/v2\/users\/29"}],"replies":[{"embeddable":true,"href":"http:\/\/www.prolocodeliceto.it\/zeroweb\/index.php?rest_route=%2Fwp%2Fv2%2Fcomments&post=8114"}],"version-history":[{"count":5,"href":"http:\/\/www.prolocodeliceto.it\/zeroweb\/index.php?rest_route=\/wp\/v2\/posts\/8114\/revisions"}],"predecessor-version":[{"id":8117,"href":"http:\/\/www.prolocodeliceto.it\/zeroweb\/index.php?rest_route=\/wp\/v2\/posts\/8114\/revisions\/8117"}],"wp:featuredmedia":[{"embeddable":true,"href":"http:\/\/www.prolocodeliceto.it\/zeroweb\/index.php?rest_route=\/wp\/v2\/media\/8115"}],"wp:attachment":[{"href":"http:\/\/www.prolocodeliceto.it\/zeroweb\/index.php?rest_route=%2Fwp%2Fv2%2Fmedia&parent=8114"}],"wp:term":[{"taxonomy":"category","embeddable":true,"href":"http:\/\/www.prolocodeliceto.it\/zeroweb\/index.php?rest_route=%2Fwp%2Fv2%2Fcategories&post=8114"},{"taxonomy":"post_tag","embeddable":true,"href":"http:\/\/www.prolocodeliceto.it\/zeroweb\/index.php?rest_route=%2Fwp%2Fv2%2Ftags&post=8114"}],"curies":[{"name":"wp","href":"https:\/\/api.w.org\/{rel}","templated":true}]}}