{"id":8095,"date":"2013-04-23T21:34:32","date_gmt":"2013-04-23T20:34:32","guid":{"rendered":"http:\/\/www.prolocodeliceto.it\/zeroweb\/?p=8095"},"modified":"2013-04-23T21:34:32","modified_gmt":"2013-04-23T20:34:32","slug":"concorso-oleario","status":"publish","type":"post","link":"http:\/\/www.prolocodeliceto.it\/zeroweb\/?p=8095","title":{"rendered":"CONCORSO OLEARIO"},"content":{"rendered":"<p><strong><span style=\"text-decoration: underline;\"><span style=\"font-size: large;\"><a href=\"http:\/\/www.prolocodeliceto.it\/zeroweb\/wp-content\/uploads\/Oli-candidati_20121.jpg\"><img decoding=\"async\" loading=\"lazy\" class=\"aligncenter  wp-image-8097\" title=\"Oli candidati_2012\" src=\"http:\/\/www.prolocodeliceto.it\/zeroweb\/wp-content\/uploads\/Oli-candidati_20121.jpg\" alt=\"\" width=\"492\" height=\"352\" \/><\/a><\/span><\/span><\/strong><\/p>\n<p><strong><span style=\"text-decoration: underline;\"><span style=\"font-size: large;\"><\/span><\/span><\/strong><\/p>\n<p><strong><span style=\"text-decoration: underline;\"><span style=\"font-size: large;\">COMUNICATO STAMPA<\/span><\/span><\/strong><\/p>\n<p align=\"center\"><span style=\"font-size: xx-large;\"><strong>Concorso Oleario: dal 9 Maggio le selezioni. <\/strong><strong>Domenica 26 Maggio premiazione con l\u2019On. Mongiello<\/strong><\/span><\/p>\n<p align=\"center\"><strong><em>E dal prossimo anno il concorso \u201cGocce d\u2019Oro\u201d cambier\u00e0 nome e marchio\u00a0<\/em><\/strong><\/p>\n<p align=\"center\">\n<p>Si sono chiuse da qualche giorno le iscrizioni e sono molte anche quest\u2019anno le candidature presentate da olivicoltori, frantoi, oleifici, distributori e piccole aziende agricole della Daunia per il concorso oleario organizzato da <em>A.c.t! Monti Dauni \u2013 Associazione Culturale&amp; Turistica<\/em>, con il patrocinio del Comune di Troia e della Regione Puglia e la collaborazione di Coldiretti, CIA, Camera di Commercio di Foggia, Gal Meridaunia, Universit\u00e0 degli Studi di Foggia, Pro loco di Troia, Consorzio Daunia Verde e Alka Promoservice. <strong>Un concorso che giunge quest\u2019anno alla terza edizione.<\/strong><\/p>\n<p><strong>Inizieranno il 9 maggio \u00a0le operazioni di selezione e degustazione degli oli<\/strong> extravergine d\u2019oliva a cura del Panel di qualit\u00e0 della Camera di Commercio di Foggia. I tre prodotti migliori saranno premiati con un attestato di qualit\u00e0 mentre un premio speciale sar\u00e0 riservato al <strong>miglior olio dei Monti Dauni<\/strong> e un premio particolare a cura di Alka Promoservice sar\u00e0 riservato al <strong>miglior<\/strong> <strong>packaging<\/strong>.\u00a0 Anche quest&#8217;anno, inoltre, vi saranno premi per il <strong>miglior olio BIO, per il miglior olio DOP e un premio speciale &#8220;Km Zero&#8221;<\/strong> per valorizzare il lavoro delle piccole aziende agricole locali.<\/p>\n<p><strong>La premiazione\u00a0avr\u00e0 luogo a Troja, in piazza Cattedrale, Domenica 26 maggio 2013 alle 17.30 alla presenza dell\u2019On. Colomba Mongiello<\/strong>, tra i principali promotore della legge \u201csalva olio Made in Italy\u201d denominata anche \u201clegge Mongiello\u201d proprio dal nome della parlamentare foggiana. La terza edizione del concorso oleario sar\u00e0 anche <strong>l\u2019ultima a denominarsi \u201cGocce d\u2019Oro\u201d<\/strong>, poich\u00e9 \u00e8 stata riscontrata la presenza di un concorso oleario dal nome analogo. Dal prossimo anno, dunque, il concorso oleario cambia nome e si rilancia conservando il medesimo obiettivo: valorizzare l\u2019olio extravergine d\u2019oliva della Daunia.<\/p>\n<p>&nbsp;<\/p>\n<div><strong><strong>Le organizzazioni promotrici<\/strong><\/strong><\/p>\n<div>Per info: 349\/3683651<\/div>\n<\/div>\n","protected":false},"excerpt":{"rendered":"<p>COMUNICATO STAMPA Concorso Oleario: dal 9 Maggio le selezioni. Domenica 26 Maggio premiazione con l\u2019On. Mongiello E dal prossimo anno il concorso \u201cGocce d\u2019Oro\u201d cambier\u00e0 nome e marchio\u00a0 Si sono chiuse da qualche giorno le iscrizioni e sono molte anche quest\u2019anno le candidature presentate da olivicoltori, frantoi, oleifici, distributori e piccole aziende agricole della Daunia [&hellip;]<\/p>\n","protected":false},"author":29,"featured_media":8097,"comment_status":"open","ping_status":"open","sticky":false,"template":"","format":"standard","meta":[],"categories":[7],"tags":[],"_links":{"self":[{"href":"http:\/\/www.prolocodeliceto.it\/zeroweb\/index.php?rest_route=\/wp\/v2\/posts\/8095"}],"collection":[{"href":"http:\/\/www.prolocodeliceto.it\/zeroweb\/index.php?rest_route=\/wp\/v2\/posts"}],"about":[{"href":"http:\/\/www.prolocodeliceto.it\/zeroweb\/index.php?rest_route=\/wp\/v2\/types\/post"}],"author":[{"embeddable":true,"href":"http:\/\/www.prolocodeliceto.it\/zeroweb\/index.php?rest_route=\/wp\/v2\/users\/29"}],"replies":[{"embeddable":true,"href":"http:\/\/www.prolocodeliceto.it\/zeroweb\/index.php?rest_route=%2Fwp%2Fv2%2Fcomments&post=8095"}],"version-history":[{"count":2,"href":"http:\/\/www.prolocodeliceto.it\/zeroweb\/index.php?rest_route=\/wp\/v2\/posts\/8095\/revisions"}],"predecessor-version":[{"id":8099,"href":"http:\/\/www.prolocodeliceto.it\/zeroweb\/index.php?rest_route=\/wp\/v2\/posts\/8095\/revisions\/8099"}],"wp:featuredmedia":[{"embeddable":true,"href":"http:\/\/www.prolocodeliceto.it\/zeroweb\/index.php?rest_route=\/wp\/v2\/media\/8097"}],"wp:attachment":[{"href":"http:\/\/www.prolocodeliceto.it\/zeroweb\/index.php?rest_route=%2Fwp%2Fv2%2Fmedia&parent=8095"}],"wp:term":[{"taxonomy":"category","embeddable":true,"href":"http:\/\/www.prolocodeliceto.it\/zeroweb\/index.php?rest_route=%2Fwp%2Fv2%2Fcategories&post=8095"},{"taxonomy":"post_tag","embeddable":true,"href":"http:\/\/www.prolocodeliceto.it\/zeroweb\/index.php?rest_route=%2Fwp%2Fv2%2Ftags&post=8095"}],"curies":[{"name":"wp","href":"https:\/\/api.w.org\/{rel}","templated":true}]}}