{"id":8081,"date":"2013-04-20T22:12:50","date_gmt":"2013-04-20T21:12:50","guid":{"rendered":"http:\/\/www.prolocodeliceto.it\/zeroweb\/?p=8081"},"modified":"2013-04-20T22:12:50","modified_gmt":"2013-04-20T21:12:50","slug":"percorsi-caravaggeschi","status":"publish","type":"post","link":"http:\/\/www.prolocodeliceto.it\/zeroweb\/?p=8081","title":{"rendered":"PERCORSI CARAVAGGESCHI&#8230;"},"content":{"rendered":"<p><span style=\"font-size: large;\"><strong><span style=\"text-decoration: underline;\"><a href=\"http:\/\/www.prolocodeliceto.it\/zeroweb\/wp-content\/uploads\/Teatri35_tableaux-vivants_3.jpg\"><img decoding=\"async\" loading=\"lazy\" class=\"aligncenter size-full wp-image-8082\" title=\"Teatri35_tableaux vivants_3\" src=\"http:\/\/www.prolocodeliceto.it\/zeroweb\/wp-content\/uploads\/Teatri35_tableaux-vivants_3.jpg\" alt=\"\" width=\"512\" height=\"343\" srcset=\"http:\/\/www.prolocodeliceto.it\/zeroweb\/wp-content\/uploads\/Teatri35_tableaux-vivants_3.jpg 512w, http:\/\/www.prolocodeliceto.it\/zeroweb\/wp-content\/uploads\/Teatri35_tableaux-vivants_3-300x200.jpg 300w, http:\/\/www.prolocodeliceto.it\/zeroweb\/wp-content\/uploads\/Teatri35_tableaux-vivants_3-140x94.jpg 140w\" sizes=\"(max-width: 512px) 100vw, 512px\" \/><\/a><\/span><\/strong><\/span><\/p>\n<p><span style=\"font-size: large;\"><strong><span style=\"text-decoration: underline;\">COMUNICATO STAMPA<\/span><\/strong><\/span><\/p>\n<p align=\"center\"><strong><span style=\"font-size: xx-large;\">Troja, Sabato 4 maggio <\/span><\/strong><strong><span style=\"font-size: xx-large;\">2012\u00a0<\/span> <\/strong>\u00a0<strong><span style=\"font-size: large;\">ORE 18.00, presso l\u2019Ufficio Turistico della citt\u00e0 di Troia, si terr\u00e0 la CONFERENZA<\/span><\/strong><\/p>\n<p align=\"center\"><strong><span style=\"font-size: xx-large;\">\u201cPercorsi Caravaggeschi lungo le vie del Sacro\u201d<\/span><\/strong><\/p>\n<p align=\"center\"><strong><em><span style=\"font-size: large;\">Con la partecipazione della Soprintendente Dott.ssa Marta Ragozzino<\/span><\/em><\/strong><\/p>\n<p align=\"center\">\n<p align=\"center\"><span style=\"font-size: large;\">\u00a0<strong>ORE 20.30, presso la Cattedrale di Troia, si terr\u00e0 lo SPETTACOLO\u00a0<\/strong><\/span><\/p>\n<p align=\"center\"><strong><span style=\"font-size: xx-large;\">\u201cMessa in Luce\u201d<\/span><\/strong><\/p>\n<p align=\"center\"><strong><em><span style=\"font-size: large;\">a cura della compagnia \u201cTeatri 35\u201d<\/span><\/em><\/strong><\/p>\n<p>&nbsp;<\/p>\n<p><span style=\"font-family: Garamond, serif; font-size: medium;\">Parte dai Monti Dauni il nuovo spettacolo sui caravaggeschi lungo le Vie del Sacro.\u00a0<\/span>Sabato 4 Maggio alle ore 18.00, sar\u00e0 presentato a Troja lo <strong>spettacolo di Tableaux Vivants \u201cMessa in Luce\u201d della compagnia Teatri 35<\/strong>, realizzato in collaborazione con A.c.t! Monti Dauni \u2013 Associazione Culturale &amp; Turistica. Il lavoro \u201cMessa in Luce\u201d nasce da uno studio sull\u2019arte sei-settecentesca lungo il tratto pugliese della via Francigena del Sud, una direttrice geografica carica di storia. L\u2019attenzione si \u00e8 concentrata sul tratto che parte dai Monti Dauni, da Troja e arriva a Monte Sant\u2019Angelo ed a Otranto, per poi attraversare il Mediterraneo verso la Terra Santa. Il tema del pellegrinaggio come ricerca interiore ha preso corpo nel lavoro di Teatri 35 ed \u00e8 stato affrontato con la tecnica Tableaux Vivants.<\/p>\n<p>I luoghi centrali del cammino si sono cos\u00ec incontrati con le tracce artistiche pi\u00f9 significative l\u00ec collocate, con pittori che pi\u00f9 di altri hanno saputo cogliere ed immortalare emozioni vive e pulsanti. Da <strong>Vaccaro a Solimena, da Pacecco a Fracanzano, da Preti a Stanzione in \u201cMessa in Luce\u201d Teatri 35 realizza \u00e8 un\u2019elaborazione ideale della Via Francigena attraverso l\u2019Arte<\/strong>, una Messa in Luce di un percorso, o meglio, di percorsi caravaggeschi lungo le vie del Sacro, partendo dai Monti Dauni.<\/p>\n<p>In occasione del debutto dello spettacolo \u201c<strong>Messa in Luce\u201d,<\/strong> si svolger\u00e0 la conferenza dibattito <strong>\u201cpercorsi Caravaggeschi lungo le Vie del Sacro\u201d<\/strong> sul tema dell\u2019arte e dello sviluppo turistico dei percorsi sacri, in particolar modo in riferimento alla via Francigena del Sud. All\u2019iniziativa interverr\u00e0 anche la dott.ssa <strong>Marta Ragozzino<\/strong> Soprintendente per i Beni Storici, Artistici ed Etnoantropologici della Puglia e della Basilicata.<\/p>\n<p>Il lavoro \u00e8 stato reso possibile grazie al progetto \u201cInsieme si pu\u00f2\u201d (programma Bollenti Spiriti della Regione Puglia) e grazie al patrocinio della Citt\u00e0 di Troia, la Diocesi Lucera-Troia e la Soprintendenza per i Beni Storici, Artistici ed Etnoantropologici della Puglia.<\/p>\n<p><strong>Ingresso libero<\/strong><\/p>\n<p><strong>Info<\/strong><\/p>\n<p>Ufficio Turistico:\u00a0393\/9977641<\/p>\n<p>Act! Monti Dauni\u00a0\u00a0 <a href=\"mailto:turismo.montidauni@gmail.com\">turismo.montidauni@gmail.com<\/a>\u00a0 <a href=\"http:\/\/www.actmontidauni.it\/\">www.actmontidauni.it<\/a><\/p>\n<p>Teatri 35\u00a0 <a href=\"mailto:teatri35@gmail.com\">teatri35@gmail.com<\/a>\u00a0\u00a0\u00a0\u00a0\u00a0\u00a0\u00a0\u00a0\u00a0\u00a0\u00a0\u00a0\u00a0\u00a0\u00a0\u00a0\u00a0\u00a0\u00a0\u00a0\u00a0\u00a0\u00a0\u00a0 <a href=\"http:\/\/www.teatri35.it\/\">www.teatri35.it<\/a><\/p>\n<p>&nbsp;<\/p>\n","protected":false},"excerpt":{"rendered":"<p>COMUNICATO STAMPA Troja, Sabato 4 maggio 2012\u00a0 \u00a0ORE 18.00, presso l\u2019Ufficio Turistico della citt\u00e0 di Troia, si terr\u00e0 la CONFERENZA \u201cPercorsi Caravaggeschi lungo le vie del Sacro\u201d Con la partecipazione della Soprintendente Dott.ssa Marta Ragozzino \u00a0ORE 20.30, presso la Cattedrale di Troia, si terr\u00e0 lo SPETTACOLO\u00a0 \u201cMessa in Luce\u201d a cura della compagnia \u201cTeatri 35\u201d [&hellip;]<\/p>\n","protected":false},"author":29,"featured_media":8082,"comment_status":"open","ping_status":"open","sticky":false,"template":"","format":"standard","meta":[],"categories":[7],"tags":[],"_links":{"self":[{"href":"http:\/\/www.prolocodeliceto.it\/zeroweb\/index.php?rest_route=\/wp\/v2\/posts\/8081"}],"collection":[{"href":"http:\/\/www.prolocodeliceto.it\/zeroweb\/index.php?rest_route=\/wp\/v2\/posts"}],"about":[{"href":"http:\/\/www.prolocodeliceto.it\/zeroweb\/index.php?rest_route=\/wp\/v2\/types\/post"}],"author":[{"embeddable":true,"href":"http:\/\/www.prolocodeliceto.it\/zeroweb\/index.php?rest_route=\/wp\/v2\/users\/29"}],"replies":[{"embeddable":true,"href":"http:\/\/www.prolocodeliceto.it\/zeroweb\/index.php?rest_route=%2Fwp%2Fv2%2Fcomments&post=8081"}],"version-history":[{"count":2,"href":"http:\/\/www.prolocodeliceto.it\/zeroweb\/index.php?rest_route=\/wp\/v2\/posts\/8081\/revisions"}],"predecessor-version":[{"id":8084,"href":"http:\/\/www.prolocodeliceto.it\/zeroweb\/index.php?rest_route=\/wp\/v2\/posts\/8081\/revisions\/8084"}],"wp:featuredmedia":[{"embeddable":true,"href":"http:\/\/www.prolocodeliceto.it\/zeroweb\/index.php?rest_route=\/wp\/v2\/media\/8082"}],"wp:attachment":[{"href":"http:\/\/www.prolocodeliceto.it\/zeroweb\/index.php?rest_route=%2Fwp%2Fv2%2Fmedia&parent=8081"}],"wp:term":[{"taxonomy":"category","embeddable":true,"href":"http:\/\/www.prolocodeliceto.it\/zeroweb\/index.php?rest_route=%2Fwp%2Fv2%2Fcategories&post=8081"},{"taxonomy":"post_tag","embeddable":true,"href":"http:\/\/www.prolocodeliceto.it\/zeroweb\/index.php?rest_route=%2Fwp%2Fv2%2Ftags&post=8081"}],"curies":[{"name":"wp","href":"https:\/\/api.w.org\/{rel}","templated":true}]}}