{"id":8077,"date":"2013-04-19T13:28:25","date_gmt":"2013-04-19T12:28:25","guid":{"rendered":"http:\/\/www.prolocodeliceto.it\/zeroweb\/?p=8077"},"modified":"2013-04-19T13:28:25","modified_gmt":"2013-04-19T12:28:25","slug":"le-locande-d-europa","status":"publish","type":"post","link":"http:\/\/www.prolocodeliceto.it\/zeroweb\/?p=8077","title":{"rendered":"LE LOCANDE D&#8217; EUROPA"},"content":{"rendered":"<p align=\"center\"><a href=\"http:\/\/www.prolocodeliceto.it\/zeroweb\/wp-content\/uploads\/conferenza-stampa-Locande-BARI.jpg\"><img decoding=\"async\" loading=\"lazy\" class=\"aligncenter size-full wp-image-8078\" title=\"conferenza stampa Locande BARI\" src=\"http:\/\/www.prolocodeliceto.it\/zeroweb\/wp-content\/uploads\/conferenza-stampa-Locande-BARI.jpg\" alt=\"\" width=\"448\" height=\"336\" srcset=\"http:\/\/www.prolocodeliceto.it\/zeroweb\/wp-content\/uploads\/conferenza-stampa-Locande-BARI.jpg 448w, http:\/\/www.prolocodeliceto.it\/zeroweb\/wp-content\/uploads\/conferenza-stampa-Locande-BARI-300x224.jpg 300w\" sizes=\"(max-width: 448px) 100vw, 448px\" \/><\/a><\/p>\n<p align=\"center\">COMUNICATO STAMPA<\/p>\n<p align=\"center\"><strong>Le Locande d\u2019Europa: si parte<\/strong><\/p>\n<p align=\"center\"><strong>Presentato a Bari il progetto di cooperazione. Previsto il 10 e 11 giugno il primo evento in Inghilterra<\/strong><\/p>\n<p align=\"center\">\n<p>Grande successo per la due giorni barese (17-18 aprile) dedicata al progetto di cooperazione transnazionale \u201cEuropean Country Inn &#8211; Tourism Development in Rural areas\u201d(Asse IV, mis. 421, PSR Puglia), meglio conosciuto come \u201cLe Locande d\u2019Europa\u201d. Presenti i 15 GAL partner di progetto, tra cui sette pugliesi (Meridaunia, Capo di Santa Maria Di Leuca, Colline Joniche, Daunofantino, Piana del Tavoliere, Terra Dei Trulli e del Barsento, Terre Di Murgia), uno campano (Cilento Regeneratio), uno abruzzese (Terre Aquilane), tre GAL sardi (Terre Shardane, Linas Campidano, Marmille), uno svedese (Leader Lappland), uno rumeno (Bucovina de Munte) ed uno della regione inglese dello Yorkshire (East Peak Innovation Partnership).<\/p>\n<p>Un momento di progettazione e di scambio, ma anche di rafforzamento di un gruppo di GAL che condivide un progetto ambizioso e lungimirante. L\u2019obiettivo \u00e8 quello di condividere e promuovere un modello di ospitalit\u00e0 rurale che possa dare impulso alle produzioni agroalimentari tipiche dei territori coinvolti, ma anche ad attivit\u00e0 quali l\u2019artigianato e il folklore. In una parola, i territori rurali stessi con l\u2019intero ventaglio di proposte per il visitatore\/turista.<\/p>\n<p>Durante la conferenza stampa, tenutasi dopo i lavori tecnici, i rappresentanti dei GAL hanno espresso la loro convinzione della validit\u00e0 del progetto Locande d\u2019Europa, uno strumento che, condiviso, porter\u00e0 vantaggi a tutti i territorio coinvolti.<\/p>\n<p>\u201cOggi parte un viaggio importante per i GAL del progetto Locande \u2013 ha affermato Alberto Casoria, presidente di Meridaunia, GAL capofila del progetto \u2013 un viaggio che ci porter\u00e0 a condividere con passione e forza l\u2019idea della promozione dei nostri territori attraverso le grandi potenzialit\u00e0 di cui tutti siamo dotati ma che spesso sono poco conosciute\u201d.<\/p>\n<p>Ed intanto \u00e8 gi\u00e0 pronto il primo evento di promozione previsto dal progetto, organizzato dall\u2019inglese GAL EPIP di Penistone, che si svolger\u00e0 il 10 e 11 giugno presso il suggestivo Wentworth Castle (<a href=\"http:\/\/www.wentworthcastle.org\/\">www.wentworthcastle.org<\/a>), nello Yorkshire (ad un centinaio di km da Manchester). Un appuntamento strutturato in workshop e scuole del gusto per favorire l\u2019incontro e il matching fra produzioni tipiche e offerte turistiche dai territori partner.<br \/>\n<em>In allegato un momento della conferenza stampa (\u00e8 possibile visionare l\u2019album completo sulla pagina FB del GAL Meridaunia) nella foto: Roberto Bianco (Gal Trulli e Barsento), Antonella Caggese (GAL Meridaunia), Carmine D&#8217;Alessandro (presidente GAL Cilento), Alberto Casoria (presidente GAL Meridaunia), Martin Brancfort (presidente GAL EPIP &#8211; EN), Laura Mariano (GAL Meridaunia), Leopold Sj\u00f6str\u00f6m del GAL Leader Lappland (Lapponia, Svezia),<\/em><\/p>\n<p>&nbsp;<\/p>\n<p>&nbsp;<\/p>\n<p>GAL MERIDAUNIA scarl<\/p>\n<p>Piazza Municipio, 2 &#8211; 71023 Bovino (FG)<\/p>\n<p>Tel. 0881.966557 \u2013 912007; fax: 0881.912921<\/p>\n<p><a href=\"http:\/\/www.meridaunia.it\/\">www.meridaunia.it<\/a>; <a href=\"mailto:info@meridaunia.it\">info@meridaunia.it<\/a><\/p>\n<p>su FB: GAL MERIDAUNIA<\/p>\n<p>&nbsp;<\/p>\n","protected":false},"excerpt":{"rendered":"<p>COMUNICATO STAMPA Le Locande d\u2019Europa: si parte Presentato a Bari il progetto di cooperazione. Previsto il 10 e 11 giugno il primo evento in Inghilterra Grande successo per la due giorni barese (17-18 aprile) dedicata al progetto di cooperazione transnazionale \u201cEuropean Country Inn &#8211; Tourism Development in Rural areas\u201d(Asse IV, mis. 421, PSR Puglia), meglio [&hellip;]<\/p>\n","protected":false},"author":29,"featured_media":8078,"comment_status":"open","ping_status":"open","sticky":false,"template":"","format":"standard","meta":[],"categories":[7],"tags":[],"_links":{"self":[{"href":"http:\/\/www.prolocodeliceto.it\/zeroweb\/index.php?rest_route=\/wp\/v2\/posts\/8077"}],"collection":[{"href":"http:\/\/www.prolocodeliceto.it\/zeroweb\/index.php?rest_route=\/wp\/v2\/posts"}],"about":[{"href":"http:\/\/www.prolocodeliceto.it\/zeroweb\/index.php?rest_route=\/wp\/v2\/types\/post"}],"author":[{"embeddable":true,"href":"http:\/\/www.prolocodeliceto.it\/zeroweb\/index.php?rest_route=\/wp\/v2\/users\/29"}],"replies":[{"embeddable":true,"href":"http:\/\/www.prolocodeliceto.it\/zeroweb\/index.php?rest_route=%2Fwp%2Fv2%2Fcomments&post=8077"}],"version-history":[{"count":2,"href":"http:\/\/www.prolocodeliceto.it\/zeroweb\/index.php?rest_route=\/wp\/v2\/posts\/8077\/revisions"}],"predecessor-version":[{"id":8080,"href":"http:\/\/www.prolocodeliceto.it\/zeroweb\/index.php?rest_route=\/wp\/v2\/posts\/8077\/revisions\/8080"}],"wp:featuredmedia":[{"embeddable":true,"href":"http:\/\/www.prolocodeliceto.it\/zeroweb\/index.php?rest_route=\/wp\/v2\/media\/8078"}],"wp:attachment":[{"href":"http:\/\/www.prolocodeliceto.it\/zeroweb\/index.php?rest_route=%2Fwp%2Fv2%2Fmedia&parent=8077"}],"wp:term":[{"taxonomy":"category","embeddable":true,"href":"http:\/\/www.prolocodeliceto.it\/zeroweb\/index.php?rest_route=%2Fwp%2Fv2%2Fcategories&post=8077"},{"taxonomy":"post_tag","embeddable":true,"href":"http:\/\/www.prolocodeliceto.it\/zeroweb\/index.php?rest_route=%2Fwp%2Fv2%2Ftags&post=8077"}],"curies":[{"name":"wp","href":"https:\/\/api.w.org\/{rel}","templated":true}]}}