{"id":783,"date":"2009-06-06T12:19:46","date_gmt":"2009-06-06T11:19:46","guid":{"rendered":"http:\/\/www.prolocodeliceto.it\/zeroweb\/?p=783"},"modified":"2009-06-06T20:34:56","modified_gmt":"2009-06-06T19:34:56","slug":"lunitre-va-in-pausa-estiva","status":"publish","type":"post","link":"http:\/\/www.prolocodeliceto.it\/zeroweb\/?p=783","title":{"rendered":"L&#8217;UNITRE VA IN PAUSA ESTIVA"},"content":{"rendered":"<h1 align=\"center\" style=\"margin: 0cm 0cm 0pt; text-align: center\"><span style=\"font-family: Verdana\"><font size=\"5\">L\u2019UNITRE VA IN PAUSA ESTIVA<\/font><\/span><\/h1>\n<p align=\"center\" style=\"margin: 0cm 0cm 0pt; text-align: center\" class=\"MsoNormal\"><strong><span style=\"font-size: 10pt; font-family: Verdana\"><\/span><\/strong><\/p>\n<p><span style=\"font-size: 10pt; font-family: Verdana\"><\/span><span style=\"font-size: 10pt; font-family: Verdana\"><span style=\"font-size: 10pt; font-family: Verdana\"><\/span><\/p>\n<p><\/span><span style=\"font-size: 10pt; font-family: Verdana\"><a href=\"http:\/\/www.prolocodeliceto.it\/zeroweb\/wp-content\/relatori2.jpg\" title=\"relatori2.jpg\"><img decoding=\"async\" loading=\"lazy\" width=\"120\" src=\"http:\/\/www.prolocodeliceto.it\/zeroweb\/wp-content\/relatori2.jpg\" alt=\"relatori2.jpg\" height=\"98\" style=\"width: 120px; height: 98px\" \/><\/a><\/span><span style=\"font-size: 10pt; font-family: Verdana\"><span style=\"font-size: 10pt; font-family: Verdana\">Tutto finisce. Ma a volte si tratta semplicemente di una pausa estiva. \u00c8 il caso della sede UNI3 di Deliceto che ieri, mercoled\u00ec 3 giugno, ha chiuso in bellezza il suo primo anno di attivit\u00e0.<\/span><span style=\"font-size: 10pt; font-family: Verdana\">La cerimonia di chiusura del primo Anno Accademico si \u00e8 svolta presso la Sala Europa alla presenza delle personalit\u00e0 di spicco del progetto: il sindaco Benvenuto Nigro, l\u2019assessore provinciale Antonio Montanino, il presidente della Pro-Loco di Deliceto Benvenuto Baldassarro, la direttrice dei corsi UNITRE Beatrice Inneo e la presidente UNITRE della sede di Foggia Rina Di Giorgio Cavaliere. <\/span><span style=\"font-size: 10pt; font-family: Verdana\">In doppia veste di moderatore e presidente UNITRE per la sede di Deliceto, Michele Campanaro che come al solito ha voluto ringraziare i corsisti e i docenti per la disponibilit\u00e0 e i risultati raggiunti.<\/span><span style=\"font-size: 10pt; font-family: Verdana\">Il sindaco Nigro e l\u2019assessore Montanino hanno espresso la loro ammirazione per come il progetto \u00e8 stato portato avanti e rinnovato i loro auguri per il prossimo anno, cos\u00ec come ha fatto il presidente della Pro-Loco Baldassarro, il quale ha detto di essere fiero del lavoro svolto dalla UNITRE, che pu\u00f2 essere quasi considerata, viste le sue origini, quasi una costola della Pro-Loco.<\/span><span style=\"font-size: 10pt; font-family: Verdana\">La direttrice dei corsi Beatrice Inneo ha poi esposto un breve relazione da cui \u00e8 risultato evidente come tutti gli obiettivi che l\u2019UNITRE si era posta siano stati realizzati e come l\u2019anno accademico sia stato ulteriormente arricchito da occasioni particolari come gli incontri del Sabato Culturale e il Corso di Primo Intervento realizzato in collaborazione con la C.R.I. sede di Foggia.<\/span><span style=\"font-size: 10pt; font-family: Verdana\">Che il progetto della UNITRE sia riuscito \u00e8 evidente soprattutto dalla reazione dei corsisti, tutti evidentemente davvero entusiasti di aver partecipato.<\/span><span style=\"font-size: 10pt; font-family: Verdana\">E di questo sono consapevoli anche gli organizzatori tanto che, tra le \u201ctarghe di ringraziamento\u201d di cui la Direttrice dei corsi ha voluto omaggiare gli ospiti, ce n\u2019era anche una dedicata a tutti i corsisti che recitava: \u201cGrazie di esserci\u201d.<\/span><span style=\"font-size: 10pt; font-family: Verdana\">La cerimonia \u00e8 continuata con la consegna degli Attestati di partecipazione ai docenti e ai corsisti.<\/span><span style=\"font-size: 10pt; font-family: Verdana\">Il momento conclusivo della serata \u00e8 stato affidato al gruppo teatrale Il Siparietto che ha piacevolmente e brillantemente intrattenuto i presenti con uno spettacolo di poesie intitolato \u201cAmori in versi\u201d.<\/span><span style=\"font-size: 10pt; font-family: Verdana\">Al termine la professoressa Rina Di Giorgio Cavaliere ha voluto rinnovare gli auguri per la riuscita del progetto: \u00abIo mi sono sentita come una mamma per questa neonata UNITRE &#8211; ha detto &#8211; ora avete imparato a camminare da soli e sono certa che andrete avanti benissimo\u00bb.<\/span><span style=\"font-size: 10pt; font-family: Verdana\">L\u2019augurio che resta da fare \u00e8 insomma quello di buone vacanze. L\u2019UNITRE ha ingranato la marcia e siamo certi che continuer\u00e0 cos\u00ec. Ci rivedremo senz\u2019altro il prossimo anno.<\/span><span style=\"font-size: 10pt; font-family: Verdana\"> <\/span><\/p>\n<p><\/span><strong><span style=\"font-size: 10pt; font-family: Verdana\">Antonella Catenazzo<\/span><\/strong><strong><span style=\"font-size: 10pt; font-family: Verdana\"> <\/span><\/strong><strong><span style=\"font-size: 10pt; font-family: Verdana\"><span style=\"font-size: 10pt; font-family: Verdana\">Nella foto da sin: Michele Campanaro, Benvenuto Baldassarro, Antonio Montanino, Rina Di Giorgio Cavaliere, Benvenuto Nigro, Inneo Beatrice <\/span><\/p>\n<p><\/span><\/strong><\/p>\n","protected":false},"excerpt":{"rendered":"<p>L\u2019UNITRE VA IN PAUSA ESTIVA Tutto finisce. Ma a volte si tratta semplicemente di una pausa estiva. \u00c8 il caso della sede UNI3 di Deliceto che ieri, mercoled\u00ec 3 giugno, ha chiuso in bellezza il suo primo anno di attivit\u00e0.La cerimonia di chiusura del primo Anno Accademico si \u00e8 svolta presso la Sala Europa alla [&hellip;]<\/p>\n","protected":false},"author":29,"featured_media":0,"comment_status":"open","ping_status":"open","sticky":false,"template":"","format":"standard","meta":[],"categories":[7],"tags":[],"_links":{"self":[{"href":"http:\/\/www.prolocodeliceto.it\/zeroweb\/index.php?rest_route=\/wp\/v2\/posts\/783"}],"collection":[{"href":"http:\/\/www.prolocodeliceto.it\/zeroweb\/index.php?rest_route=\/wp\/v2\/posts"}],"about":[{"href":"http:\/\/www.prolocodeliceto.it\/zeroweb\/index.php?rest_route=\/wp\/v2\/types\/post"}],"author":[{"embeddable":true,"href":"http:\/\/www.prolocodeliceto.it\/zeroweb\/index.php?rest_route=\/wp\/v2\/users\/29"}],"replies":[{"embeddable":true,"href":"http:\/\/www.prolocodeliceto.it\/zeroweb\/index.php?rest_route=%2Fwp%2Fv2%2Fcomments&post=783"}],"version-history":[{"count":0,"href":"http:\/\/www.prolocodeliceto.it\/zeroweb\/index.php?rest_route=\/wp\/v2\/posts\/783\/revisions"}],"wp:attachment":[{"href":"http:\/\/www.prolocodeliceto.it\/zeroweb\/index.php?rest_route=%2Fwp%2Fv2%2Fmedia&parent=783"}],"wp:term":[{"taxonomy":"category","embeddable":true,"href":"http:\/\/www.prolocodeliceto.it\/zeroweb\/index.php?rest_route=%2Fwp%2Fv2%2Fcategories&post=783"},{"taxonomy":"post_tag","embeddable":true,"href":"http:\/\/www.prolocodeliceto.it\/zeroweb\/index.php?rest_route=%2Fwp%2Fv2%2Ftags&post=783"}],"curies":[{"name":"wp","href":"https:\/\/api.w.org\/{rel}","templated":true}]}}