{"id":780,"date":"2009-06-03T23:16:36","date_gmt":"2009-06-03T22:16:36","guid":{"rendered":"http:\/\/www.prolocodeliceto.it\/zeroweb\/?p=780"},"modified":"2009-06-04T23:56:25","modified_gmt":"2009-06-04T22:56:25","slug":"lipab-g-e-s-bonuomo-informa","status":"publish","type":"post","link":"http:\/\/www.prolocodeliceto.it\/zeroweb\/?p=780","title":{"rendered":"L&#8217;IPAB G. e  S. Bonuomo Informa"},"content":{"rendered":"<p>Si comunica con viva soddisfazione alla cittadinanza di Deliceto che il progetto presentato dall&#8217;IPAB (Opera Pia Bonuomo) alla Regione Puglia \u00e8 stato approvato e ammesso a finanziamento per un&#8217;importo pari a \u20ac 1.130.000,00 (cofinanziamento Regione Puglia     \u20ac 1.000.000,00, finanziamento IPAB  G.e S. Bonuomo \u20ac 130.000,00), classificandosi al sesto posto della  graduatoria regionale (BURP n. 68 del 7-5-2009). Gli sforzi programmatici del consiglio di amministrazione e del suo presidente hanno avuto l&#8217;esito positivo auspicato. Finalmente la comunit\u00e0 di Deliceto potr\u00e0 vedere realizzato il sogno di avere una casa di riposo per anziani. La struttura &#8220;FUTURO SERENO&#8221;  sar\u00e0 dotata di circa 40 unit\u00e0,  posti letto residenziali, con ricezione per centro diurno (circa 60 unit\u00e0, pranzo, cena ed attivit\u00e0 socio-ricreative). Forte ricaduta occupazionle per la cittadinanza di Deliceto, con circa 40 figure professionali tra ausiliari di reparto, cucina, personale sanitario ed amministrativo.  <\/p>\n<p> Il Presidente dott. Antonio PALUMBO<\/p>\n","protected":false},"excerpt":{"rendered":"<p>Si comunica con viva soddisfazione alla cittadinanza di Deliceto che il progetto presentato dall&#8217;IPAB (Opera Pia Bonuomo) alla Regione Puglia \u00e8 stato approvato e ammesso a finanziamento per un&#8217;importo pari a \u20ac 1.130.000,00 (cofinanziamento Regione Puglia \u20ac 1.000.000,00, finanziamento IPAB G.e S. Bonuomo \u20ac 130.000,00), classificandosi al sesto posto della graduatoria regionale (BURP n. 68 [&hellip;]<\/p>\n","protected":false},"author":29,"featured_media":0,"comment_status":"open","ping_status":"open","sticky":false,"template":"","format":"standard","meta":[],"categories":[7],"tags":[],"_links":{"self":[{"href":"http:\/\/www.prolocodeliceto.it\/zeroweb\/index.php?rest_route=\/wp\/v2\/posts\/780"}],"collection":[{"href":"http:\/\/www.prolocodeliceto.it\/zeroweb\/index.php?rest_route=\/wp\/v2\/posts"}],"about":[{"href":"http:\/\/www.prolocodeliceto.it\/zeroweb\/index.php?rest_route=\/wp\/v2\/types\/post"}],"author":[{"embeddable":true,"href":"http:\/\/www.prolocodeliceto.it\/zeroweb\/index.php?rest_route=\/wp\/v2\/users\/29"}],"replies":[{"embeddable":true,"href":"http:\/\/www.prolocodeliceto.it\/zeroweb\/index.php?rest_route=%2Fwp%2Fv2%2Fcomments&post=780"}],"version-history":[{"count":0,"href":"http:\/\/www.prolocodeliceto.it\/zeroweb\/index.php?rest_route=\/wp\/v2\/posts\/780\/revisions"}],"wp:attachment":[{"href":"http:\/\/www.prolocodeliceto.it\/zeroweb\/index.php?rest_route=%2Fwp%2Fv2%2Fmedia&parent=780"}],"wp:term":[{"taxonomy":"category","embeddable":true,"href":"http:\/\/www.prolocodeliceto.it\/zeroweb\/index.php?rest_route=%2Fwp%2Fv2%2Fcategories&post=780"},{"taxonomy":"post_tag","embeddable":true,"href":"http:\/\/www.prolocodeliceto.it\/zeroweb\/index.php?rest_route=%2Fwp%2Fv2%2Ftags&post=780"}],"curies":[{"name":"wp","href":"https:\/\/api.w.org\/{rel}","templated":true}]}}