{"id":7627,"date":"2013-02-05T13:26:44","date_gmt":"2013-02-05T12:26:44","guid":{"rendered":"http:\/\/www.prolocodeliceto.it\/zeroweb\/?p=7627"},"modified":"2013-02-05T13:26:44","modified_gmt":"2013-02-05T12:26:44","slug":"attivo-lo-sportello-di-meridaunia-a-lucera","status":"publish","type":"post","link":"http:\/\/www.prolocodeliceto.it\/zeroweb\/?p=7627","title":{"rendered":"ATTIVO LO SPORTELLO DI MERIDAUNIA A LUCERA"},"content":{"rendered":"<p>&nbsp;<\/p>\n<p><a href=\"http:\/\/www.prolocodeliceto.it\/zeroweb\/wp-content\/uploads\/gal29.jpg\"><img decoding=\"async\" loading=\"lazy\" class=\"aligncenter size-full wp-image-7628\" title=\"gal\" src=\"http:\/\/www.prolocodeliceto.it\/zeroweb\/wp-content\/uploads\/gal29.jpg\" alt=\"\" width=\"225\" height=\"224\" srcset=\"http:\/\/www.prolocodeliceto.it\/zeroweb\/wp-content\/uploads\/gal29.jpg 225w, http:\/\/www.prolocodeliceto.it\/zeroweb\/wp-content\/uploads\/gal29-150x150.jpg 150w, http:\/\/www.prolocodeliceto.it\/zeroweb\/wp-content\/uploads\/gal29-184x184.jpg 184w, http:\/\/www.prolocodeliceto.it\/zeroweb\/wp-content\/uploads\/gal29-67x67.jpg 67w, http:\/\/www.prolocodeliceto.it\/zeroweb\/wp-content\/uploads\/gal29-130x130.jpg 130w, http:\/\/www.prolocodeliceto.it\/zeroweb\/wp-content\/uploads\/gal29-140x140.jpg 140w, http:\/\/www.prolocodeliceto.it\/zeroweb\/wp-content\/uploads\/gal29-200x200.jpg 200w\" sizes=\"(max-width: 225px) 100vw, 225px\" \/><\/a><\/p>\n<p align=\"center\"><strong>NEWSLETTER<\/strong><strong><br \/>\n<\/strong><strong>ATTIVO LO SPORTELLO DI MERIDAUNIA A LUCERA<\/strong><strong><br \/>\n<\/strong><strong>APERTO AL PUBBLICO IN VIA ZUPPETTA, 1 (PALAZZO NOCELLI)<\/strong><\/p>\n<p><strong><br \/>\nDa questa mattina \u00e8 in funzione lo sportello del GAL Meridaunia presso il Comune di Lucera, in via Zuppetta 1 (centro storico). Gestito dai collaboratori dei Meridaunia, lo sportello sar\u00e0 aperto al pubblico i <span style=\"text-decoration: underline;\">marted\u00ec, gioved\u00ec e venerd\u00ec<\/span> dalle ore 9 alle ore 13.30 e dalle 15 alle ore 18.30.<br \/>\n<em>Se hai un\u2019idea imprenditoriale, se c\u2019\u00e8 un bando attivo a sostegno delle imprese e ne vuoi sapere di pi\u00f9, se hai bisogno di un sostegno per un\u2019azione di promozione e\/o di progettazione, se vuoi conoscere gli strumenti a disposizione per fare sviluppo aziendale e territoriale, e tanti altri \u201cse\u201d, puoi rivolgerti allo sportello di Meridaunia dove troverai il personale del GAL pronto a orientarti e darti le giuste informazioni.<\/em><\/strong><em><br \/>\n<strong>TI ASPETTIAMO!<\/strong><strong><br \/>\n<\/strong><\/em><strong>Il funzionamento della sede storica di Bovino resta invariato (dal lun. al ven. \u2013 orari: 9-13.30; 15.30-19).<\/p>\n<p>Info SPORTELLO GAL di LUCERA<\/strong><\/p>\n<p><strong>Marted\u00ec, gioved\u00ec e venerd\u00ec; ORARI: 9-13.30; 15-18.30<\/strong><\/p>\n<p><strong>Tel. 0881. 1896313<\/strong><\/p>\n<p><strong>Su FB: Gal Meridaunia Sede Lucera<\/strong><\/p>\n<p>&nbsp;<\/p>\n<p>&nbsp;<\/p>\n<p>GAL MERIDAUNIA scarl<\/p>\n<p>Piazza Municipio, 2 &#8211; 71023 Bovino (FG)<\/p>\n<p>Tel. 0881.966557 \u2013 912007; fax: 0881.912921<\/p>\n<p><a href=\"http:\/\/www.meridaunia.it\/\">www.meridaunia.it<\/a>; <a href=\"mailto:info@meridaunia.it\">info@meridaunia.it<\/a><\/p>\n<p>su FB: GAL MERIDAUNIA<\/p>\n<p>&nbsp;<\/p>\n","protected":false},"excerpt":{"rendered":"<p>&nbsp; NEWSLETTER ATTIVO LO SPORTELLO DI MERIDAUNIA A LUCERA APERTO AL PUBBLICO IN VIA ZUPPETTA, 1 (PALAZZO NOCELLI) Da questa mattina \u00e8 in funzione lo sportello del GAL Meridaunia presso il Comune di Lucera, in via Zuppetta 1 (centro storico). Gestito dai collaboratori dei Meridaunia, lo sportello sar\u00e0 aperto al pubblico i marted\u00ec, gioved\u00ec e [&hellip;]<\/p>\n","protected":false},"author":29,"featured_media":7628,"comment_status":"open","ping_status":"open","sticky":false,"template":"","format":"standard","meta":[],"categories":[7],"tags":[],"_links":{"self":[{"href":"http:\/\/www.prolocodeliceto.it\/zeroweb\/index.php?rest_route=\/wp\/v2\/posts\/7627"}],"collection":[{"href":"http:\/\/www.prolocodeliceto.it\/zeroweb\/index.php?rest_route=\/wp\/v2\/posts"}],"about":[{"href":"http:\/\/www.prolocodeliceto.it\/zeroweb\/index.php?rest_route=\/wp\/v2\/types\/post"}],"author":[{"embeddable":true,"href":"http:\/\/www.prolocodeliceto.it\/zeroweb\/index.php?rest_route=\/wp\/v2\/users\/29"}],"replies":[{"embeddable":true,"href":"http:\/\/www.prolocodeliceto.it\/zeroweb\/index.php?rest_route=%2Fwp%2Fv2%2Fcomments&post=7627"}],"version-history":[{"count":1,"href":"http:\/\/www.prolocodeliceto.it\/zeroweb\/index.php?rest_route=\/wp\/v2\/posts\/7627\/revisions"}],"predecessor-version":[{"id":7629,"href":"http:\/\/www.prolocodeliceto.it\/zeroweb\/index.php?rest_route=\/wp\/v2\/posts\/7627\/revisions\/7629"}],"wp:featuredmedia":[{"embeddable":true,"href":"http:\/\/www.prolocodeliceto.it\/zeroweb\/index.php?rest_route=\/wp\/v2\/media\/7628"}],"wp:attachment":[{"href":"http:\/\/www.prolocodeliceto.it\/zeroweb\/index.php?rest_route=%2Fwp%2Fv2%2Fmedia&parent=7627"}],"wp:term":[{"taxonomy":"category","embeddable":true,"href":"http:\/\/www.prolocodeliceto.it\/zeroweb\/index.php?rest_route=%2Fwp%2Fv2%2Fcategories&post=7627"},{"taxonomy":"post_tag","embeddable":true,"href":"http:\/\/www.prolocodeliceto.it\/zeroweb\/index.php?rest_route=%2Fwp%2Fv2%2Ftags&post=7627"}],"curies":[{"name":"wp","href":"https:\/\/api.w.org\/{rel}","templated":true}]}}