{"id":7599,"date":"2013-01-23T13:20:20","date_gmt":"2013-01-23T12:20:20","guid":{"rendered":"http:\/\/www.prolocodeliceto.it\/zeroweb\/?p=7599"},"modified":"2013-01-24T13:23:03","modified_gmt":"2013-01-24T12:23:03","slug":"a-lucera-uno-sportello-del-gal-meridaunia","status":"publish","type":"post","link":"http:\/\/www.prolocodeliceto.it\/zeroweb\/?p=7599","title":{"rendered":"A LUCERA UNO SPORTELLO DEL GAL MERIDAUNIA"},"content":{"rendered":"<p><a href=\"http:\/\/www.prolocodeliceto.it\/zeroweb\/wp-content\/uploads\/gal28.jpg\"><img decoding=\"async\" loading=\"lazy\" class=\"aligncenter size-full wp-image-7600\" title=\"gal\" src=\"http:\/\/www.prolocodeliceto.it\/zeroweb\/wp-content\/uploads\/gal28.jpg\" alt=\"\" width=\"225\" height=\"224\" srcset=\"http:\/\/www.prolocodeliceto.it\/zeroweb\/wp-content\/uploads\/gal28.jpg 225w, http:\/\/www.prolocodeliceto.it\/zeroweb\/wp-content\/uploads\/gal28-150x150.jpg 150w, http:\/\/www.prolocodeliceto.it\/zeroweb\/wp-content\/uploads\/gal28-184x184.jpg 184w, http:\/\/www.prolocodeliceto.it\/zeroweb\/wp-content\/uploads\/gal28-67x67.jpg 67w, http:\/\/www.prolocodeliceto.it\/zeroweb\/wp-content\/uploads\/gal28-130x130.jpg 130w, http:\/\/www.prolocodeliceto.it\/zeroweb\/wp-content\/uploads\/gal28-140x140.jpg 140w, http:\/\/www.prolocodeliceto.it\/zeroweb\/wp-content\/uploads\/gal28-200x200.jpg 200w\" sizes=\"(max-width: 225px) 100vw, 225px\" \/><\/a><\/p>\n<p align=\"center\"><strong><\/strong>\u00a0<\/p>\n<p align=\"center\"><strong>NEWSLETTER<\/strong><\/p>\n<p align=\"center\"><strong>A LUCERA UNO SPORTELLO DEL GAL MERIDAUNIA<br \/>\nAttivo da marted\u00ec 5 febbraio, nel cuore del centro federiciano<\/strong><\/p>\n<p>&nbsp;<\/p>\n<p><strong>A partire da marted\u00ec 5 febbraio 2013, uno sportello del GAL Meridaunia sar\u00e0 aperto al pubblico tutti i marted\u00ec, gioved\u00ec e venerd\u00ec dalle ore 9 alle ore 13.30 e dalle 15 alle ore 18.30 nella nuova sede ubicata nel centro storico di Lucera, in via Luigi Zuppetta n. 5 (palazzo Nocelli).<\/strong><\/p>\n<p><strong>La scelta di attivare un ufficio nel Comune di Lucera \u00e8 motivata dalla necessit\u00e0 di dare riposta alle richieste delle comunit\u00e0 dei Comuni dell\u2019area Nord dei Monti Dauni e di Lucera in merito ad un\u2019interfaccia GAL logisticamente pi\u00f9 raggiungibile rispetto alla storica sede di Bovino, evidentemente distante dai Comuni settentrionali. Il funzionamento della sede storica di Bovino resta invariato (dal lun. al ven. \u2013 orari: 9-13.30; 15-18.30).<\/p>\n<p><em>Se hai un\u2019idea imprenditoriale, se c\u2019\u00e8 un bando attivo a sostegno delle imprese e ne vuoi sapere di pi\u00f9, se hai bisogno di un sostegno per un\u2019azione di promozione e\/o di progettazione, se vuoi conoscere gli strumenti a disposizione per fare sviluppo aziendale e territoriale, e tanti altri \u201cse\u201d, puoi rivolgerti allo sportello di Meridaunia dove troverai il personale del GAL pronto a orientarti e darti le giuste informazioni.<\/em><\/strong><em><br \/>\n<strong>TI ASPETTIAMO!<\/strong><\/em><\/p>\n<p><em><br \/>\n<\/em><strong>Info SPORTELLO GAL di LUCERA<\/strong><\/p>\n<p><strong>Marted\u00ec, gioved\u00ec e venerd\u00ec; ORARI: 9-13.30; 15-18.30<\/strong><\/p>\n<p><strong>Tel. 0881. 1896313<\/strong><\/p>\n<p><strong>Su FB: Gal Meridaunia Sede Lucera<\/strong><\/p>\n<p>&nbsp;<\/p>\n","protected":false},"excerpt":{"rendered":"<p>\u00a0 NEWSLETTER A LUCERA UNO SPORTELLO DEL GAL MERIDAUNIA Attivo da marted\u00ec 5 febbraio, nel cuore del centro federiciano &nbsp; A partire da marted\u00ec 5 febbraio 2013, uno sportello del GAL Meridaunia sar\u00e0 aperto al pubblico tutti i marted\u00ec, gioved\u00ec e venerd\u00ec dalle ore 9 alle ore 13.30 e dalle 15 alle ore 18.30 nella [&hellip;]<\/p>\n","protected":false},"author":29,"featured_media":7600,"comment_status":"open","ping_status":"open","sticky":false,"template":"","format":"standard","meta":[],"categories":[7],"tags":[],"_links":{"self":[{"href":"http:\/\/www.prolocodeliceto.it\/zeroweb\/index.php?rest_route=\/wp\/v2\/posts\/7599"}],"collection":[{"href":"http:\/\/www.prolocodeliceto.it\/zeroweb\/index.php?rest_route=\/wp\/v2\/posts"}],"about":[{"href":"http:\/\/www.prolocodeliceto.it\/zeroweb\/index.php?rest_route=\/wp\/v2\/types\/post"}],"author":[{"embeddable":true,"href":"http:\/\/www.prolocodeliceto.it\/zeroweb\/index.php?rest_route=\/wp\/v2\/users\/29"}],"replies":[{"embeddable":true,"href":"http:\/\/www.prolocodeliceto.it\/zeroweb\/index.php?rest_route=%2Fwp%2Fv2%2Fcomments&post=7599"}],"version-history":[{"count":1,"href":"http:\/\/www.prolocodeliceto.it\/zeroweb\/index.php?rest_route=\/wp\/v2\/posts\/7599\/revisions"}],"predecessor-version":[{"id":7601,"href":"http:\/\/www.prolocodeliceto.it\/zeroweb\/index.php?rest_route=\/wp\/v2\/posts\/7599\/revisions\/7601"}],"wp:featuredmedia":[{"embeddable":true,"href":"http:\/\/www.prolocodeliceto.it\/zeroweb\/index.php?rest_route=\/wp\/v2\/media\/7600"}],"wp:attachment":[{"href":"http:\/\/www.prolocodeliceto.it\/zeroweb\/index.php?rest_route=%2Fwp%2Fv2%2Fmedia&parent=7599"}],"wp:term":[{"taxonomy":"category","embeddable":true,"href":"http:\/\/www.prolocodeliceto.it\/zeroweb\/index.php?rest_route=%2Fwp%2Fv2%2Fcategories&post=7599"},{"taxonomy":"post_tag","embeddable":true,"href":"http:\/\/www.prolocodeliceto.it\/zeroweb\/index.php?rest_route=%2Fwp%2Fv2%2Ftags&post=7599"}],"curies":[{"name":"wp","href":"https:\/\/api.w.org\/{rel}","templated":true}]}}