{"id":7586,"date":"2013-01-17T10:39:03","date_gmt":"2013-01-17T09:39:03","guid":{"rendered":"http:\/\/www.prolocodeliceto.it\/zeroweb\/?p=7586"},"modified":"2013-01-17T10:39:03","modified_gmt":"2013-01-17T09:39:03","slug":"gli-italiani-di-crimea","status":"publish","type":"post","link":"http:\/\/www.prolocodeliceto.it\/zeroweb\/?p=7586","title":{"rendered":"GLI ITALIANI DI CRIMEA"},"content":{"rendered":"<p align=\"center\">\n<p align=\"center\"><a href=\"http:\/\/www.prolocodeliceto.it\/zeroweb\/wp-content\/uploads\/Invito.jpg\"><img decoding=\"async\" loading=\"lazy\" class=\"aligncenter size-full wp-image-7587\" title=\"Invito\" src=\"http:\/\/www.prolocodeliceto.it\/zeroweb\/wp-content\/uploads\/Invito.jpg\" alt=\"\" width=\"595\" height=\"502\" srcset=\"http:\/\/www.prolocodeliceto.it\/zeroweb\/wp-content\/uploads\/Invito.jpg 595w, http:\/\/www.prolocodeliceto.it\/zeroweb\/wp-content\/uploads\/Invito-300x253.jpg 300w\" sizes=\"(max-width: 595px) 100vw, 595px\" \/><\/a><\/p>\n<p align=\"center\"><a href=\"http:\/\/italiaexpress.wordpress.com\/2013\/01\/08\/gli-italiani-di-crimea-alla-provincia-di-milano-presentazione-del-libro-con-nuovi-documenti-e-testimonianze-sulla-deportazione-e-lo-sterminio-sabato-26-gennaio-ore-1700-sala-affreschi-corso-monfor\/\"><strong>GLI ITALIANI DI CRIMEA<\/strong><\/a><\/p>\n<p align=\"center\"><strong>Presentazione del libro con nuovi documenti e testimonianze sulla deportazione e lo sterminio, Sabato 26 gennaio ore 17,00 Sala Affreschi, Corso Monforte 35 \u2013 Milano<\/strong><\/p>\n<div>\n<p><strong>Della tragedia degli Italiani di Crimea se ne parler\u00e0 alla Provincia di Milano, in corso Monforte 35, il 26 gennaio con la presentazione del libro dal titolo \u201cGLI ITALIANI DI CRIMEA Nuovi documenti e testimonianze sulla deportazione e lo sterminio.\u201d <\/strong>Il libro \u00e8 stato realizzato a cura del prof. Giulio Vignoli, docente di diritto internazionale alla Universit\u00e0 di Genova, che ha il merito di aver scoperto questa comunit\u00e0 circa 30 anni fa e di aver denunciato il disinteresse mostrato dalle nostre Istituzioni nei loro confronti, un disinteresse che nonostante le numerose attivit\u00e0 di studiosi e di Associazioni, fra cui l\u2019Associazione Regionale Pugliesi di Milano, che ha organizzato un convegno, una cerimonia per ricordare i 70 anni dalla deportazione l\u2019invio di una delegazione a Kerch il 29 gennaio dell\u2019anno scorso e favorito la presenza di alcuni discendenti dei sopravissuti alla \u201cfesta del ritorno\u201d svoltasi l\u2019estate scorsa a Bisceglie (Bt)<\/p>\n<\/div>\n<div>\n<p>I fatti narrati accadevano dopo pi\u00f9 di 100 anni dai primi movimenti di emigrazione che avevano portato agli inizi dell\u2019800, per lo pi\u00f9 dalle sponde pugliesi di Bari, Trani, Bisceglie e Molfetta, pescatori e contadini in Crimea, tolta dagli zar ai turchi e bisognosa di ripopolazione. Oggi la comunit\u00e0 italiana di Crimea, ridotta ormai a circa 300 componenti, una pallida idea di quella di un tempo ben inserita nel corpo sociale di Kerch, che era giunta a contare pi\u00f9 di 5000 abitanti e che era stata in grado di costruire una chiesa cattolica, ancora oggi utilizzata, e una scuola e contava professionisti e impresari nelle attivit\u00e0 della navigazione e nella industria conserviera. Le famiglie che vivevano a Kerch si chiamavano De Martino, De Cilis, De Lerno, De Doglio, De Pinda, De Fonso, Di Piero, Biocino, Budani, Bruno, Giachetti, Evangelista, Cassanelli, Puppo, Croce, Carboni, Logoluso, Nenni, Simone, Spadoni, Scalerino, Scuccimarro, Parenti, Pergolo, Mafioni, Fabiano, Porcelli, Pleotino<\/p>\n<\/div>\n<p>Gli &#8220;italiani di Crimea&#8221; hanno manifestato un vivo desiderio di recuperare i legami con la terra dei padri. Nonostante il tempo trascorso, le generazioni susseguitesi, mantengono una forte identit\u00e0 nazionale che \u00e8 costata loro incredibili sofferenze. Ma questa comunit\u00e0, notevolmente ridotta dalle persecuzioni del regime sovietico di Stalin, \u00e8 stata dimenticata dal paese di provenienza, contrariamente a quanto avvenuto per comunit\u00e0 italiane di altre nazioni, che hanno beneficiato di varie forme di sostegno e riconoscimento.<\/p>\n<p>&nbsp;<\/p>\n<p><strong>Un appuntamento questo, al quale Vi invitiamo, per conoscere e mantenere vivo il legame con questi italiani dimenticati.<\/strong><\/p>\n<p>&nbsp;<\/p>\n<p><strong>Ingresso libero, invito estendibile.<\/strong><\/p>\n<p>&nbsp;<\/p>\n","protected":false},"excerpt":{"rendered":"<p>GLI ITALIANI DI CRIMEA Presentazione del libro con nuovi documenti e testimonianze sulla deportazione e lo sterminio, Sabato 26 gennaio ore 17,00 Sala Affreschi, Corso Monforte 35 \u2013 Milano Della tragedia degli Italiani di Crimea se ne parler\u00e0 alla Provincia di Milano, in corso Monforte 35, il 26 gennaio con la presentazione del libro dal [&hellip;]<\/p>\n","protected":false},"author":29,"featured_media":7587,"comment_status":"open","ping_status":"open","sticky":false,"template":"","format":"standard","meta":[],"categories":[7],"tags":[],"_links":{"self":[{"href":"http:\/\/www.prolocodeliceto.it\/zeroweb\/index.php?rest_route=\/wp\/v2\/posts\/7586"}],"collection":[{"href":"http:\/\/www.prolocodeliceto.it\/zeroweb\/index.php?rest_route=\/wp\/v2\/posts"}],"about":[{"href":"http:\/\/www.prolocodeliceto.it\/zeroweb\/index.php?rest_route=\/wp\/v2\/types\/post"}],"author":[{"embeddable":true,"href":"http:\/\/www.prolocodeliceto.it\/zeroweb\/index.php?rest_route=\/wp\/v2\/users\/29"}],"replies":[{"embeddable":true,"href":"http:\/\/www.prolocodeliceto.it\/zeroweb\/index.php?rest_route=%2Fwp%2Fv2%2Fcomments&post=7586"}],"version-history":[{"count":2,"href":"http:\/\/www.prolocodeliceto.it\/zeroweb\/index.php?rest_route=\/wp\/v2\/posts\/7586\/revisions"}],"predecessor-version":[{"id":7589,"href":"http:\/\/www.prolocodeliceto.it\/zeroweb\/index.php?rest_route=\/wp\/v2\/posts\/7586\/revisions\/7589"}],"wp:featuredmedia":[{"embeddable":true,"href":"http:\/\/www.prolocodeliceto.it\/zeroweb\/index.php?rest_route=\/wp\/v2\/media\/7587"}],"wp:attachment":[{"href":"http:\/\/www.prolocodeliceto.it\/zeroweb\/index.php?rest_route=%2Fwp%2Fv2%2Fmedia&parent=7586"}],"wp:term":[{"taxonomy":"category","embeddable":true,"href":"http:\/\/www.prolocodeliceto.it\/zeroweb\/index.php?rest_route=%2Fwp%2Fv2%2Fcategories&post=7586"},{"taxonomy":"post_tag","embeddable":true,"href":"http:\/\/www.prolocodeliceto.it\/zeroweb\/index.php?rest_route=%2Fwp%2Fv2%2Ftags&post=7586"}],"curies":[{"name":"wp","href":"https:\/\/api.w.org\/{rel}","templated":true}]}}