{"id":7580,"date":"2013-01-15T22:42:16","date_gmt":"2013-01-15T21:42:16","guid":{"rendered":"http:\/\/www.prolocodeliceto.it\/zeroweb\/?p=7580"},"modified":"2013-01-15T22:43:24","modified_gmt":"2013-01-15T21:43:24","slug":"cari-amici","status":"publish","type":"post","link":"http:\/\/www.prolocodeliceto.it\/zeroweb\/?p=7580","title":{"rendered":"CARI AMICI&#8230;"},"content":{"rendered":"<p>&nbsp;<\/p>\n<p>\u00a0<a href=\"http:\/\/www.prolocodeliceto.it\/zeroweb\/wp-content\/uploads\/Pro-Loco-Deliceto4.jpg\"><img decoding=\"async\" loading=\"lazy\" class=\"aligncenter  wp-image-7583\" title=\"Pro Loco Deliceto\" src=\"http:\/\/www.prolocodeliceto.it\/zeroweb\/wp-content\/uploads\/Pro-Loco-Deliceto4.jpg\" alt=\"\" width=\"217\" height=\"325\" \/><\/a><\/p>\n<p>Cari amici,<\/p>\n<p>sono trascorsi ben 44 anni dal lontano Febbraio \u201969, anno di costituzione della Pro Loco di Deliceto. Tante sono state le iniziative intraprese, molte di queste hanno raggiunto livelli promozionali di un certo spessore, e, di ci\u00f2 ne siamo veramente fieri.<\/p>\n<p>Dal 1 Gennaio, si \u00e8 aperto il nuovo anno associativo. Desideriamo ringraziare i tanti concittadini che hanno voluto fin qui sostenerci tesserandosi all\u2019Associazione e quanti stanno provvedendo.<\/p>\n<p>Con la presente, vogliamo invitare tutti i nostri simpatizzanti, i collaboratori, i promotori e gli estimatori a compiere questo semplice gesto, che rappresenta la forma migliore per l\u2019auto-finanziamento della Pro Loco. Infatti, anche nello scorso anno, grazie al Vostro sostegno, siamo riusciti a coprire alcune spese per la stampa promozionale, per l\u2019organizzazione di convegni e per la gestione del Sito Internet.<\/p>\n<p>Tutto questo \u00e8 fondamentale per un\u2019 Associazione.<\/p>\n<p><em><strong>La Card 2013 ha validit\u00e0 annuale e permette ai possessori di godere di importanti vantaggi, agevolazioni e sconti a livello nazionale, regionale e locale, viene consegnata con un contributo di \u20ac 20,00. Pu\u00f2 essere ritirata presso la sede in Corso Regina Margherita,57 a Deliceto<\/strong><\/em><strong>.<\/strong><strong><br \/>\n<\/strong>Con l\u2019adesione associativa, \u00e8 possibile partecipare alle <strong>nostre riunioni<\/strong>, alle assemblee dei soci, proporre e suggerire iniziative, essere partecipi alla vita associativa. Come detto il tesseramento \u00e8 la linfa vitale di una Associazione, che ci sorregge, per poter continuare a salvaguardare la cultura, la natura, la storia le tradizioni, il territorio a cui siamo legati. Grazie al tesseramento, anche il socio contribuisce alla promozione e allo sviluppo del nostro amato paese. Affinch\u00e9 la nostra missione possa continuare in maniera sempre pi\u00f9 proficua per il territorio e la comunit\u00e0, affinch\u00e9 possano essere compiuti gli obiettivi che ci siamo prefissati anche per quest\u2019anno, Vi invitiamo tutti a sostenere i nostri sforzi.<strong> <\/strong><\/p>\n<p>Grazie.<\/p>\n<p><em><strong>Il Presidente <\/strong><\/em><\/p>\n<p><strong>Benvenuto Baldassarro<\/strong><\/p>\n<p>&nbsp;<\/p>\n","protected":false},"excerpt":{"rendered":"<p>&nbsp; \u00a0 Cari amici, sono trascorsi ben 44 anni dal lontano Febbraio \u201969, anno di costituzione della Pro Loco di Deliceto. Tante sono state le iniziative intraprese, molte di queste hanno raggiunto livelli promozionali di un certo spessore, e, di ci\u00f2 ne siamo veramente fieri. Dal 1 Gennaio, si \u00e8 aperto il nuovo anno associativo. [&hellip;]<\/p>\n","protected":false},"author":29,"featured_media":7581,"comment_status":"open","ping_status":"open","sticky":false,"template":"","format":"standard","meta":[],"categories":[7],"tags":[],"_links":{"self":[{"href":"http:\/\/www.prolocodeliceto.it\/zeroweb\/index.php?rest_route=\/wp\/v2\/posts\/7580"}],"collection":[{"href":"http:\/\/www.prolocodeliceto.it\/zeroweb\/index.php?rest_route=\/wp\/v2\/posts"}],"about":[{"href":"http:\/\/www.prolocodeliceto.it\/zeroweb\/index.php?rest_route=\/wp\/v2\/types\/post"}],"author":[{"embeddable":true,"href":"http:\/\/www.prolocodeliceto.it\/zeroweb\/index.php?rest_route=\/wp\/v2\/users\/29"}],"replies":[{"embeddable":true,"href":"http:\/\/www.prolocodeliceto.it\/zeroweb\/index.php?rest_route=%2Fwp%2Fv2%2Fcomments&post=7580"}],"version-history":[{"count":3,"href":"http:\/\/www.prolocodeliceto.it\/zeroweb\/index.php?rest_route=\/wp\/v2\/posts\/7580\/revisions"}],"predecessor-version":[{"id":7585,"href":"http:\/\/www.prolocodeliceto.it\/zeroweb\/index.php?rest_route=\/wp\/v2\/posts\/7580\/revisions\/7585"}],"wp:featuredmedia":[{"embeddable":true,"href":"http:\/\/www.prolocodeliceto.it\/zeroweb\/index.php?rest_route=\/wp\/v2\/media\/7581"}],"wp:attachment":[{"href":"http:\/\/www.prolocodeliceto.it\/zeroweb\/index.php?rest_route=%2Fwp%2Fv2%2Fmedia&parent=7580"}],"wp:term":[{"taxonomy":"category","embeddable":true,"href":"http:\/\/www.prolocodeliceto.it\/zeroweb\/index.php?rest_route=%2Fwp%2Fv2%2Fcategories&post=7580"},{"taxonomy":"post_tag","embeddable":true,"href":"http:\/\/www.prolocodeliceto.it\/zeroweb\/index.php?rest_route=%2Fwp%2Fv2%2Ftags&post=7580"}],"curies":[{"name":"wp","href":"https:\/\/api.w.org\/{rel}","templated":true}]}}